{"id":51,"date":"2025-10-21T19:21:34","date_gmt":"2025-10-21T17:21:34","guid":{"rendered":"\/sedeta2026\/?p=51"},"modified":"2025-10-21T19:21:34","modified_gmt":"2025-10-21T17:21:34","slug":"qui-som","status":"publish","type":"post","link":"\/sedeta2026\/qui-som\/","title":{"rendered":"Qui som?"},"content":{"rendered":"\n<p class=\"wp-block-paragraph\">Aquest any som 15 alumnes. Ens diem Noa Arnal, Ferran Basallote, Paula Canal, Luis Castillo, Anabel Chaparro, Sara Collazos, Laura Don\u00e9s, Natally Gald\u00e1mez, Miya Piskunova, Lia P\u00e9rez, Ona Palau, Bernat Rossell\u00f3, Ariana Rivas, Ona Roses i Zoe Sharp. <\/p>\n\n\n\n<p class=\"wp-block-paragraph\">Els nostres professors son l&#8217;Albert Bassas i la S\u00edlvia Masd\u00e9u.<\/p>\n\n\n\n<figure class=\"wp-block-image size-large\"><img loading=\"lazy\" decoding=\"async\" width=\"1024\" height=\"768\" src=\"\/sedeta2026\/wp-content\/uploads\/2025\/10\/IMG_0245-2-1024x768.jpg\" alt=\"\" class=\"wp-image-55\" srcset=\"\/sedeta2026\/wp-content\/uploads\/2025\/10\/IMG_0245-2-1024x768.jpg 1024w, \/sedeta2026\/wp-content\/uploads\/2025\/10\/IMG_0245-2-300x225.jpg 300w, \/sedeta2026\/wp-content\/uploads\/2025\/10\/IMG_0245-2-768x576.jpg 768w, \/sedeta2026\/wp-content\/uploads\/2025\/10\/IMG_0245-2-1536x1152.jpg 1536w, \/sedeta2026\/wp-content\/uploads\/2025\/10\/IMG_0245-2-2048x1536.jpg 2048w\" sizes=\"auto, (max-width: 767px) 89vw, (max-width: 1000px) 54vw, (max-width: 1071px) 543px, 580px\" \/><\/figure>\n\n\n\n<p class=\"wp-block-paragraph\">Hem creat els nostres propis diaris per deixar const\u00e0ncia de la nostra experi\u00e8ncia.<\/p>\n\n\n\n<figure class=\"wp-block-image size-large\"><img loading=\"lazy\" decoding=\"async\" width=\"769\" height=\"1024\" src=\"\/sedeta2026\/wp-content\/uploads\/2025\/10\/Diaris-769x1024.jpg\" alt=\"\" class=\"wp-image-52\" srcset=\"\/sedeta2026\/wp-content\/uploads\/2025\/10\/Diaris-769x1024.jpg 769w, \/sedeta2026\/wp-content\/uploads\/2025\/10\/Diaris-225x300.jpg 225w, \/sedeta2026\/wp-content\/uploads\/2025\/10\/Diaris-768x1023.jpg 768w, \/sedeta2026\/wp-content\/uploads\/2025\/10\/Diaris-1153x1536.jpg 1153w, \/sedeta2026\/wp-content\/uploads\/2025\/10\/Diaris-1538x2048.jpg 1538w, \/sedeta2026\/wp-content\/uploads\/2025\/10\/Diaris-scaled.jpg 1922w\" sizes=\"auto, (max-width: 767px) 89vw, (max-width: 1000px) 54vw, (max-width: 1071px) 543px, 580px\" \/><\/figure>\n\n\n\n<p class=\"wp-block-paragraph\">Aqu\u00ed alguns dels resultats de les nostres primeres incursions en el que significa proc\u00e9s de creaci\u00f3&#8230;sabem que la Mar i el Javi treballen al voltant del SO i el MOVIMENT, i aquestes s\u00f3n les paraules que relacionem amb aquest punt de partida.<\/p>\n\n\n\n<figure class=\"wp-block-image size-large\"><img loading=\"lazy\" decoding=\"async\" width=\"1024\" height=\"576\" src=\"\/sedeta2026\/wp-content\/uploads\/2025\/10\/IMG-20251007-WA0015-1024x576.jpeg\" alt=\"\" class=\"wp-image-56\" srcset=\"\/sedeta2026\/wp-content\/uploads\/2025\/10\/IMG-20251007-WA0015-1024x576.jpeg 1024w, \/sedeta2026\/wp-content\/uploads\/2025\/10\/IMG-20251007-WA0015-300x169.jpeg 300w, \/sedeta2026\/wp-content\/uploads\/2025\/10\/IMG-20251007-WA0015-768x432.jpeg 768w, \/sedeta2026\/wp-content\/uploads\/2025\/10\/IMG-20251007-WA0015-1536x864.jpeg 1536w, \/sedeta2026\/wp-content\/uploads\/2025\/10\/IMG-20251007-WA0015-2048x1152.jpeg 2048w\" sizes=\"auto, (max-width: 767px) 89vw, (max-width: 1000px) 54vw, (max-width: 1071px) 543px, 580px\" \/><\/figure>\n\n\n\n<figure class=\"wp-block-gallery has-nested-images columns-default is-cropped wp-block-gallery-1 is-layout-flex wp-block-gallery-is-layout-flex\">\n<figure class=\"wp-block-image size-large\"><img loading=\"lazy\" decoding=\"async\" width=\"1024\" height=\"461\" data-id=\"60\" src=\"\/sedeta2026\/wp-content\/uploads\/2025\/10\/Mentimeter-SO-edited-1024x461.jpg\" alt=\"\" class=\"wp-image-60\" srcset=\"\/sedeta2026\/wp-content\/uploads\/2025\/10\/Mentimeter-SO-edited-1024x461.jpg 1024w, \/sedeta2026\/wp-content\/uploads\/2025\/10\/Mentimeter-SO-edited-300x135.jpg 300w, \/sedeta2026\/wp-content\/uploads\/2025\/10\/Mentimeter-SO-edited-768x346.jpg 768w, \/sedeta2026\/wp-content\/uploads\/2025\/10\/Mentimeter-SO-edited-1536x691.jpg 1536w, \/sedeta2026\/wp-content\/uploads\/2025\/10\/Mentimeter-SO-edited.jpg 1875w\" sizes=\"auto, (max-width: 767px) 89vw, (max-width: 1000px) 54vw, (max-width: 1071px) 543px, 580px\" \/><\/figure>\n\n\n\n<figure class=\"wp-block-image size-large\"><img loading=\"lazy\" decoding=\"async\" width=\"1983\" height=\"893\" data-id=\"62\" src=\"\/sedeta2026\/wp-content\/uploads\/2025\/10\/Mentimeter-MOVIMENT-edited.jpg\" alt=\"\" class=\"wp-image-62\" srcset=\"\/sedeta2026\/wp-content\/uploads\/2025\/10\/Mentimeter-MOVIMENT-edited.jpg 1983w, \/sedeta2026\/wp-content\/uploads\/2025\/10\/Mentimeter-MOVIMENT-edited-300x135.jpg 300w, \/sedeta2026\/wp-content\/uploads\/2025\/10\/Mentimeter-MOVIMENT-edited-1024x461.jpg 1024w, \/sedeta2026\/wp-content\/uploads\/2025\/10\/Mentimeter-MOVIMENT-edited-768x346.jpg 768w, \/sedeta2026\/wp-content\/uploads\/2025\/10\/Mentimeter-MOVIMENT-edited-1536x692.jpg 1536w\" sizes=\"auto, (max-width: 767px) 89vw, (max-width: 1000px) 54vw, (max-width: 1071px) 543px, 580px\" \/><\/figure>\n<\/figure>\n\n\n\n<figure class=\"wp-block-video\"><video height=\"1440\" style=\"aspect-ratio: 1080 \/ 1440;\" width=\"1080\" controls src=\"\/sedeta2026\/wp-content\/uploads\/2025\/10\/VID_20251007_125051.mp4\"><\/video><\/figure>\n\n\n\n<p class=\"wp-block-paragraph\">I si voleu saber-ne m\u00e9s de nosaltres&#8230;Aquest blog l&#8217;anirem actualitzant peri\u00f2dicament!<\/p>\n\n\n\n<p class=\"wp-block-paragraph\"><\/p>\n","protected":false},"excerpt":{"rendered":"<p>Aquest any som 15 alumnes. Ens diem Noa Arnal, Ferran Basallote, Paula Canal, Luis Castillo, Anabel Chaparro, Sara Collazos, Laura Don\u00e9s, Natally Gald\u00e1mez, Miya Piskunova, Lia P\u00e9rez, Ona Palau, Bernat Rossell\u00f3, Ariana Rivas, Ona Roses i Zoe Sharp. Els nostres professors son l&#8217;Albert Bassas i la S\u00edlvia Masd\u00e9u. Hem creat els nostres propis diaris per &hellip; <\/p>\n<p class=\"link-more\"><a href=\"\/sedeta2026\/qui-som\/\" class=\"more-link\">Continua llegint <span class=\"screen-reader-text\">\u00abQui som?\u00bb<\/span><\/a><\/p>\n","protected":false},"author":5,"featured_media":0,"comment_status":"closed","ping_status":"","sticky":false,"template":"","format":"standard","meta":{"footnotes":""},"categories":[1],"tags":[],"class_list":["post-51","post","type-post","status-publish","format-standard","hentry","category-general"],"_links":{"self":[{"href":"\/sedeta2026\/wp-json\/wp\/v2\/posts\/51","targetHints":{"allow":["GET"]}}],"collection":[{"href":"\/sedeta2026\/wp-json\/wp\/v2\/posts"}],"about":[{"href":"\/sedeta2026\/wp-json\/wp\/v2\/types\/post"}],"author":[{"embeddable":true,"href":"\/sedeta2026\/wp-json\/wp\/v2\/users\/5"}],"replies":[{"embeddable":true,"href":"\/sedeta2026\/wp-json\/wp\/v2\/comments?post=51"}],"version-history":[{"count":1,"href":"\/sedeta2026\/wp-json\/wp\/v2\/posts\/51\/revisions"}],"predecessor-version":[{"id":63,"href":"\/sedeta2026\/wp-json\/wp\/v2\/posts\/51\/revisions\/63"}],"wp:attachment":[{"href":"\/sedeta2026\/wp-json\/wp\/v2\/media?parent=51"}],"wp:term":[{"taxonomy":"category","embeddable":true,"href":"\/sedeta2026\/wp-json\/wp\/v2\/categories?post=51"},{"taxonomy":"post_tag","embeddable":true,"href":"\/sedeta2026\/wp-json\/wp\/v2\/tags?post=51"}],"curies":[{"name":"wp","href":"https:\/\/api.w.org\/{rel}","templated":true}]}}