{"id":72,"date":"2025-12-09T14:21:28","date_gmt":"2025-12-09T12:21:28","guid":{"rendered":"\/sedeta2026\/?p=72"},"modified":"2025-12-09T14:21:28","modified_gmt":"2025-12-09T12:21:28","slug":"final-del-primer-trimestre","status":"publish","type":"post","link":"\/sedeta2026\/final-del-primer-trimestre\/","title":{"rendered":"Final del primer trimestre"},"content":{"rendered":"\n<p class=\"wp-block-paragraph\">Durant el primer trimestre, l\u2019optativa d\u2019expressi\u00f3 art\u00edstica s\u2019ha convertit en un espai on hem pogut explorar la creativitat d\u2019una manera diferent i volem explicar-vos una mica el que hem fet i com ens hem sentit. <\/p>\n\n\n\n<figure class=\"wp-block-image size-large is-resized\"><img loading=\"lazy\" decoding=\"async\" width=\"2560\" height=\"1440\" src=\"\/sedeta2026\/wp-content\/uploads\/2025\/12\/IMG_8786-edited-scaled.jpeg\" alt=\"\" class=\"wp-image-74\" style=\"width:652px;height:auto\" srcset=\"\/sedeta2026\/wp-content\/uploads\/2025\/12\/IMG_8786-edited-scaled.jpeg 2560w, \/sedeta2026\/wp-content\/uploads\/2025\/12\/IMG_8786-edited-300x169.jpeg 300w, \/sedeta2026\/wp-content\/uploads\/2025\/12\/IMG_8786-edited-1024x576.jpeg 1024w, \/sedeta2026\/wp-content\/uploads\/2025\/12\/IMG_8786-edited-768x432.jpeg 768w, \/sedeta2026\/wp-content\/uploads\/2025\/12\/IMG_8786-edited-1536x864.jpeg 1536w, \/sedeta2026\/wp-content\/uploads\/2025\/12\/IMG_8786-edited-2048x1152.jpeg 2048w\" sizes=\"auto, (max-width: 767px) 89vw, (max-width: 1000px) 54vw, (max-width: 1071px) 543px, 580px\" \/><\/figure>\n\n\n\n<p class=\"wp-block-paragraph\">Cada dimarts hem vingut a l\u2019aula de visual i pl\u00e0stica a fer activitats amb els nostres professors, Albert Bassas i S\u00edlvia Masd\u00e9u. Hem anat registrant i redactant les activitats que f\u00e8iem els dijous amb la Mar i el Javi. Aquest trimestre hem anat treballant m\u00e9s que tot les partitures. Hem apr\u00e8s a llegir-les, fer-les i tamb\u00e9 a escriure-les o dibuixar-les de manera que sigui f\u00e0cil entendre-les. En alguns casos, en comptes d\u2019aprendre partitures i donar-los vida, hem fet representacions din\u00e0miques conjuntes. Nosaltres, al llarg de les sessions, hem descobert moltes coses noves, com treballar amb m\u00e9s diversitat i trobar nous sentiments al fer activitats diferents.<\/p>\n\n\n\n<figure class=\"wp-block-video\"><video height=\"1080\" style=\"aspect-ratio: 1920 \/ 1080;\" width=\"1920\" controls src=\"\/sedeta2026\/wp-content\/uploads\/2025\/12\/expressio-artistica.mp4\"><\/video><\/figure>\n\n\n\n<p class=\"wp-block-paragraph\">Vam fer una segona visita al Mercat de les Flors per veure en quin espai farem la nostra presentaci\u00f3 final al maig. La cap de producci\u00f3 i el cap t\u00e8cnic ens van guiar pels <em>camerinos<\/em> on es preparen els i les artistes abans de sortir a actuar. Tamb\u00e9 ens van ensenyar i explicar com \u00e9s i com funciona el control general de so i llum de la sala MAC. Vam aprofitar la visita per fer una sessi\u00f3 amb el Javi i la Mar a la mateixa sala, entenent que no \u00e9s el mateix treballar a l&#8217;aula que al teatre.<\/p>\n\n\n\n<figure class=\"wp-block-gallery has-nested-images columns-default is-cropped wp-block-gallery-1 is-layout-flex wp-block-gallery-is-layout-flex\">\n<figure class=\"wp-block-image size-large\"><img loading=\"lazy\" decoding=\"async\" width=\"769\" height=\"1024\" data-id=\"77\" src=\"\/sedeta2026\/wp-content\/uploads\/2025\/12\/IMG_20251125_104607-769x1024.jpg\" alt=\"\" class=\"wp-image-77\" srcset=\"\/sedeta2026\/wp-content\/uploads\/2025\/12\/IMG_20251125_104607-769x1024.jpg 769w, \/sedeta2026\/wp-content\/uploads\/2025\/12\/IMG_20251125_104607-225x300.jpg 225w, \/sedeta2026\/wp-content\/uploads\/2025\/12\/IMG_20251125_104607-768x1023.jpg 768w, \/sedeta2026\/wp-content\/uploads\/2025\/12\/IMG_20251125_104607-1153x1536.jpg 1153w, \/sedeta2026\/wp-content\/uploads\/2025\/12\/IMG_20251125_104607-1538x2048.jpg 1538w, \/sedeta2026\/wp-content\/uploads\/2025\/12\/IMG_20251125_104607-scaled.jpg 1922w\" sizes=\"auto, (max-width: 767px) 89vw, (max-width: 1000px) 54vw, (max-width: 1071px) 543px, 580px\" \/><\/figure>\n\n\n\n<figure class=\"wp-block-image size-large\"><img loading=\"lazy\" decoding=\"async\" width=\"769\" height=\"1024\" data-id=\"79\" src=\"\/sedeta2026\/wp-content\/uploads\/2025\/12\/IMG_20251125_112529-769x1024.jpg\" alt=\"\" class=\"wp-image-79\" srcset=\"\/sedeta2026\/wp-content\/uploads\/2025\/12\/IMG_20251125_112529-769x1024.jpg 769w, \/sedeta2026\/wp-content\/uploads\/2025\/12\/IMG_20251125_112529-225x300.jpg 225w, \/sedeta2026\/wp-content\/uploads\/2025\/12\/IMG_20251125_112529-768x1023.jpg 768w, \/sedeta2026\/wp-content\/uploads\/2025\/12\/IMG_20251125_112529-1153x1536.jpg 1153w, \/sedeta2026\/wp-content\/uploads\/2025\/12\/IMG_20251125_112529-1538x2048.jpg 1538w, \/sedeta2026\/wp-content\/uploads\/2025\/12\/IMG_20251125_112529-scaled.jpg 1922w\" sizes=\"auto, (max-width: 767px) 89vw, (max-width: 1000px) 54vw, (max-width: 1071px) 543px, 580px\" \/><\/figure>\n\n\n\n<figure class=\"wp-block-image size-large\"><img loading=\"lazy\" decoding=\"async\" width=\"1024\" height=\"769\" data-id=\"76\" src=\"\/sedeta2026\/wp-content\/uploads\/2025\/12\/IMG_20251125_114125-1024x769.jpg\" alt=\"\" class=\"wp-image-76\" srcset=\"\/sedeta2026\/wp-content\/uploads\/2025\/12\/IMG_20251125_114125-1024x769.jpg 1024w, \/sedeta2026\/wp-content\/uploads\/2025\/12\/IMG_20251125_114125-300x225.jpg 300w, \/sedeta2026\/wp-content\/uploads\/2025\/12\/IMG_20251125_114125-768x577.jpg 768w, \/sedeta2026\/wp-content\/uploads\/2025\/12\/IMG_20251125_114125-1536x1153.jpg 1536w, \/sedeta2026\/wp-content\/uploads\/2025\/12\/IMG_20251125_114125-2048x1538.jpg 2048w\" sizes=\"auto, (max-width: 767px) 89vw, (max-width: 1000px) 54vw, (max-width: 1071px) 543px, 580px\" \/><\/figure>\n\n\n\n<figure class=\"wp-block-image size-large\"><img loading=\"lazy\" decoding=\"async\" width=\"769\" height=\"1024\" data-id=\"75\" src=\"\/sedeta2026\/wp-content\/uploads\/2025\/12\/IMG_20251125_114037-769x1024.jpg\" alt=\"\" class=\"wp-image-75\" srcset=\"\/sedeta2026\/wp-content\/uploads\/2025\/12\/IMG_20251125_114037-769x1024.jpg 769w, \/sedeta2026\/wp-content\/uploads\/2025\/12\/IMG_20251125_114037-225x300.jpg 225w, \/sedeta2026\/wp-content\/uploads\/2025\/12\/IMG_20251125_114037-768x1023.jpg 768w, \/sedeta2026\/wp-content\/uploads\/2025\/12\/IMG_20251125_114037-1153x1536.jpg 1153w, \/sedeta2026\/wp-content\/uploads\/2025\/12\/IMG_20251125_114037-1538x2048.jpg 1538w, \/sedeta2026\/wp-content\/uploads\/2025\/12\/IMG_20251125_114037-scaled.jpg 1922w\" sizes=\"auto, (max-width: 767px) 89vw, (max-width: 1000px) 54vw, (max-width: 1071px) 543px, 580px\" \/><\/figure>\n\n\n\n<figure class=\"wp-block-image size-large\"><img loading=\"lazy\" decoding=\"async\" width=\"1024\" height=\"769\" data-id=\"78\" src=\"\/sedeta2026\/wp-content\/uploads\/2025\/12\/IMG_20251125_105813-1024x769.jpg\" alt=\"\" class=\"wp-image-78\" srcset=\"\/sedeta2026\/wp-content\/uploads\/2025\/12\/IMG_20251125_105813-1024x769.jpg 1024w, \/sedeta2026\/wp-content\/uploads\/2025\/12\/IMG_20251125_105813-300x225.jpg 300w, \/sedeta2026\/wp-content\/uploads\/2025\/12\/IMG_20251125_105813-768x577.jpg 768w, \/sedeta2026\/wp-content\/uploads\/2025\/12\/IMG_20251125_105813-1536x1153.jpg 1536w, \/sedeta2026\/wp-content\/uploads\/2025\/12\/IMG_20251125_105813-2048x1538.jpg 2048w\" sizes=\"auto, (max-width: 767px) 89vw, (max-width: 1000px) 54vw, (max-width: 1071px) 543px, 580px\" \/><\/figure>\n<\/figure>\n\n\n\n<p class=\"wp-block-paragraph\">Ens ha agradat molt poder viure experi\u00e8ncies variades a la vida quotidiana i ens hem divertit molt al transcurs del trimestre.<\/p>\n\n\n\n<p class=\"wp-block-paragraph\"><\/p>\n","protected":false},"excerpt":{"rendered":"<p>Durant el primer trimestre, l\u2019optativa d\u2019expressi\u00f3 art\u00edstica s\u2019ha convertit en un espai on hem pogut explorar la creativitat d\u2019una manera diferent i volem explicar-vos una mica el que hem fet i com ens hem sentit. Cada dimarts hem vingut a l\u2019aula de visual i pl\u00e0stica a fer activitats amb els nostres professors, Albert Bassas i &hellip; <\/p>\n<p class=\"link-more\"><a href=\"\/sedeta2026\/final-del-primer-trimestre\/\" class=\"more-link\">Continua llegint <span class=\"screen-reader-text\">\u00abFinal del primer trimestre\u00bb<\/span><\/a><\/p>\n","protected":false},"author":5,"featured_media":0,"comment_status":"closed","ping_status":"","sticky":false,"template":"","format":"standard","meta":{"footnotes":""},"categories":[1],"tags":[],"class_list":["post-72","post","type-post","status-publish","format-standard","hentry","category-general"],"_links":{"self":[{"href":"\/sedeta2026\/wp-json\/wp\/v2\/posts\/72","targetHints":{"allow":["GET"]}}],"collection":[{"href":"\/sedeta2026\/wp-json\/wp\/v2\/posts"}],"about":[{"href":"\/sedeta2026\/wp-json\/wp\/v2\/types\/post"}],"author":[{"embeddable":true,"href":"\/sedeta2026\/wp-json\/wp\/v2\/users\/5"}],"replies":[{"embeddable":true,"href":"\/sedeta2026\/wp-json\/wp\/v2\/comments?post=72"}],"version-history":[{"count":1,"href":"\/sedeta2026\/wp-json\/wp\/v2\/posts\/72\/revisions"}],"predecessor-version":[{"id":81,"href":"\/sedeta2026\/wp-json\/wp\/v2\/posts\/72\/revisions\/81"}],"wp:attachment":[{"href":"\/sedeta2026\/wp-json\/wp\/v2\/media?parent=72"}],"wp:term":[{"taxonomy":"category","embeddable":true,"href":"\/sedeta2026\/wp-json\/wp\/v2\/categories?post=72"},{"taxonomy":"post_tag","embeddable":true,"href":"\/sedeta2026\/wp-json\/wp\/v2\/tags?post=72"}],"curies":[{"name":"wp","href":"https:\/\/api.w.org\/{rel}","templated":true}]}}