{"id":83,"date":"2026-01-21T14:11:54","date_gmt":"2026-01-21T12:11:54","guid":{"rendered":"\/sedeta2026\/?p=83"},"modified":"2026-01-21T14:11:54","modified_gmt":"2026-01-21T12:11:54","slug":"anem-de-colonies","status":"publish","type":"post","link":"\/sedeta2026\/anem-de-colonies\/","title":{"rendered":"Anem de col\u00f2nies?"},"content":{"rendered":"\n<p class=\"wp-block-paragraph\">Encara no sabem per qu\u00e8, per\u00f2 la Mar i el Javi en han plantejat diverses preguntes relacionades amb anar de col\u00f2nies. Les nostres respostes han estat les seg\u00fcents:<br><\/p>\n\n\n\n<p class=\"wp-block-paragraph\"><br><strong>Quan an\u00e0vem de col\u00f2nies cant\u00e0veu alguna can\u00e7\u00f3 al bus? Quina? Perqu\u00e8?<\/strong><\/p>\n\n\n\n<p class=\"wp-block-paragraph\">ONA: t\u00fanel. perqu\u00e8 els altres ho feien<br>NOA: cola-cao. era divertit<br>ONA Roses: La Ramona. Era pegadiza<br>LAURA: ja hem arribat. perqu\u00e8 haviem arribat<br>PAULA: boti (madridista) perqu\u00e8 tothom ho feia<br>FERRAN: \u201cquien se ha cagao en el bote de colacao\u201d perqu\u00e8 era divertida.<br>ZOE: \u201cquien se ha cagao en el bote de colacao\u201d. Li agradava escoltarla i a vegades la cantava.<br>SARA: Qui\u00e9n se ha cagado en el bote de colacao, l&#8217;escoltava i era molt divertida.\u00a0<br>LIA: cola-cao perqu\u00e8 era la m\u00e9s famosa<br>ARIANA: Cola-cao, perqu\u00e8 era la moda<br>MIYA: No cantava a l&#8217;autocar<br>NATALIE: mai no ha anat de col\u00f2nies<br>ANABEL: Qui\u00e9n se ha cagao en el bote de colacao, m\u2019agradava perqu\u00e8 tothom participava.<br>LUIS: Cantavem la can\u00e7\u00f3 de \u201cla ramona\u201d, era molt adictiva<br>BERNAT: totes les can\u00e7ons, perqu\u00e8 sempre s\u2019ha fet<\/p>\n\n\n\n<p class=\"wp-block-paragraph\"><strong>Qu\u00e8 us feia sentir anar de col\u00f2nies?<\/strong><\/p>\n\n\n\n<p class=\"wp-block-paragraph\">Les respostes que s\u2019han repetit m\u00e9s a tota la classe han sigut: felicitat, desconnectar, entretinguda, alegre, distreta, divertida, contenta, c\u00f2moda, emocionada, adrenalina, a gust\u2026<\/p>\n\n\n\n<p class=\"wp-block-paragraph\"><strong>Com vivieu les nits de col\u00f2nies?<\/strong><\/p>\n\n\n\n<p class=\"wp-block-paragraph\">Luis: Es sentia feli\u00e7 perqu\u00e8 no dormia i parlava amb els companys.<br>Paula: Les recordo emocionants i fora de la rutina<br>Ferran: Era divertit jugar als jocs de nit per\u00f2 li feien por<br>Bernat: Eren molt divertides perqu\u00e8 tothom s\u2019ho passava b\u00e9.<br>Ona: Eren divertides i \u00faniques<br>Noa: Feli\u00e7<br>Ona: Quan era petita amb por per\u00f2 mentre creixia millor eren<br>Nataly: No hi ha anat mai<br>Miya: Eren relaxades\u00a0<br>Lia: Eren divertides i feien jocs<br>Anabel: Malament perqu\u00e8 trobaba a faltar a la seva mare<br>Sara: B\u00e9\u00a0<br>Ariana Molt b\u00e9<br>Zoe: Era divertit<\/p>\n\n\n\n<p class=\"wp-block-paragraph\"><strong>Quines activitats feien de col\u00f2nies?<\/strong><\/p>\n\n\n\n<ul class=\"wp-block-list\">\n<li>Cursa d\u2019orientaci\u00f3<\/li>\n\n\n\n<li>Pistoler<\/li>\n\n\n\n<li>Bandera<\/li>\n\n\n\n<li>Fet i amagar de nit<\/li>\n\n\n\n<li>Esquiada<\/li>\n\n\n\n<li>Busseig<\/li>\n\n\n\n<li>Activitats de nit\u00a0<\/li>\n\n\n\n<li>Paintball<\/li>\n\n\n\n<li>Buscar el tresor<\/li>\n\n\n\n<li>Amagar el macarr\u00f3<\/li>\n\n\n\n<li>Mata Conills\u00a0<\/li>\n\n\n\n<li>Bandera\u00a0<\/li>\n\n\n\n<li>Lacha<\/li>\n<\/ul>\n\n\n\n<p class=\"wp-block-paragraph\"><strong>Algun lloc que hagis anat de col\u00f2nies: qu\u00e8 \u00e9s el que m\u00e9s et va agradar i per qu\u00e8?<\/strong><\/p>\n\n\n\n<ul class=\"wp-block-list\">\n<li><strong>Ferran<\/strong>: Port aventura: el bufet perqu\u00e8 tenia una m\u00e0quina de Cacaolat.<\/li>\n\n\n\n<li><strong>Paula<\/strong>: L\u2019esquiada: el bufet perqu\u00e8 m\u2019agraden els bufets.<\/li>\n\n\n\n<li><strong>Laura<\/strong>: L\u2019esquiada: les activitats perqu\u00e8 m\u2019agrada esquiar.<\/li>\n\n\n\n<li><strong>Lia<\/strong>: L\u2019esquiada: Baixar pel tur\u00f3 em va encantar perqu\u00e8 era la 1ra vegada esquiant.<\/li>\n\n\n\n<li><strong>Miya<\/strong>: L\u2019esquiada: Anar liberal perqu\u00e8 m\u2019encanta molt esquiar.<\/li>\n\n\n\n<li><strong>Sara<\/strong>: Cala Canyelles: l\u2019activitat de bussejar perqu\u00e8 anava amb la Zoe.<\/li>\n\n\n\n<li><strong>Anabel<\/strong>: Les col\u00f2nies de sis\u00e8: La platja per les activitats.<\/li>\n\n\n\n<li><strong>Zoe<\/strong>: Cala Canyelles: les activitats perqu\u00e8 m\u2019agrada fer activitats de platja i piscina\/d\u2019estiu.<\/li>\n\n\n\n<li><strong>Luis<\/strong>: Estar en el bus: Perqu\u00e8 est\u00e0vem amb els amics<\/li>\n\n\n\n<li><strong>Ona<\/strong> <strong>P<\/strong>: Cala canyelles: Perqu\u00e8 ha sigut la que ha tingut m\u00e9s esports d\u2019aigua.<\/li>\n\n\n\n<li><strong>Bernat<\/strong>: Col\u00f2nies de 2n: quan vaig anar amb l\u2019Isaac i el Jon al riu perqu\u00e8 va ser divertit.<\/li>\n\n\n\n<li><strong>Natally<\/strong>: No he anat de col\u00f2nies.<\/li>\n\n\n\n<li><strong>Ona R<\/strong>: Les col\u00f2nies de l&#8217;Univers, estar amb els amics perqu\u00e8 era com viure amb ells.<\/li>\n\n\n\n<li><strong>Noa<\/strong>: Les col\u00f2nies del Pau Casals, perqu\u00e8 estava amb els amics i est\u00e0vem molt temps junts.<\/li>\n\n\n\n<li><strong>Ariana<\/strong>: L\u2019esquiada: Em va agradar massa ja que est\u00e0vem en un apartahotel i va ser una experi\u00e8ncia guay.<\/li>\n<\/ul>\n\n\n\n<p class=\"wp-block-paragraph\"><\/p>\n","protected":false},"excerpt":{"rendered":"<p>Encara no sabem per qu\u00e8, per\u00f2 la Mar i el Javi en han plantejat diverses preguntes relacionades amb anar de col\u00f2nies. Les nostres respostes han estat les seg\u00fcents: Quan an\u00e0vem de col\u00f2nies cant\u00e0veu alguna can\u00e7\u00f3 al bus? Quina? Perqu\u00e8? ONA: t\u00fanel. perqu\u00e8 els altres ho feienNOA: cola-cao. era divertitONA Roses: La Ramona. Era pegadizaLAURA: ja &hellip; <\/p>\n<p class=\"link-more\"><a href=\"\/sedeta2026\/anem-de-colonies\/\" class=\"more-link\">Continua llegint <span class=\"screen-reader-text\">\u00abAnem de col\u00f2nies?\u00bb<\/span><\/a><\/p>\n","protected":false},"author":5,"featured_media":0,"comment_status":"closed","ping_status":"","sticky":false,"template":"","format":"standard","meta":{"footnotes":""},"categories":[1],"tags":[],"class_list":["post-83","post","type-post","status-publish","format-standard","hentry","category-general"],"_links":{"self":[{"href":"\/sedeta2026\/wp-json\/wp\/v2\/posts\/83","targetHints":{"allow":["GET"]}}],"collection":[{"href":"\/sedeta2026\/wp-json\/wp\/v2\/posts"}],"about":[{"href":"\/sedeta2026\/wp-json\/wp\/v2\/types\/post"}],"author":[{"embeddable":true,"href":"\/sedeta2026\/wp-json\/wp\/v2\/users\/5"}],"replies":[{"embeddable":true,"href":"\/sedeta2026\/wp-json\/wp\/v2\/comments?post=83"}],"version-history":[{"count":1,"href":"\/sedeta2026\/wp-json\/wp\/v2\/posts\/83\/revisions"}],"predecessor-version":[{"id":84,"href":"\/sedeta2026\/wp-json\/wp\/v2\/posts\/83\/revisions\/84"}],"wp:attachment":[{"href":"\/sedeta2026\/wp-json\/wp\/v2\/media?parent=83"}],"wp:term":[{"taxonomy":"category","embeddable":true,"href":"\/sedeta2026\/wp-json\/wp\/v2\/categories?post=83"},{"taxonomy":"post_tag","embeddable":true,"href":"\/sedeta2026\/wp-json\/wp\/v2\/tags?post=83"}],"curies":[{"name":"wp","href":"https:\/\/api.w.org\/{rel}","templated":true}]}}