{"id":86,"date":"2026-02-10T12:56:46","date_gmt":"2026-02-10T10:56:46","guid":{"rendered":"\/sedeta2026\/?p=86"},"modified":"2026-02-10T12:56:46","modified_gmt":"2026-02-10T10:56:46","slug":"pensant-en-la-sessio-oberta","status":"publish","type":"post","link":"\/sedeta2026\/pensant-en-la-sessio-oberta\/","title":{"rendered":"Pensant en la sessi\u00f3 oberta&#8230;"},"content":{"rendered":"\n<p class=\"wp-block-paragraph\">Hem fet una reflexi\u00f3 individual sobre el que suposa fer la sessi\u00f3 oberta al professorat del proper 19 de febrer.<\/p>\n\n\n\n<p class=\"wp-block-paragraph\"><\/p>\n\n\n\n<p class=\"wp-block-paragraph\">Ferran<strong>: <\/strong>Expectativa perqu\u00e8 no sabem amb certesa que passar\u00e0.<\/p>\n\n\n\n<p class=\"wp-block-paragraph\">Laura: Tinc ganes de veure que opinen els profes.<\/p>\n\n\n\n<p class=\"wp-block-paragraph\">Ona R: Tinc ganes perque no s\u00e9 com reaccionaran ni que s\u2019esperen.&nbsp;<\/p>\n\n\n\n<p class=\"wp-block-paragraph\">Noa:Tinc ganes de fer-ho pero a la vegada em dona vergonya&nbsp;<\/p>\n\n\n\n<p class=\"wp-block-paragraph\">Bernat Rossell\u00f3: Confio en que vinguin molts profes i que sigui tot un exit<\/p>\n\n\n\n<p class=\"wp-block-paragraph\">Luis Castillo: Tinc moltes ganes d&#8217;ensenyar li als profes la coreografia<\/p>\n\n\n\n<p class=\"wp-block-paragraph\">Ona P: Estic emocionada, per\u00f2 tinc una mica de vergonya i pressi\u00f3.<\/p>\n\n\n\n<p class=\"wp-block-paragraph\">Natally: tinc ganes de veure als profes el dia&nbsp;<\/p>\n\n\n\n<p class=\"wp-block-paragraph\">Miya: Tengo bastantes ganas de ense\u00f1ar lo que hemos estado haciendo todo este tiempo&nbsp;<\/p>\n\n\n\n<p class=\"wp-block-paragraph\">Zoe: Estic molt nerviosa per ensenyar el que hem estat treballant davant dels profes per\u00f2 a la vegada em fa il\u00b7lusi\u00f3 per veure com quedar\u00e0 tot.&nbsp;<\/p>\n\n\n\n<p class=\"wp-block-paragraph\">Ariana: Penso que es guai que vegin el que hem fet tot aquest temps per\u00f2 tamb\u00e9 tinc una mica de por que surti algo malament per\u00f2 \u00e9s part d\u2019aprendre.<\/p>\n\n\n\n<p class=\"wp-block-paragraph\">Sara: El blog es art, temps i dedicaci\u00f3.<\/p>\n\n\n\n<p class=\"wp-block-paragraph\"><\/p>\n\n\n\n<p class=\"wp-block-paragraph\"><\/p>\n\n\n\n<p class=\"wp-block-paragraph\">Tamb\u00e9 hem creat una invitaci\u00f3 i l&#8217;hem enviada a tot el claustre de l&#8217;institut convidant a que assisteixi a la nostra primera mostra p\u00fablica.<\/p>\n\n\n\n<figure class=\"wp-block-image size-full\"><img loading=\"lazy\" decoding=\"async\" width=\"621\" height=\"874\" src=\"\/sedeta2026\/wp-content\/uploads\/2026\/02\/invitacio.jpg\" alt=\"\" class=\"wp-image-87\" srcset=\"\/sedeta2026\/wp-content\/uploads\/2026\/02\/invitacio.jpg 621w, \/sedeta2026\/wp-content\/uploads\/2026\/02\/invitacio-213x300.jpg 213w\" sizes=\"auto, (max-width: 621px) 100vw, 621px\" \/><\/figure>\n","protected":false},"excerpt":{"rendered":"<p>Hem fet una reflexi\u00f3 individual sobre el que suposa fer la sessi\u00f3 oberta al professorat del proper 19 de febrer. Ferran: Expectativa perqu\u00e8 no sabem amb certesa que passar\u00e0. Laura: Tinc ganes de veure que opinen els profes. Ona R: Tinc ganes perque no s\u00e9 com reaccionaran ni que s\u2019esperen.&nbsp; Noa:Tinc ganes de fer-ho pero &hellip; <\/p>\n<p class=\"link-more\"><a href=\"\/sedeta2026\/pensant-en-la-sessio-oberta\/\" class=\"more-link\">Continua llegint <span class=\"screen-reader-text\">\u00abPensant en la sessi\u00f3 oberta&#8230;\u00bb<\/span><\/a><\/p>\n","protected":false},"author":5,"featured_media":0,"comment_status":"closed","ping_status":"","sticky":false,"template":"","format":"standard","meta":{"footnotes":""},"categories":[1],"tags":[],"class_list":["post-86","post","type-post","status-publish","format-standard","hentry","category-general"],"_links":{"self":[{"href":"\/sedeta2026\/wp-json\/wp\/v2\/posts\/86","targetHints":{"allow":["GET"]}}],"collection":[{"href":"\/sedeta2026\/wp-json\/wp\/v2\/posts"}],"about":[{"href":"\/sedeta2026\/wp-json\/wp\/v2\/types\/post"}],"author":[{"embeddable":true,"href":"\/sedeta2026\/wp-json\/wp\/v2\/users\/5"}],"replies":[{"embeddable":true,"href":"\/sedeta2026\/wp-json\/wp\/v2\/comments?post=86"}],"version-history":[{"count":1,"href":"\/sedeta2026\/wp-json\/wp\/v2\/posts\/86\/revisions"}],"predecessor-version":[{"id":88,"href":"\/sedeta2026\/wp-json\/wp\/v2\/posts\/86\/revisions\/88"}],"wp:attachment":[{"href":"\/sedeta2026\/wp-json\/wp\/v2\/media?parent=86"}],"wp:term":[{"taxonomy":"category","embeddable":true,"href":"\/sedeta2026\/wp-json\/wp\/v2\/categories?post=86"},{"taxonomy":"post_tag","embeddable":true,"href":"\/sedeta2026\/wp-json\/wp\/v2\/tags?post=86"}],"curies":[{"name":"wp","href":"https:\/\/api.w.org\/{rel}","templated":true}]}}