{"id":90,"date":"2026-03-03T13:46:49","date_gmt":"2026-03-03T11:46:49","guid":{"rendered":"\/sedeta2026\/?p=90"},"modified":"2026-03-03T13:46:49","modified_gmt":"2026-03-03T11:46:49","slug":"reflexions-despres-de-la-sessio-oberta","status":"publish","type":"post","link":"\/sedeta2026\/reflexions-despres-de-la-sessio-oberta\/","title":{"rendered":"Reflexions despr\u00e9s de la sessi\u00f3 oberta"},"content":{"rendered":"\n<p class=\"wp-block-paragraph\">El dia 19 de febrer vam fer la sessi\u00f3 oberta on el professorat que va voler va venir. Vam presentar-los la nostra creaci\u00f3, que \u00e9s:<\/p>\n\n\n\n<ul class=\"wp-block-list\">\n<li>Una improvisaci\u00f3 de canvi de llocs dins del bus fins que tothom est\u00e0 al seu lloc.<\/li>\n\n\n\n<li>Quan tothom est\u00e0 al seu lloc comencem a fer la partitura del bus.<\/li>\n\n\n\n<li>A l&#8217;acabar la partitura ens posem en semicercle i recitem col\u00b7lectivament la hist\u00f2ria de les col\u00f2nies.<\/li>\n\n\n\n<li>Al final de tot fem una improvisaci\u00f3 on tirem totes les cadires al terra i fem una muntanya, que simula una foguera. Estant totes les cadires all\u00e0 seiem al voltant.<\/li>\n<\/ul>\n\n\n\n<figure class=\"wp-block-image size-large\"><img loading=\"lazy\" decoding=\"async\" width=\"769\" height=\"1024\" src=\"\/sedeta2026\/wp-content\/uploads\/2026\/03\/Final-769x1024.jpg\" alt=\"\" class=\"wp-image-91\" srcset=\"\/sedeta2026\/wp-content\/uploads\/2026\/03\/Final-769x1024.jpg 769w, \/sedeta2026\/wp-content\/uploads\/2026\/03\/Final-225x300.jpg 225w, \/sedeta2026\/wp-content\/uploads\/2026\/03\/Final-768x1023.jpg 768w, \/sedeta2026\/wp-content\/uploads\/2026\/03\/Final-1153x1536.jpg 1153w, \/sedeta2026\/wp-content\/uploads\/2026\/03\/Final-1538x2048.jpg 1538w, \/sedeta2026\/wp-content\/uploads\/2026\/03\/Final-scaled.jpg 1922w\" sizes=\"auto, (max-width: 767px) 89vw, (max-width: 1000px) 54vw, (max-width: 1071px) 543px, 580px\" \/><\/figure>\n\n\n\n<p class=\"wp-block-paragraph\"><strong>Les nostres reflexions<\/strong><\/p>\n\n\n\n<p class=\"wp-block-paragraph\">Lia: La veritat no estava gaire nerviosa, m&#8217;ha semblat un projecte for\u00e7a xulo, perqu\u00e8 encara que en algun moment m&#8217;hagi equivocat en alguns altres era for\u00e7a desestressant. La meva part favorita \u00f2bviament \u00e9s la del bus, per\u00f2 d&#8217;altres com la de la impro, encara que no sembl\u00e9s gaire divertida per a mi ho era perqu\u00e8 era evitar contacte visual i imaginar que est\u00e0s en un bus.<\/p>\n\n\n\n<p class=\"wp-block-paragraph\">Bernat: Em vaig equivocar un parell de vegades per\u00f2 ho vaig poder disimular prou b\u00e9, en general vaig estar comode i crec que no vam avorrir gaire als profes.<\/p>\n\n\n\n<p class=\"wp-block-paragraph\">Paula: Estava una mica nerviosa al principi, ja que em feia vergonya morstrar-ho tot davant dels professors pero al anar fent sem va anar passant la por i va sortir bastant be. Els profes despres ens van fer preguntes per ubicar-se una mica i algunes d\u2019elles eren interensants i feien pensar.<\/p>\n\n\n\n<p class=\"wp-block-paragraph\">Ona Palau: Em vaig sentir molt a gust i estic molt contenta perqu\u00e8 va sortir b\u00e9. Tot i haver tingut algun error, va estar molt b\u00e9 i estic molt orgullosa de nosaltres.<\/p>\n\n\n\n<p class=\"wp-block-paragraph\">Noa: Jo pensava que em sentiria incomoda i amb vergonya, pero no va ser aix\u00ed, vaig estar molt comoda. Als assajos que vam fer sempre hi havia algun error pero al fer-ho a la mostre ens va sortir be a tots.<\/p>\n\n\n\n<p class=\"wp-block-paragraph\">Laura: A mi em va agradar bastant, ja que durant les classes sempre hi havia algun punt on alg\u00fa s\u2019equivocava o perdiem la concentraci\u00f3, en canvi a la sessi\u00f3 oberta estavem tots concentrats i ens va anar molt b\u00e9.<\/p>\n\n\n\n<p class=\"wp-block-paragraph\">Ariana: Al principi sent\u00eda pressi\u00f3, per\u00f2 mentres an\u00e0vem fent ja em trobava millor, va ser divertit mostrar el que hem estat fent durant sessions i em va agradar molt les respostes i les opinions del professorat.<\/p>\n\n\n\n<p class=\"wp-block-paragraph\">Zoe: Crec que tota l\u2019obra en s\u00ed ha quedat molt millor del que m\u2019esperava. En algun cop se\u2019m va escapar un somriure, per\u00f2 durant gaireb\u00e9 tota l\u2019obra crec que he estat molt concentrada. A mesura que arribavem al final, sentia molta menys vergonya i estava molt m\u00e9s c\u00f2moda que al principi.<\/p>\n\n\n\n<p class=\"wp-block-paragraph\">Miya: De veritat no era tan dif\u00edcil del que pensava i era divertit encara que em vaig equivocar unes quantes vegades. A m\u00e9s agraeixo molt que hagin vingut tants profess a veure l&#8217;obra, he sentit molt recolzada en el moment de presentar el projecte ^_^<\/p>\n\n\n\n<p class=\"wp-block-paragraph\">Natally: em vaig equivocar moltes vegades per\u00f2 despr\u00e9s vaig a comen\u00e7ar a conservar-me, quan els professors van comen\u00e7ar a arribar em sentia molt nerviosa, per\u00f2 com moltes altres activitats que he fet a altres instituts se&#8217;m van anar els nervis, no s\u00e9 quina perspectiva tenien\u00a0 els professors i com ho veien per\u00f2 sento que va sortir molt b\u00e9\u00a0<\/p>\n\n\n\n<p class=\"wp-block-paragraph\">Sara:Va ser una experiencia nova i la vaig poder disfrutar b\u00e9.<\/p>\n\n\n\n<p class=\"wp-block-paragraph\">Ona Roses: Em va agradar molt com va quedar ja que pensaba que sortir\u00e0 malament. I em va semblar un moment molt emotiu quan ens van dir que ens havia quedat molt xulo.<\/p>\n\n\n\n<figure class=\"wp-block-image size-large\"><img loading=\"lazy\" decoding=\"async\" width=\"1024\" height=\"768\" src=\"\/sedeta2026\/wp-content\/uploads\/2026\/03\/Pizzes-1024x768.jpg\" alt=\"\" class=\"wp-image-92\" srcset=\"\/sedeta2026\/wp-content\/uploads\/2026\/03\/Pizzes-1024x768.jpg 1024w, \/sedeta2026\/wp-content\/uploads\/2026\/03\/Pizzes-300x225.jpg 300w, \/sedeta2026\/wp-content\/uploads\/2026\/03\/Pizzes-768x576.jpg 768w, \/sedeta2026\/wp-content\/uploads\/2026\/03\/Pizzes-1536x1152.jpg 1536w, \/sedeta2026\/wp-content\/uploads\/2026\/03\/Pizzes-2048x1536.jpg 2048w\" sizes=\"auto, (max-width: 767px) 89vw, (max-width: 1000px) 54vw, (max-width: 1071px) 543px, 580px\" \/><\/figure>\n\n\n\n<p class=\"wp-block-paragraph\">Tot aix\u00f2 ho vam mostrar despr\u00e9s de fer un dinar col\u00b7lectiu: per fi, el dia de les pizzes!<\/p>\n","protected":false},"excerpt":{"rendered":"<p>El dia 19 de febrer vam fer la sessi\u00f3 oberta on el professorat que va voler va venir. Vam presentar-los la nostra creaci\u00f3, que \u00e9s: Les nostres reflexions Lia: La veritat no estava gaire nerviosa, m&#8217;ha semblat un projecte for\u00e7a xulo, perqu\u00e8 encara que en algun moment m&#8217;hagi equivocat en alguns altres era for\u00e7a desestressant. &hellip; <\/p>\n<p class=\"link-more\"><a href=\"\/sedeta2026\/reflexions-despres-de-la-sessio-oberta\/\" class=\"more-link\">Continua llegint <span class=\"screen-reader-text\">\u00abReflexions despr\u00e9s de la sessi\u00f3 oberta\u00bb<\/span><\/a><\/p>\n","protected":false},"author":5,"featured_media":0,"comment_status":"closed","ping_status":"","sticky":false,"template":"","format":"standard","meta":{"footnotes":""},"categories":[1],"tags":[],"class_list":["post-90","post","type-post","status-publish","format-standard","hentry","category-general"],"_links":{"self":[{"href":"\/sedeta2026\/wp-json\/wp\/v2\/posts\/90","targetHints":{"allow":["GET"]}}],"collection":[{"href":"\/sedeta2026\/wp-json\/wp\/v2\/posts"}],"about":[{"href":"\/sedeta2026\/wp-json\/wp\/v2\/types\/post"}],"author":[{"embeddable":true,"href":"\/sedeta2026\/wp-json\/wp\/v2\/users\/5"}],"replies":[{"embeddable":true,"href":"\/sedeta2026\/wp-json\/wp\/v2\/comments?post=90"}],"version-history":[{"count":1,"href":"\/sedeta2026\/wp-json\/wp\/v2\/posts\/90\/revisions"}],"predecessor-version":[{"id":93,"href":"\/sedeta2026\/wp-json\/wp\/v2\/posts\/90\/revisions\/93"}],"wp:attachment":[{"href":"\/sedeta2026\/wp-json\/wp\/v2\/media?parent=90"}],"wp:term":[{"taxonomy":"category","embeddable":true,"href":"\/sedeta2026\/wp-json\/wp\/v2\/categories?post=90"},{"taxonomy":"post_tag","embeddable":true,"href":"\/sedeta2026\/wp-json\/wp\/v2\/tags?post=90"}],"curies":[{"name":"wp","href":"https:\/\/api.w.org\/{rel}","templated":true}]}}