{"id":384,"date":"2024-12-05T22:05:31","date_gmt":"2024-12-05T20:05:31","guid":{"rendered":"\/serratbonastre2025\/?p=384"},"modified":"2024-12-12T14:57:43","modified_gmt":"2024-12-12T12:57:43","slug":"qui-es-la-martina-manya","status":"publish","type":"post","link":"\/serratbonastre2025\/qui-es-la-martina-manya\/","title":{"rendered":"Qui \u00e9s la Martina Many\u00e0?"},"content":{"rendered":"\n<p class=\"wp-block-paragraph\"><\/p>\n\n\n<div class=\"wp-block-image is-style-rounded\">\n<figure class=\"alignleft size-full is-resized\"><img loading=\"lazy\" decoding=\"async\" width=\"2560\" height=\"1920\" src=\"\/serratbonastre2025\/wp-content\/uploads\/2024\/12\/12.-Transformacio-de-laula-12-1-scaled.jpg\" alt=\"\" class=\"wp-image-418\" style=\"width:370px;height:auto\" srcset=\"\/serratbonastre2025\/wp-content\/uploads\/2024\/12\/12.-Transformacio-de-laula-12-1-scaled.jpg 2560w, \/serratbonastre2025\/wp-content\/uploads\/2024\/12\/12.-Transformacio-de-laula-12-1-300x225.jpg 300w, \/serratbonastre2025\/wp-content\/uploads\/2024\/12\/12.-Transformacio-de-laula-12-1-1024x768.jpg 1024w, \/serratbonastre2025\/wp-content\/uploads\/2024\/12\/12.-Transformacio-de-laula-12-1-768x576.jpg 768w, \/serratbonastre2025\/wp-content\/uploads\/2024\/12\/12.-Transformacio-de-laula-12-1-1536x1152.jpg 1536w, \/serratbonastre2025\/wp-content\/uploads\/2024\/12\/12.-Transformacio-de-laula-12-1-2048x1536.jpg 2048w\" sizes=\"auto, (max-width: 767px) 89vw, (max-width: 1000px) 54vw, (max-width: 1071px) 543px, 580px\" \/><\/figure>\n<\/div>\n\n\n<p class=\"wp-block-paragraph\"><\/p>\n\n\n\n<p class=\"wp-block-paragraph\">La Martina Many\u00e0 es una artista que ens acompanyar\u00e0 durant aquest curs a classe d\u2019expressi\u00f3 art\u00edstica. \u00c9s una artista pl\u00e0stica i aquest any treballarem amb ella colze a colze, i ser\u00e0 tamb\u00e9 la nostra guia en el m\u00f3n de l\u2019art. Alguns desitgem que ens s\u00e0piga orientar per entendre els misteriosos enigmes de l\u2019art dels nostres dies.<\/p>\n\n\n\n<p class=\"wp-block-paragraph\">A classe, abans de rebre-la a l\u2019institut, hav\u00edem pogut investigar la seva obra. Hav\u00edem pogut interessar-nos per una artista que treballava principalment amb la pintura per\u00f2 que es dedicava a fer cartells, muntatges de dansa\u2026 Algunes coses, d\u2019entrada, ens van semblar molt abstractes, algunes altres molt misterioses i algunes altres m\u00e9s ens van semblar senzillament boniques. Vam decidir comen\u00e7ar, doncs, a pensar preguntes oportunes per fer-li el dia que la tingu\u00e9ssim aviat a l\u2019institut.<\/p>\n\n\n\n<p class=\"wp-block-paragraph\"><\/p>\n\n\n\n<p class=\"wp-block-paragraph\">I ara que la coneixem, podem dir que \u00e9s una persona en\u00e8rgica i creativa. T\u00e9 un pensament molt singular i demostra tenir tacte i sensibilitat, no nom\u00e9s amb els processos art\u00edstics. Els primer dies, ens va demanar a tots que escollissim tres colors que ens agradessin individualment i que tinguessin un significat per a nosaltres. Per acompanyar-los vam haver d\u2019escriure una descripci\u00f3 i la Martina ens va fer trencar-nos les banyes. No \u00e9s gens f\u00e0cil parlar del color o descriure\u2019l.<\/p>\n\n\n\n<p class=\"wp-block-paragraph\"><\/p>\n\n\n<div class=\"wp-block-image is-style-default\">\n<figure class=\"alignleft size-large is-resized\"><img loading=\"lazy\" decoding=\"async\" width=\"1024\" height=\"680\" src=\"\/serratbonastre2025\/wp-content\/uploads\/2024\/12\/Captura-de-pantalla-2024-12-05-a-les-20.31.15-1024x680.png\" alt=\"\" class=\"wp-image-387\" style=\"width:360px;height:auto\" srcset=\"\/serratbonastre2025\/wp-content\/uploads\/2024\/12\/Captura-de-pantalla-2024-12-05-a-les-20.31.15-1024x680.png 1024w, \/serratbonastre2025\/wp-content\/uploads\/2024\/12\/Captura-de-pantalla-2024-12-05-a-les-20.31.15-300x199.png 300w, \/serratbonastre2025\/wp-content\/uploads\/2024\/12\/Captura-de-pantalla-2024-12-05-a-les-20.31.15-768x510.png 768w, \/serratbonastre2025\/wp-content\/uploads\/2024\/12\/Captura-de-pantalla-2024-12-05-a-les-20.31.15.png 1454w\" sizes=\"auto, (max-width: 767px) 89vw, (max-width: 1000px) 54vw, (max-width: 1071px) 543px, 580px\" \/><\/figure>\n<\/div>\n\n\n<p class=\"wp-block-paragraph\"><\/p>\n\n\n\n<p class=\"wp-block-paragraph\"><\/p>\n\n\n\n<p class=\"wp-block-paragraph\">Explicar com \u00e9s el color que m\u00e9s ens agrada ens va fer demanar auxili!<\/p>\n\n\n\n<p class=\"wp-block-paragraph\"><\/p>\n\n\n\n<p class=\"wp-block-paragraph\"><\/p>\n\n\n\n<p class=\"wp-block-paragraph\"><\/p>\n\n\n\n<p class=\"wp-block-paragraph\">Fins ara, la Martina ens ha presentat un punt de vista diferent del nostre sobre l\u2019art. De moment, ens ha convidat a explorar i experimentar amb el color. Ella ser\u00e0 tamb\u00e9 la nostra guia de cara al projecte final, que en principi imaginem que ser\u00e0 una obra d\u2019art.&nbsp;<\/p>\n\n\n<div class=\"wp-block-image is-style-default\">\n<figure class=\"aligncenter size-large is-resized\"><img loading=\"lazy\" decoding=\"async\" width=\"1024\" height=\"768\" src=\"\/serratbonastre2025\/wp-content\/uploads\/2024\/12\/2.-Rotllana-de-cadires-amb-la-Martina-4-1024x768.jpg\" alt=\"\" class=\"wp-image-419\" style=\"width:505px;height:auto\" srcset=\"\/serratbonastre2025\/wp-content\/uploads\/2024\/12\/2.-Rotllana-de-cadires-amb-la-Martina-4-1024x768.jpg 1024w, \/serratbonastre2025\/wp-content\/uploads\/2024\/12\/2.-Rotllana-de-cadires-amb-la-Martina-4-300x225.jpg 300w, \/serratbonastre2025\/wp-content\/uploads\/2024\/12\/2.-Rotllana-de-cadires-amb-la-Martina-4-768x576.jpg 768w, \/serratbonastre2025\/wp-content\/uploads\/2024\/12\/2.-Rotllana-de-cadires-amb-la-Martina-4-1536x1152.jpg 1536w, \/serratbonastre2025\/wp-content\/uploads\/2024\/12\/2.-Rotllana-de-cadires-amb-la-Martina-4-2048x1536.jpg 2048w\" sizes=\"auto, (max-width: 767px) 89vw, (max-width: 1000px) 54vw, (max-width: 1071px) 543px, 580px\" \/><\/figure>\n<\/div>\n\n\n<div class=\"wp-block-group is-nowrap is-layout-flex wp-container-core-group-is-layout-8f761849 wp-block-group-is-layout-flex\">\n<p class=\"has-text-align-left wp-block-paragraph\">Una companya nostra, despr\u00e9s d\u2019haver-la conegut, ho ha volgut explicar d\u2019aquesta manera:<\/p>\n<\/div>\n\n\n\n<p class=\"has-text-align-center wp-block-paragraph\"><em>La Martina \u00e9s una persona amable, alegre, apassionada i tamb\u00e9 en\u00e8rgica a la seva manera (al meu parer). Per a mi \u00e9s una persona que estima el que fa, li apassiona el que treballa&#8230; que \u00e9s l&#8217;art.<\/em><\/p>\n\n\n\n<p class=\"has-text-align-center wp-block-paragraph\"><em>Ens ha plantejat el tema del color com a fil conductor de tot el treball que farem amb ella. Aprofitant la seva pr\u00f2pia idea, la ut ilitzar\u00e9per descriure-la: si hagu\u00e9s de triar un color per definir la Martina, aquest color seria el groc. Per qu\u00e8 groc? Doncs perqu\u00e8 per a mi \u00e9s una persona treballadora a qui li apassiona la seva feina, el que estima. El color groc per a mi \u00e9s un color que destaca, i all\u00e0 on vagis el pots veure des de lluny. El groc \u00e9s un color tan brillant que fins i tot la paraula felicitat utilitza el color per representar-lo.&nbsp;<\/em><\/p>\n\n\n\n<p class=\"has-text-align-center wp-block-paragraph\"><em>El color groc per a mi representa bondat, felicitat, energia i molt m\u00e9s. El groc \u00e9s el color que em dona alegria. I vaig pensar de quin color seria la Martina. Vaig pensar que \u00abel color per a mi que representa la Martina \u00e9s&#8230;\u00bb o almenys aix\u00f2 \u00e9s el que \u00e9s per a mi la Martina. El color GROC.<\/em><\/p>\n\n\n\n<p class=\"wp-block-paragraph\"><\/p>\n\n\n\n<p class=\"has-text-align-center wp-block-paragraph\">La resta estem d\u2019acord amb aquesta descripci\u00f3. Les sessions amb ella de moment han estat mogudes, en\u00e8rgiques i vitals. A ella li agrada sobretot el blau, per\u00f2 sembla que tindrem una assignatura molt groga aquest curs.<\/p>\n\n\n\n<p class=\"wp-block-paragraph\"><\/p>\n","protected":false},"excerpt":{"rendered":"<p>La Martina Many\u00e0 es una artista que ens acompanyar\u00e0 durant aquest curs a classe d\u2019expressi\u00f3 art\u00edstica. \u00c9s una artista pl\u00e0stica i aquest any treballarem amb ella colze a colze, i ser\u00e0 tamb\u00e9 la nostra guia en el m\u00f3n de l\u2019art. Alguns desitgem que ens s\u00e0piga orientar per entendre els misteriosos enigmes de l\u2019art dels nostres &hellip; <\/p>\n<p class=\"link-more\"><a href=\"\/serratbonastre2025\/qui-es-la-martina-manya\/\" class=\"more-link\">Continua llegint <span class=\"screen-reader-text\">\u00abQui \u00e9s la Martina Many\u00e0?\u00bb<\/span><\/a><\/p>\n","protected":false},"author":17,"featured_media":0,"comment_status":"open","ping_status":"open","sticky":false,"template":"","format":"standard","meta":{"footnotes":""},"categories":[1],"tags":[],"class_list":["post-384","post","type-post","status-publish","format-standard","hentry","category-general"],"_links":{"self":[{"href":"\/serratbonastre2025\/wp-json\/wp\/v2\/posts\/384","targetHints":{"allow":["GET"]}}],"collection":[{"href":"\/serratbonastre2025\/wp-json\/wp\/v2\/posts"}],"about":[{"href":"\/serratbonastre2025\/wp-json\/wp\/v2\/types\/post"}],"author":[{"embeddable":true,"href":"\/serratbonastre2025\/wp-json\/wp\/v2\/users\/17"}],"replies":[{"embeddable":true,"href":"\/serratbonastre2025\/wp-json\/wp\/v2\/comments?post=384"}],"version-history":[{"count":3,"href":"\/serratbonastre2025\/wp-json\/wp\/v2\/posts\/384\/revisions"}],"predecessor-version":[{"id":420,"href":"\/serratbonastre2025\/wp-json\/wp\/v2\/posts\/384\/revisions\/420"}],"wp:attachment":[{"href":"\/serratbonastre2025\/wp-json\/wp\/v2\/media?parent=384"}],"wp:term":[{"taxonomy":"category","embeddable":true,"href":"\/serratbonastre2025\/wp-json\/wp\/v2\/categories?post=384"},{"taxonomy":"post_tag","embeddable":true,"href":"\/serratbonastre2025\/wp-json\/wp\/v2\/tags?post=384"}],"curies":[{"name":"wp","href":"https:\/\/api.w.org\/{rel}","templated":true}]}}