{"id":393,"date":"2024-12-09T07:32:27","date_gmt":"2024-12-09T05:32:27","guid":{"rendered":"\/serratbonastre2025\/?p=393"},"modified":"2024-12-09T07:34:36","modified_gmt":"2024-12-09T05:34:36","slug":"quin-nom-tenen-els-colors-i-com-parlem-dells","status":"publish","type":"post","link":"\/serratbonastre2025\/quin-nom-tenen-els-colors-i-com-parlem-dells\/","title":{"rendered":"QUIN NOM TENEN ELS COLORS I COM PARLEM D\u2019ELLS?"},"content":{"rendered":"\n<p class=\"wp-block-paragraph\">Hi ha molts colors amb molts noms diferents. Tots tenen el seu espai i la seva import\u00e0ncia, per\u00f2, si ens fixem en com els podem aconseguir, potser no tots tenen la mateixa rellev\u00e0ncia. Els principals colors a tenir en compte a l\u2019hora de generar-los s\u00f3n el groc el blau cian i vermell, pel fet que a partir d&#8217;aquests colors en surten tots els altres. Tamb\u00e9 cal tenir en compte que s\u00f3n colors que no \u00e9s possible crear a partir de la barreja d&#8217;altres colors.&nbsp;<\/p>\n\n\n\n<p class=\"wp-block-paragraph\">Ara b\u00e9, si, en lloc de fixar-nos en com es poden generar els colors, ens fixem en tot all\u00f2 que els colors ens generen a nosaltres, aleshores descobrim que no hi ha uns colors m\u00e9s rellevants que uns altres. Als colors hi podem associar coses, algunes molt personals i algunes altres m\u00e9s generals. Segons com sigui cadasc\u00fa, els colors expressen coses, sentiments o aures diferents. Cadasc\u00fa els relaciona amb diferents coses. Aix\u00f2 \u00e9s el que vam descobrir amb el primer enc\u00e0rrec que ens va fer la Martina: escollir tres colors que ens identifiquessin o ens agradessin per despr\u00e9s descriure\u2019ls i explicar-los a la resta del grup.&nbsp;<\/p>\n\n\n\n<figure class=\"wp-block-image size-large\"><img loading=\"lazy\" decoding=\"async\" width=\"1024\" height=\"769\" src=\"\/serratbonastre2025\/wp-content\/uploads\/2024\/12\/Captura-de-pantalla-2024-12-09-a-les-6.30.44-1024x769.png\" alt=\"\" class=\"wp-image-394\" srcset=\"\/serratbonastre2025\/wp-content\/uploads\/2024\/12\/Captura-de-pantalla-2024-12-09-a-les-6.30.44-1024x769.png 1024w, \/serratbonastre2025\/wp-content\/uploads\/2024\/12\/Captura-de-pantalla-2024-12-09-a-les-6.30.44-300x225.png 300w, \/serratbonastre2025\/wp-content\/uploads\/2024\/12\/Captura-de-pantalla-2024-12-09-a-les-6.30.44-768x577.png 768w, \/serratbonastre2025\/wp-content\/uploads\/2024\/12\/Captura-de-pantalla-2024-12-09-a-les-6.30.44.png 1300w\" sizes=\"auto, (max-width: 767px) 89vw, (max-width: 1000px) 54vw, (max-width: 1071px) 543px, 580px\" \/><\/figure>\n\n\n\n<p class=\"wp-block-paragraph\">Aix\u00f2 va resultar ser un repte per a molts. Com escollir els colors no va ser massa dif\u00edcil: si no ten\u00edem clars els nostres colors preferits, amb una breu estona d\u2019observaci\u00f3 atenta ja els vam aconseguir. En canvi, descriure\u2019ls ens va resultar realment complicat. La majoria realment no trobava les paraules per explicar els seus colors preferits i nom\u00e9s a uns pocs ens va ser possible escriure una bona descripci\u00f3. Per qu\u00e8 \u00e9s tan dif\u00edcil descriure els colors? Resulta que la gran majoria associ\u00e0vem els colors amb records o amb detalls dels seus records. La subjectivitat ens va portar a un guirigall\u2026 que de totes maneres va ser molt revelador.&nbsp;<\/p>\n\n\n\n<figure class=\"wp-block-image size-large\"><img loading=\"lazy\" decoding=\"async\" width=\"1024\" height=\"772\" src=\"\/serratbonastre2025\/wp-content\/uploads\/2024\/12\/Captura-de-pantalla-2024-12-09-a-les-6.31.57-1024x772.png\" alt=\"\" class=\"wp-image-395\" srcset=\"\/serratbonastre2025\/wp-content\/uploads\/2024\/12\/Captura-de-pantalla-2024-12-09-a-les-6.31.57-1024x772.png 1024w, \/serratbonastre2025\/wp-content\/uploads\/2024\/12\/Captura-de-pantalla-2024-12-09-a-les-6.31.57-300x226.png 300w, \/serratbonastre2025\/wp-content\/uploads\/2024\/12\/Captura-de-pantalla-2024-12-09-a-les-6.31.57-768x579.png 768w, \/serratbonastre2025\/wp-content\/uploads\/2024\/12\/Captura-de-pantalla-2024-12-09-a-les-6.31.57.png 1302w\" sizes=\"auto, (max-width: 767px) 89vw, (max-width: 1000px) 54vw, (max-width: 1071px) 543px, 580px\" \/><\/figure>\n\n\n\n<p class=\"wp-block-paragraph\">Per exemple, a la meva companya i jo vam coincidir en triar el blau. Jo vaig triar-ne un de molt fosc, i despr\u00e9s de tenir pintat un DinA4 amb ell, el vaig anomenar profunditat, ja que a mi em fa pensar en ell mar i en les seves profunditats, on probablement no hi hagi molta llum. A la vegada, tamb\u00e9 em fa pensar en el color que podria arribar a haver m\u00e9s enll\u00e0 del cel blau clar que sempre solem observar, i em fa sentir a gust com als llocs m\u00e9s tranquils als quals podria anar.&nbsp;<\/p>\n\n\n\n<p class=\"wp-block-paragraph\">Al final, ens hem quedat amb noves preguntes al cap. Qu\u00e8 ens diuen els colors de nosaltres? En els colors hi ha sentiments? S\u00f3n dip\u00f2sit per als nostres records? Quin efecte tenen per a cadasc\u00fa? I a tots ens generen les mateixes sensacions?<\/p>\n\n\n\n<p class=\"wp-block-paragraph\">Al llarg del curs esperem poder resoldre aquests interrogants, per\u00f2 ara, de sobte, hem vist com el misteri s\u2019ha fet m\u00e9s gran.<\/p>\n\n\n\n<figure class=\"wp-block-image size-large\"><img loading=\"lazy\" decoding=\"async\" width=\"1024\" height=\"772\" src=\"\/serratbonastre2025\/wp-content\/uploads\/2024\/12\/Captura-de-pantalla-2024-12-09-a-les-6.34.23-1024x772.png\" alt=\"\" class=\"wp-image-397\" srcset=\"\/serratbonastre2025\/wp-content\/uploads\/2024\/12\/Captura-de-pantalla-2024-12-09-a-les-6.34.23-1024x772.png 1024w, \/serratbonastre2025\/wp-content\/uploads\/2024\/12\/Captura-de-pantalla-2024-12-09-a-les-6.34.23-300x226.png 300w, \/serratbonastre2025\/wp-content\/uploads\/2024\/12\/Captura-de-pantalla-2024-12-09-a-les-6.34.23-768x579.png 768w, \/serratbonastre2025\/wp-content\/uploads\/2024\/12\/Captura-de-pantalla-2024-12-09-a-les-6.34.23.png 1144w\" sizes=\"auto, (max-width: 767px) 89vw, (max-width: 1000px) 54vw, (max-width: 1071px) 543px, 580px\" \/><\/figure>\n","protected":false},"excerpt":{"rendered":"<p>Hi ha molts colors amb molts noms diferents. Tots tenen el seu espai i la seva import\u00e0ncia, per\u00f2, si ens fixem en com els podem aconseguir, potser no tots tenen la mateixa rellev\u00e0ncia. Els principals colors a tenir en compte a l\u2019hora de generar-los s\u00f3n el groc el blau cian i vermell, pel fet que &hellip; <\/p>\n<p class=\"link-more\"><a href=\"\/serratbonastre2025\/quin-nom-tenen-els-colors-i-com-parlem-dells\/\" class=\"more-link\">Continua llegint <span class=\"screen-reader-text\">\u00abQUIN NOM TENEN ELS COLORS I COM PARLEM D\u2019ELLS?\u00bb<\/span><\/a><\/p>\n","protected":false},"author":17,"featured_media":0,"comment_status":"open","ping_status":"open","sticky":false,"template":"","format":"standard","meta":{"footnotes":""},"categories":[1],"tags":[],"class_list":["post-393","post","type-post","status-publish","format-standard","hentry","category-general"],"_links":{"self":[{"href":"\/serratbonastre2025\/wp-json\/wp\/v2\/posts\/393","targetHints":{"allow":["GET"]}}],"collection":[{"href":"\/serratbonastre2025\/wp-json\/wp\/v2\/posts"}],"about":[{"href":"\/serratbonastre2025\/wp-json\/wp\/v2\/types\/post"}],"author":[{"embeddable":true,"href":"\/serratbonastre2025\/wp-json\/wp\/v2\/users\/17"}],"replies":[{"embeddable":true,"href":"\/serratbonastre2025\/wp-json\/wp\/v2\/comments?post=393"}],"version-history":[{"count":2,"href":"\/serratbonastre2025\/wp-json\/wp\/v2\/posts\/393\/revisions"}],"predecessor-version":[{"id":399,"href":"\/serratbonastre2025\/wp-json\/wp\/v2\/posts\/393\/revisions\/399"}],"wp:attachment":[{"href":"\/serratbonastre2025\/wp-json\/wp\/v2\/media?parent=393"}],"wp:term":[{"taxonomy":"category","embeddable":true,"href":"\/serratbonastre2025\/wp-json\/wp\/v2\/categories?post=393"},{"taxonomy":"post_tag","embeddable":true,"href":"\/serratbonastre2025\/wp-json\/wp\/v2\/tags?post=393"}],"curies":[{"name":"wp","href":"https:\/\/api.w.org\/{rel}","templated":true}]}}