{"id":400,"date":"2024-12-09T07:38:18","date_gmt":"2024-12-09T05:38:18","guid":{"rendered":"\/serratbonastre2025\/?p=400"},"modified":"2024-12-09T07:38:51","modified_gmt":"2024-12-09T05:38:51","slug":"sortida-a-la-fundacio-miro","status":"publish","type":"post","link":"\/serratbonastre2025\/sortida-a-la-fundacio-miro\/","title":{"rendered":"Sortida a la Fundaci\u00f3 Mir\u00f3"},"content":{"rendered":"\n<figure class=\"wp-block-image\"><img decoding=\"async\" src=\"https:\/\/lh7-rt.googleusercontent.com\/docsz\/AD_4nXdNWezIJ2X_4v288vvosrax_cxGZCtQ7yVRu2ofgxOfcg0y5cuGUCMq4x2qYOxt_6hNaOG_Gk9iWpPcQvM9KWJN8gxhom12BnM0hcgMtobjufPMJTWy41FMsL0UMmQVyUyi-QxDaQ?key=qa8DMK6T7qgSKSoo6V2VH1eM\" alt=\"\"\/><\/figure>\n\n\n\n<p class=\"wp-block-paragraph\">El dia 28 d\u2019octubre de 2024 el grup d\u2019Expressi\u00f3 art\u00edstica de 4t d\u2019ESO vam anar a la Fundaci\u00f3 Joan Mir\u00f3 amb el C\u00e8sar, la Carme i la Martina. Vam visitar diverses sales, totes plenes d\u2019obres diferents. Hi havia pintures, escultures i fins i tot teles. Algunes eren detallades, altres m\u00e9s simples, algunes maximalistes i altres abstractes. La fundaci\u00f3 \u00e9s un espai molt bonic, tant pels seus quadres com pels arbres i la natura que t\u00e9 al voltant. Tamb\u00e9 \u00e9s un lloc molt acollidor i id\u00edl\u00b7lic, amb un ambient incre\u00efble i tranquil.&nbsp;<\/p>\n\n\n\n<p class=\"wp-block-paragraph\">Al final de la visita vam fer una activitat que consistia a triar una de les obres, la que m\u00e9s ens agrad\u00e9s personalment, i fer un text sobre ella, explicant com era, el que ens transmetia, per qu\u00e8 l\u2019hav\u00edem escollit\u2026 M\u00e9s tard vam posar en com\u00fa les nostres idees i el que hav\u00edem escrit, i vam veure les diferents perspectives que tenia cadasc\u00fa sobre el tema. Hi havia obres que a alg\u00fa no li deien res, per\u00f2 connectaven molt amb una altra persona. Almenys a mi em va obrir molt el cap, en adonar-me de detalls que no havia vist o en meravellar-me amb les seves reflexions.&nbsp;<\/p>\n\n\n\n<figure class=\"wp-block-image\"><img decoding=\"async\" src=\"https:\/\/lh7-rt.googleusercontent.com\/docsz\/AD_4nXfoGiE_KIfAMAJx3Z-xp2-F4Wtoohs_-vdV0LRtlEYvrF6lemdLRpk6g0LfhClc4LxLeUjjwmmC2tB-eka08siImidmTXX1ob9GyaPVCFaFvlKUbINWPRP7wom0cXcT2YUxXAyudw?key=qa8DMK6T7qgSKSoo6V2VH1eM\" alt=\"\"\/><\/figure>\n\n\n\n<p class=\"wp-block-paragraph\">Per exemple, hi havia un quadre de Mir\u00f3 anomenat <em>Paisatge<\/em>. Un quadre molt senzill est\u00e8ticament; un fons completament blanc amb un puntet blau al costat dret. A simple vista, la majoria pensaria que aix\u00f2 no \u00e9s art, ja que ho podria fer qualsevol persona, i \u00e9s cert. Per\u00f2 vam parlar d\u2019ell i vam comentar-lo tamb\u00e9 en grup. Segons la nostra opini\u00f3, el significat i la bellesa d\u2019aquest quadre en concret, anaven molt m\u00e9s enll\u00e0 de l\u2019est\u00e8tic. La nostra conclusi\u00f3 va ser que com m\u00e9s senzill \u00e9s el quadre m\u00e9s ens esforcem a atribuir-li un significat.<\/p>\n\n\n\n<p class=\"wp-block-paragraph\">A mi personalment em va agradar molt aquesta excursi\u00f3. Crec que va ser una sortida molt did\u00e0ctica, ja que ens va ensenyar a no nom\u00e9s veure la bellesa est\u00e8tica de la pintura, sin\u00f3 tamb\u00e9 el seu significat, el que et fa pensar o el que l\u2019artista volia transmetre.&nbsp;<\/p>\n\n\n<div class=\"wp-block-image is-style-rounded\">\n<figure class=\"aligncenter\"><img decoding=\"async\" src=\"https:\/\/lh7-rt.googleusercontent.com\/docsz\/AD_4nXeiKMDbaYw9E0Fp2uhA2_XRr1eCeGBHs7CS7iDXvHUzwf9HUIopD83wNoMvkkupguQc5aOuQQ7TWFTfXDwfykA1UN-tf3euL95M6Big_006uw_MILMUs7j0pQllr7YAcfooWxKRFw?key=qa8DMK6T7qgSKSoo6V2VH1eM\" alt=\"\"\/><\/figure>\n<\/div>\n\n\n<p class=\"wp-block-paragraph\"><\/p>\n","protected":false},"excerpt":{"rendered":"<p>El dia 28 d\u2019octubre de 2024 el grup d\u2019Expressi\u00f3 art\u00edstica de 4t d\u2019ESO vam anar a la Fundaci\u00f3 Joan Mir\u00f3 amb el C\u00e8sar, la Carme i la Martina. Vam visitar diverses sales, totes plenes d\u2019obres diferents. Hi havia pintures, escultures i fins i tot teles. Algunes eren detallades, altres m\u00e9s simples, algunes maximalistes i altres &hellip; <\/p>\n<p class=\"link-more\"><a href=\"\/serratbonastre2025\/sortida-a-la-fundacio-miro\/\" class=\"more-link\">Continua llegint <span class=\"screen-reader-text\">\u00abSortida a la Fundaci\u00f3 Mir\u00f3\u00bb<\/span><\/a><\/p>\n","protected":false},"author":17,"featured_media":0,"comment_status":"open","ping_status":"open","sticky":false,"template":"","format":"standard","meta":{"footnotes":""},"categories":[1],"tags":[],"class_list":["post-400","post","type-post","status-publish","format-standard","hentry","category-general"],"_links":{"self":[{"href":"\/serratbonastre2025\/wp-json\/wp\/v2\/posts\/400","targetHints":{"allow":["GET"]}}],"collection":[{"href":"\/serratbonastre2025\/wp-json\/wp\/v2\/posts"}],"about":[{"href":"\/serratbonastre2025\/wp-json\/wp\/v2\/types\/post"}],"author":[{"embeddable":true,"href":"\/serratbonastre2025\/wp-json\/wp\/v2\/users\/17"}],"replies":[{"embeddable":true,"href":"\/serratbonastre2025\/wp-json\/wp\/v2\/comments?post=400"}],"version-history":[{"count":2,"href":"\/serratbonastre2025\/wp-json\/wp\/v2\/posts\/400\/revisions"}],"predecessor-version":[{"id":402,"href":"\/serratbonastre2025\/wp-json\/wp\/v2\/posts\/400\/revisions\/402"}],"wp:attachment":[{"href":"\/serratbonastre2025\/wp-json\/wp\/v2\/media?parent=400"}],"wp:term":[{"taxonomy":"category","embeddable":true,"href":"\/serratbonastre2025\/wp-json\/wp\/v2\/categories?post=400"},{"taxonomy":"post_tag","embeddable":true,"href":"\/serratbonastre2025\/wp-json\/wp\/v2\/tags?post=400"}],"curies":[{"name":"wp","href":"https:\/\/api.w.org\/{rel}","templated":true}]}}