{"id":403,"date":"2024-12-09T07:35:00","date_gmt":"2024-12-09T05:35:00","guid":{"rendered":"\/serratbonastre2025\/?p=403"},"modified":"2024-12-09T07:54:50","modified_gmt":"2024-12-09T05:54:50","slug":"la-llibreta-dartista","status":"publish","type":"post","link":"\/serratbonastre2025\/la-llibreta-dartista\/","title":{"rendered":"LA LLIBRETA D\u2019ARTISTA"},"content":{"rendered":"\n<figure class=\"wp-block-image size-large is-style-rounded\"><img loading=\"lazy\" decoding=\"async\" width=\"1024\" height=\"764\" src=\"\/serratbonastre2025\/wp-content\/uploads\/2024\/12\/Captura-de-pantalla-2024-12-09-a-les-6.42.51-1024x764.png\" alt=\"\" class=\"wp-image-406\" srcset=\"\/serratbonastre2025\/wp-content\/uploads\/2024\/12\/Captura-de-pantalla-2024-12-09-a-les-6.42.51-1024x764.png 1024w, \/serratbonastre2025\/wp-content\/uploads\/2024\/12\/Captura-de-pantalla-2024-12-09-a-les-6.42.51-300x224.png 300w, \/serratbonastre2025\/wp-content\/uploads\/2024\/12\/Captura-de-pantalla-2024-12-09-a-les-6.42.51-768x573.png 768w, \/serratbonastre2025\/wp-content\/uploads\/2024\/12\/Captura-de-pantalla-2024-12-09-a-les-6.42.51.png 1078w\" sizes=\"auto, (max-width: 767px) 89vw, (max-width: 1000px) 54vw, (max-width: 1071px) 543px, 580px\" \/><\/figure>\n\n\n\n<p class=\"wp-block-paragraph\">La llibreta d\u2019artista \u00e9s una eina nova per a nosaltres en aquest cam\u00ed que estem fent en el m\u00f3n de l\u2019art de la m\u00e0 de la Martina. Amb la llibreta estem aprenent a treballar la nostra creativitat, la nostra sensibilitat, i a enriquir la nostra consci\u00e8ncia art\u00edstica. La llibreta d\u2019artista la fa cadasc\u00fa com vol, i no t\u00e9 una pauta estricta, sin\u00f3 que \u00e9s una eina d\u2019expressi\u00f3 lliure que pot contenir all\u00f2 que cadasc\u00fa desitgi. Tot i aix\u00ed, per a nosaltres s\u00ed t\u00e9 alguns objectius comuns. En ella prenem apunts de les classes, resums de les sortides, aprenentatges, el que ens sembla interessant, dubtes, idees, dibuixos\u2026 A m\u00e9s de ser una llibreta amb l\u2019\u00fanic objectiu de prendre apunts sobre la teoria de classe i ser avaluada, tamb\u00e9 t\u00e9 l\u2019objectiu de recopilar les nostres idees i creacions. \u00c9s m\u00e9s que una llibreta, \u00e9s on apuntem cada idea creativa o les nostres reflexions sobre l\u2019art. Amb dibuixos, creacions i textos fem cr\u00e9ixer la nostra perspectiva sobre l\u2019art i els temes tractats a l\u2019aula.&nbsp;&nbsp;&nbsp;<\/p>\n\n\n<div class=\"wp-block-image\">\n<figure class=\"aligncenter size-large is-resized\"><img loading=\"lazy\" decoding=\"async\" width=\"1024\" height=\"770\" src=\"\/serratbonastre2025\/wp-content\/uploads\/2024\/12\/Captura-de-pantalla-2024-12-09-a-les-6.41.54-1024x770.png\" alt=\"\" class=\"wp-image-404\" style=\"width:525px;height:auto\" srcset=\"\/serratbonastre2025\/wp-content\/uploads\/2024\/12\/Captura-de-pantalla-2024-12-09-a-les-6.41.54-1024x770.png 1024w, \/serratbonastre2025\/wp-content\/uploads\/2024\/12\/Captura-de-pantalla-2024-12-09-a-les-6.41.54-300x226.png 300w, \/serratbonastre2025\/wp-content\/uploads\/2024\/12\/Captura-de-pantalla-2024-12-09-a-les-6.41.54-768x577.png 768w, \/serratbonastre2025\/wp-content\/uploads\/2024\/12\/Captura-de-pantalla-2024-12-09-a-les-6.41.54.png 1458w\" sizes=\"auto, (max-width: 767px) 89vw, (max-width: 1000px) 54vw, (max-width: 1071px) 543px, 580px\" \/><\/figure>\n<\/div>\n\n\n<p class=\"wp-block-paragraph\">A una eina tan senzilla com una llibreta, li estem donant un nou significat especial que fins ara no li hav\u00edem donat.&nbsp;<\/p>\n\n\n<div class=\"wp-block-image is-style-rounded\">\n<figure class=\"aligncenter size-large is-resized\"><img loading=\"lazy\" decoding=\"async\" width=\"1024\" height=\"738\" src=\"\/serratbonastre2025\/wp-content\/uploads\/2024\/12\/Captura-de-pantalla-2024-12-09-a-les-6.42.20-1024x738.png\" alt=\"\" class=\"wp-image-405\" style=\"width:450px;height:auto\" srcset=\"\/serratbonastre2025\/wp-content\/uploads\/2024\/12\/Captura-de-pantalla-2024-12-09-a-les-6.42.20-1024x738.png 1024w, \/serratbonastre2025\/wp-content\/uploads\/2024\/12\/Captura-de-pantalla-2024-12-09-a-les-6.42.20-300x216.png 300w, \/serratbonastre2025\/wp-content\/uploads\/2024\/12\/Captura-de-pantalla-2024-12-09-a-les-6.42.20-768x553.png 768w, \/serratbonastre2025\/wp-content\/uploads\/2024\/12\/Captura-de-pantalla-2024-12-09-a-les-6.42.20-1536x1107.png 1536w, \/serratbonastre2025\/wp-content\/uploads\/2024\/12\/Captura-de-pantalla-2024-12-09-a-les-6.42.20.png 1774w\" sizes=\"auto, (max-width: 767px) 89vw, (max-width: 1000px) 54vw, (max-width: 1071px) 543px, 580px\" \/><\/figure>\n<\/div>","protected":false},"excerpt":{"rendered":"<p>La llibreta d\u2019artista \u00e9s una eina nova per a nosaltres en aquest cam\u00ed que estem fent en el m\u00f3n de l\u2019art de la m\u00e0 de la Martina. Amb la llibreta estem aprenent a treballar la nostra creativitat, la nostra sensibilitat, i a enriquir la nostra consci\u00e8ncia art\u00edstica. La llibreta d\u2019artista la fa cadasc\u00fa com vol, &hellip; <\/p>\n<p class=\"link-more\"><a href=\"\/serratbonastre2025\/la-llibreta-dartista\/\" class=\"more-link\">Continua llegint <span class=\"screen-reader-text\">\u00abLA LLIBRETA D\u2019ARTISTA\u00bb<\/span><\/a><\/p>\n","protected":false},"author":17,"featured_media":0,"comment_status":"open","ping_status":"open","sticky":false,"template":"","format":"standard","meta":{"footnotes":""},"categories":[1],"tags":[],"class_list":["post-403","post","type-post","status-publish","format-standard","hentry","category-general"],"_links":{"self":[{"href":"\/serratbonastre2025\/wp-json\/wp\/v2\/posts\/403","targetHints":{"allow":["GET"]}}],"collection":[{"href":"\/serratbonastre2025\/wp-json\/wp\/v2\/posts"}],"about":[{"href":"\/serratbonastre2025\/wp-json\/wp\/v2\/types\/post"}],"author":[{"embeddable":true,"href":"\/serratbonastre2025\/wp-json\/wp\/v2\/users\/17"}],"replies":[{"embeddable":true,"href":"\/serratbonastre2025\/wp-json\/wp\/v2\/comments?post=403"}],"version-history":[{"count":1,"href":"\/serratbonastre2025\/wp-json\/wp\/v2\/posts\/403\/revisions"}],"predecessor-version":[{"id":407,"href":"\/serratbonastre2025\/wp-json\/wp\/v2\/posts\/403\/revisions\/407"}],"wp:attachment":[{"href":"\/serratbonastre2025\/wp-json\/wp\/v2\/media?parent=403"}],"wp:term":[{"taxonomy":"category","embeddable":true,"href":"\/serratbonastre2025\/wp-json\/wp\/v2\/categories?post=403"},{"taxonomy":"post_tag","embeddable":true,"href":"\/serratbonastre2025\/wp-json\/wp\/v2\/tags?post=403"}],"curies":[{"name":"wp","href":"https:\/\/api.w.org\/{rel}","templated":true}]}}