{"id":408,"date":"2024-12-09T07:46:33","date_gmt":"2024-12-09T05:46:33","guid":{"rendered":"\/serratbonastre2025\/?p=408"},"modified":"2024-12-09T07:46:33","modified_gmt":"2024-12-09T05:46:33","slug":"la-visita-a-les-tres-xemeneies","status":"publish","type":"post","link":"\/serratbonastre2025\/la-visita-a-les-tres-xemeneies\/","title":{"rendered":"LA VISITA A LES TRES XEMENEIES"},"content":{"rendered":"\n<p class=\"wp-block-paragraph\">El dimecres 30 de novembre v am fer una excursi\u00f3 a les tres xemeneies a Badalona. All\u00e0, durant l\u2019octubre i el novembre s\u2019hi ha celebrat una bienal d\u2019art, i all\u00e0 ens vam trobar uns quants instituts que participem aquest curs en el projecte Artista en resid\u00e8ncia. All\u00e0 vam trobar-nos amb la nostra artista, la Martina, i ens va fer de guia despr\u00e9s de l\u2019espectacle que vam poder veure a l\u2019inici.<\/p>\n\n\n\n<p class=\"wp-block-paragraph\">&nbsp;&nbsp;&nbsp;&nbsp;&nbsp;El primer que vam veure en arribar, abans d\u2019entrar dins van ser una esp\u00e8cie d\u2019escultures esf\u00e8riques gegants fetes de fusta i cobertes amb cordes. Quan vam entrar a les xemeneies, vam veure dos grups de gent ballant. Els dos balls van ser una mica estranys, perqu\u00e8 eren inusuals, per\u00f2 molt captivadors; mesclaven diferents missatges fent moviments dram\u00e0tics, fins i tot utilitzant els tel\u00e8fons.&nbsp;<\/p>\n\n\n\n<p class=\"wp-block-paragraph\">Despr\u00e9s de veure els balls, vam pujar a la segona planta on hi havia una gran m\u00e0quina de teixir amb v\u00e0ries peces de tela, ens van explicar com es feia i ens van deixar teixir a nosaltres. Era una obra feta per artistes amb alumnes d\u2019un altre institut que havia estat posat a la disposici\u00f3 de tot el p\u00fablic. Estava ubicat a la primera sala i podies seure i teixir el que volguessis.&nbsp;<\/p>\n\n\n\n<p class=\"wp-block-paragraph\">Despr\u00e9s vam seguir el recorregut, vam arribar a una sala molt gran on hi havia peces d\u2019almenys vint metres d\u2019al\u00e7ada penjades del sostre. En aquesta sala, havien tret els vidres de les finestres, i per tant corria l&#8217;aire. Aix\u00f2 feia que les teles es moguessin. Semblaven les onades del mar. Al costat hi havia una esp\u00e8cie de sala de control antiga de la central t\u00e8rmica que no havien arribat a treure i quedava com a testimoni de la funci\u00f3 de l\u2019edifici en el passat.&nbsp;<\/p>\n\n\n\n<p class=\"wp-block-paragraph\">Despr\u00e9s d\u2019aix\u00f2, vam tornar a baixar fins a arribar a una sala on hi havia unes teles tacades de fang, al costat hi havia una manta coberta de palla que penjava del sostre.<\/p>\n\n\n\n<p class=\"wp-block-paragraph\">A la part de baix tamb\u00e9 hi havia un mini bosc amb arbres cremats units per tonells i estructures que recordava al personatge de Frankenstein. Em va agradar molt la sortida, cada obra em semblava molt bonica, i encara que no em transmeten molta cosa vaig arribar a sentir coses, com calma amb les mantes colgades del sostre.<\/p>\n\n\n\n<figure class=\"wp-block-image\"><img decoding=\"async\" src=\"https:\/\/lh7-rt.googleusercontent.com\/docsz\/AD_4nXfr07uIlApX0Vxzs3BS_eNfru9bOulNEwAQjnoopB7rmY9zPcRBaseZxXBj0SfV6TAVZrOb7Ne3umfbmWC93nzUOao4TvAxvMYA94EO9L9NIuUaGrrNh3y1WL6MmAvpXBbbzNUeWA?key=jO4uDqKdWzEw1edL_OwZxoLu\" alt=\"\"\/><\/figure>\n\n\n\n<figure class=\"wp-block-image\"><img decoding=\"async\" src=\"https:\/\/lh7-rt.googleusercontent.com\/docsz\/AD_4nXckQCn5bQOWRMZje2OOuGcftR82fsQPIzuwFq614myAW2UF16mzrCWeZMh-hk03pfcPyF00mrl5v_kGrmrcxHk2UiW_aGeHxrqf505emf4LVWXZu6mav7vvnco8ChGCCi-t4sqx?key=jO4uDqKdWzEw1edL_OwZxoLu\" alt=\"\"\/><\/figure>\n\n\n\n<figure class=\"wp-block-image\"><img decoding=\"async\" src=\"https:\/\/lh7-rt.googleusercontent.com\/docsz\/AD_4nXenzV3pX51Gpi0gtUbDqgSDhzyezTK8ecNS8dvpzsg7twKoyzoyNVgB5fIR4-B0cmAmw-N-c579eZT8tA8rU96IdnDBVa9W7TOgytdRy80VkXOnFawB-KsCZkYX0mAWnSiZ6mZ4?key=jO4uDqKdWzEw1edL_OwZxoLu\" alt=\"\"\/><\/figure>\n","protected":false},"excerpt":{"rendered":"<p>El dimecres 30 de novembre v am fer una excursi\u00f3 a les tres xemeneies a Badalona. All\u00e0, durant l\u2019octubre i el novembre s\u2019hi ha celebrat una bienal d\u2019art, i all\u00e0 ens vam trobar uns quants instituts que participem aquest curs en el projecte Artista en resid\u00e8ncia. All\u00e0 vam trobar-nos amb la nostra artista, la Martina, &hellip; <\/p>\n<p class=\"link-more\"><a href=\"\/serratbonastre2025\/la-visita-a-les-tres-xemeneies\/\" class=\"more-link\">Continua llegint <span class=\"screen-reader-text\">\u00abLA VISITA A LES TRES XEMENEIES\u00bb<\/span><\/a><\/p>\n","protected":false},"author":17,"featured_media":0,"comment_status":"open","ping_status":"open","sticky":false,"template":"","format":"standard","meta":{"footnotes":""},"categories":[1],"tags":[],"class_list":["post-408","post","type-post","status-publish","format-standard","hentry","category-general"],"_links":{"self":[{"href":"\/serratbonastre2025\/wp-json\/wp\/v2\/posts\/408","targetHints":{"allow":["GET"]}}],"collection":[{"href":"\/serratbonastre2025\/wp-json\/wp\/v2\/posts"}],"about":[{"href":"\/serratbonastre2025\/wp-json\/wp\/v2\/types\/post"}],"author":[{"embeddable":true,"href":"\/serratbonastre2025\/wp-json\/wp\/v2\/users\/17"}],"replies":[{"embeddable":true,"href":"\/serratbonastre2025\/wp-json\/wp\/v2\/comments?post=408"}],"version-history":[{"count":1,"href":"\/serratbonastre2025\/wp-json\/wp\/v2\/posts\/408\/revisions"}],"predecessor-version":[{"id":409,"href":"\/serratbonastre2025\/wp-json\/wp\/v2\/posts\/408\/revisions\/409"}],"wp:attachment":[{"href":"\/serratbonastre2025\/wp-json\/wp\/v2\/media?parent=408"}],"wp:term":[{"taxonomy":"category","embeddable":true,"href":"\/serratbonastre2025\/wp-json\/wp\/v2\/categories?post=408"},{"taxonomy":"post_tag","embeddable":true,"href":"\/serratbonastre2025\/wp-json\/wp\/v2\/tags?post=408"}],"curies":[{"name":"wp","href":"https:\/\/api.w.org\/{rel}","templated":true}]}}