{"id":411,"date":"2024-12-09T07:30:00","date_gmt":"2024-12-09T05:30:00","guid":{"rendered":"\/serratbonastre2025\/?p=411"},"modified":"2024-12-09T07:54:17","modified_gmt":"2024-12-09T05:54:17","slug":"el-color","status":"publish","type":"post","link":"\/serratbonastre2025\/el-color\/","title":{"rendered":"EL COLOR"},"content":{"rendered":"\n<p class=\"wp-block-paragraph\">El color \u00e9s el principal tema que explorarem i treballarem amb&nbsp; la Martina.<\/p>\n\n\n\n<p class=\"wp-block-paragraph\">El mateix dia que ens el va treure a classe,al comen\u00e7ament, ja van sortir preguntes i tem\u00e0tiques inesperades com les emocions i els sentiments; per qu\u00e8 relacionem el blau amb la tristesa? O el verd amb els diners i la gelosia? Vam acabar tenint debats molt inspiradors amb observacions molt sensibles respecte al seu treball i forma de pensar.&nbsp;<\/p>\n\n\n\n<p class=\"wp-block-paragraph\">Despr\u00e9s de dedicar una bona reflexi\u00f3, ens vam adonar que el color era m\u00e9s del que pens\u00e0vem. \u00c9s un tema que va m\u00e9s enll\u00e0 de la seva definici\u00f3 al diccionari, i r\u00e0pidament vam poder ser conscients de moltes coses que aleshores no ten\u00edem presents: la manera com percebem el color t\u00e9 una explicaci\u00f3 cient\u00edfica; els colors primaris es combinen per crear-ne d\u2019altres; els colors es poden utilitzar com una eina gr\u00e0fica per complementar-los i o contrastar-los i aix\u00ed crear efectes est\u00e8tics o altres efectes visuals agradables o intensos; etc.&nbsp;<\/p>\n\n\n\n<p class=\"wp-block-paragraph\">Com a base per poder-nos entendre quan parlem del color, tenim la teoria del color, la qual diu que tots els colors est\u00e0n format, pels primaris, magenta, groc i blau cian. En la roda del color, hi ha colors complementaris que es troben al lloc oposat del color escollit i aquests complementan o contrastan per a crear efectes visuals, agradables o intensos, depenent dels gustos de l\u2019observador. Dit aix\u00f2, no existeixen obres boniques, perqu\u00e8 el gust \u00e9s una cosa subjectiva i n\u2019hi pot haver tants com persones.<\/p>\n\n\n\n<p class=\"wp-block-paragraph\">Un exemple d\u2019un artista sensible amb el color va ser Joan Mir\u00f3, que ha estat una figura enormement influent (tamb\u00e9 per a la Martina Many\u00e0). Aquest artista va experimentar amb els efectes del color, fent a tothom pensar alhora d\u2019observar les seves obres que tenen el prop\u00f2sit de fer pensar i ser vistos per un ull art\u00edstic, no est\u00e8tic, com va fer Mir\u00f3. Aquest any tindrem la sort de poder visitar la Fundaci\u00f3 Mir\u00f3 v\u00e0ries vegades i apropar-nos a les obres d\u2019aquest artista. Esperem poder descobrir molts m\u00e9s secrets sobre el color al costat de la Martina Many\u00e0.<\/p>\n","protected":false},"excerpt":{"rendered":"<p>El color \u00e9s el principal tema que explorarem i treballarem amb&nbsp; la Martina. El mateix dia que ens el va treure a classe,al comen\u00e7ament, ja van sortir preguntes i tem\u00e0tiques inesperades com les emocions i els sentiments; per qu\u00e8 relacionem el blau amb la tristesa? O el verd amb els diners i la gelosia? Vam &hellip; <\/p>\n<p class=\"link-more\"><a href=\"\/serratbonastre2025\/el-color\/\" class=\"more-link\">Continua llegint <span class=\"screen-reader-text\">\u00abEL COLOR\u00bb<\/span><\/a><\/p>\n","protected":false},"author":17,"featured_media":0,"comment_status":"open","ping_status":"open","sticky":false,"template":"","format":"standard","meta":{"footnotes":""},"categories":[1],"tags":[],"class_list":["post-411","post","type-post","status-publish","format-standard","hentry","category-general"],"_links":{"self":[{"href":"\/serratbonastre2025\/wp-json\/wp\/v2\/posts\/411","targetHints":{"allow":["GET"]}}],"collection":[{"href":"\/serratbonastre2025\/wp-json\/wp\/v2\/posts"}],"about":[{"href":"\/serratbonastre2025\/wp-json\/wp\/v2\/types\/post"}],"author":[{"embeddable":true,"href":"\/serratbonastre2025\/wp-json\/wp\/v2\/users\/17"}],"replies":[{"embeddable":true,"href":"\/serratbonastre2025\/wp-json\/wp\/v2\/comments?post=411"}],"version-history":[{"count":1,"href":"\/serratbonastre2025\/wp-json\/wp\/v2\/posts\/411\/revisions"}],"predecessor-version":[{"id":412,"href":"\/serratbonastre2025\/wp-json\/wp\/v2\/posts\/411\/revisions\/412"}],"wp:attachment":[{"href":"\/serratbonastre2025\/wp-json\/wp\/v2\/media?parent=411"}],"wp:term":[{"taxonomy":"category","embeddable":true,"href":"\/serratbonastre2025\/wp-json\/wp\/v2\/categories?post=411"},{"taxonomy":"post_tag","embeddable":true,"href":"\/serratbonastre2025\/wp-json\/wp\/v2\/tags?post=411"}],"curies":[{"name":"wp","href":"https:\/\/api.w.org\/{rel}","templated":true}]}}