{"id":413,"date":"2024-12-09T07:31:00","date_gmt":"2024-12-09T05:31:00","guid":{"rendered":"\/serratbonastre2025\/?p=413"},"modified":"2024-12-09T07:55:28","modified_gmt":"2024-12-09T05:55:28","slug":"els-nostres-tres-colors","status":"publish","type":"post","link":"\/serratbonastre2025\/els-nostres-tres-colors\/","title":{"rendered":"\u00a0Els nostres tres colors"},"content":{"rendered":"<div class=\"wp-block-image is-style-default\">\n<figure class=\"aligncenter\"><img decoding=\"async\" src=\"https:\/\/lh7-rt.googleusercontent.com\/docsz\/AD_4nXfA24-ILpolTPMFzaRn5dwean2Z12mFQyyJIoN50qkLPa0j3Tg8Qt7VpNiNM8oghzhcuSOoi4Msw3wfbesFe0O6RkpTQjRD38CHfweLWoz1YPO1uO-Ne-dWkl2KlE76RRDGUNh_NA?key=R2jAgMmS9wjlZnfIQsgTlCl1\" alt=\"\"\/><\/figure>\n<\/div>\n\n\n<p class=\"wp-block-paragraph\">La primera activitat amb la Martina va consistir a presentar-nos a nosaltres mateixes a partir del color. La Martina ens va plantejar que escoll\u00edssim tres colors que ens representessin i que els pint\u00e9ssim en un full DIN A4.<\/p>\n\n\n\n<p class=\"wp-block-paragraph\">D\u2019entrada l\u2019activitat ens va semblar f\u00e0cil, tot i que segons la persona podia resultar-li dif\u00edcl. Escollir els colors que ens defineixen implica un exercici d\u2019autoexploraci\u00f3 m\u00e9s profund del que en un principi ens pensem. Per\u00f2 tothom va aconseguir superar aquest primer obstacle i escollir tres colors amb els quals ens sentissim identificats.<\/p>\n\n\n\n<figure class=\"wp-block-image\"><img decoding=\"async\" src=\"https:\/\/lh7-rt.googleusercontent.com\/docsz\/AD_4nXc4N_VoUGvTLB0ylbPGmxiTWVK2Ynxyy-bDuE8juoWCVQCZM58y70vs1BCWYLlk5MOUEVOdYwG-1ZEmI2xIHCH9j4jacPiAQG5wZmzxCsauuN3hxM4aCaO0JsBLjg1fM5r-jle6?key=R2jAgMmS9wjlZnfIQsgTlCl1\" alt=\"\"\/><\/figure>\n\n\n\n<p class=\"wp-block-paragraph\">Despr\u00e9s, a l\u2019hora d\u2019aconseguir plasmar els colors en un DIN A4, vam atravessar algunes dificultats inesperades. Vam haver de mesclar els colors primaris amb el blanc i\/o el negre per tal d\u2019aconseguir els tres colors escollits. I, <em>mare-de-D\u00e9u-senyor<\/em>, ens va costar trobar la nostra mescla perfecta. Per\u00f2 despr\u00e9s de diversos intents, ho vam aconseguir. Cadasc\u00fa va aconseguir trobar -uns m\u00e9s i uns altres potser menys-, els tres colors que ens representessin. Vam poder veure que cadasc\u00fa tenia definits els tres propis colors i que al final cada persona havia aconseguit la seva pr\u00f2pia paleta de color.<\/p>\n\n\n\n<p class=\"wp-block-paragraph\">Quan vam acabar de pintar-los, els vam haver d\u2019ensenyar a la classe i a la Martina, i explicar per qu\u00e8 els hav\u00edem escollit. Ens vam adonar que al final eren tots els colors molt diferents, tant com les mateixes persones que formem el nostre grup. Ens quedem al final amb una pregunta: ens defineixen els colors? Ens espera un cam\u00ed d\u2019exploraci\u00f3 al costat de la Martina en aquesta aventura de l\u2019artista en Resid\u00e8ncia. Som \u201cels Goonies\u201d de l\u2019art?<\/p>\n\n\n\n<figure class=\"wp-block-image\"><img decoding=\"async\" src=\"https:\/\/lh7-rt.googleusercontent.com\/docsz\/AD_4nXcrp4fsjaOSHQEnivc6TcdO3UqMAm_F4sf3YYzMbcTOVcOQGPJhyCVuWntaNbQolIbUlG9ZcWkxpJ-xPrckAOp7_GJirxv1C5Zdp-ai_Q8t-_sK8moVpoOX0hABm5K8Cuo8fJDD2g?key=R2jAgMmS9wjlZnfIQsgTlCl1\" alt=\"\"\/><\/figure>\n","protected":false},"excerpt":{"rendered":"<p>La primera activitat amb la Martina va consistir a presentar-nos a nosaltres mateixes a partir del color. La Martina ens va plantejar que escoll\u00edssim tres colors que ens representessin i que els pint\u00e9ssim en un full DIN A4. D\u2019entrada l\u2019activitat ens va semblar f\u00e0cil, tot i que segons la persona podia resultar-li dif\u00edcl. Escollir els &hellip; <\/p>\n<p class=\"link-more\"><a href=\"\/serratbonastre2025\/els-nostres-tres-colors\/\" class=\"more-link\">Continua llegint <span class=\"screen-reader-text\">\u00ab\u00a0Els nostres tres colors\u00bb<\/span><\/a><\/p>\n","protected":false},"author":17,"featured_media":0,"comment_status":"open","ping_status":"open","sticky":false,"template":"","format":"standard","meta":{"footnotes":""},"categories":[1],"tags":[],"class_list":["post-413","post","type-post","status-publish","format-standard","hentry","category-general"],"_links":{"self":[{"href":"\/serratbonastre2025\/wp-json\/wp\/v2\/posts\/413","targetHints":{"allow":["GET"]}}],"collection":[{"href":"\/serratbonastre2025\/wp-json\/wp\/v2\/posts"}],"about":[{"href":"\/serratbonastre2025\/wp-json\/wp\/v2\/types\/post"}],"author":[{"embeddable":true,"href":"\/serratbonastre2025\/wp-json\/wp\/v2\/users\/17"}],"replies":[{"embeddable":true,"href":"\/serratbonastre2025\/wp-json\/wp\/v2\/comments?post=413"}],"version-history":[{"count":1,"href":"\/serratbonastre2025\/wp-json\/wp\/v2\/posts\/413\/revisions"}],"predecessor-version":[{"id":414,"href":"\/serratbonastre2025\/wp-json\/wp\/v2\/posts\/413\/revisions\/414"}],"wp:attachment":[{"href":"\/serratbonastre2025\/wp-json\/wp\/v2\/media?parent=413"}],"wp:term":[{"taxonomy":"category","embeddable":true,"href":"\/serratbonastre2025\/wp-json\/wp\/v2\/categories?post=413"},{"taxonomy":"post_tag","embeddable":true,"href":"\/serratbonastre2025\/wp-json\/wp\/v2\/tags?post=413"}],"curies":[{"name":"wp","href":"https:\/\/api.w.org\/{rel}","templated":true}]}}