{"id":423,"date":"2025-03-31T09:45:26","date_gmt":"2025-03-31T07:45:26","guid":{"rendered":"\/serratbonastre2025\/?p=423"},"modified":"2025-03-31T09:45:35","modified_gmt":"2025-03-31T07:45:35","slug":"anar-a-la-fundacio-joan-miro","status":"publish","type":"post","link":"\/serratbonastre2025\/anar-a-la-fundacio-joan-miro\/","title":{"rendered":"Anar a la Fundaci\u00f3 Joan Mir\u00f3"},"content":{"rendered":"\n<p class=\"wp-block-paragraph\">En aquest projecte hem anat en diverses ocasions a la Fundaci\u00f3 Mir\u00f3. En les dues sessions que hi hem anat ha estat en dilluns, quan el museu normalment est\u00e0 tancat al p\u00fablic. Aleshores aprofiten per moure obres i preparar les pr\u00f2ximes exposicions. Aix\u00f2 \u00e9s un moment molt poc com\u00fa de veure, ja que com est\u00e0 tancat al p\u00fablic no pots accedir f\u00e0cilment.<\/p>\n\n\n\n<figure class=\"wp-block-gallery has-nested-images columns-default is-cropped wp-block-gallery-1 is-layout-flex wp-block-gallery-is-layout-flex\">\n<figure class=\"wp-block-image size-large\"><img loading=\"lazy\" decoding=\"async\" width=\"1024\" height=\"683\" data-id=\"432\" src=\"\/serratbonastre2025\/wp-content\/uploads\/2025\/03\/240102_Miro_Matisse_01-1024x683.jpg\" alt=\"\" class=\"wp-image-432\" srcset=\"\/serratbonastre2025\/wp-content\/uploads\/2025\/03\/240102_Miro_Matisse_01-1024x683.jpg 1024w, \/serratbonastre2025\/wp-content\/uploads\/2025\/03\/240102_Miro_Matisse_01-300x200.jpg 300w, \/serratbonastre2025\/wp-content\/uploads\/2025\/03\/240102_Miro_Matisse_01-768x512.jpg 768w, \/serratbonastre2025\/wp-content\/uploads\/2025\/03\/240102_Miro_Matisse_01-1536x1024.jpg 1536w\" sizes=\"auto, (max-width: 767px) 89vw, (max-width: 1000px) 54vw, (max-width: 1071px) 543px, 580px\" \/><\/figure>\n\n\n\n<figure class=\"wp-block-image size-large\"><img loading=\"lazy\" decoding=\"async\" width=\"1024\" height=\"683\" data-id=\"433\" src=\"\/serratbonastre2025\/wp-content\/uploads\/2025\/03\/240102_Miro_Matisse_05-1024x683.jpg\" alt=\"\" class=\"wp-image-433\" srcset=\"\/serratbonastre2025\/wp-content\/uploads\/2025\/03\/240102_Miro_Matisse_05-1024x683.jpg 1024w, \/serratbonastre2025\/wp-content\/uploads\/2025\/03\/240102_Miro_Matisse_05-300x200.jpg 300w, \/serratbonastre2025\/wp-content\/uploads\/2025\/03\/240102_Miro_Matisse_05-768x512.jpg 768w, \/serratbonastre2025\/wp-content\/uploads\/2025\/03\/240102_Miro_Matisse_05-1536x1024.jpg 1536w\" sizes=\"auto, (max-width: 767px) 89vw, (max-width: 1000px) 54vw, (max-width: 1071px) 543px, 580px\" \/><\/figure>\n\n\n\n<figure class=\"wp-block-image size-large\"><img loading=\"lazy\" decoding=\"async\" width=\"1024\" height=\"683\" data-id=\"426\" src=\"\/serratbonastre2025\/wp-content\/uploads\/2025\/03\/240102_Miro_Matisse_38-1024x683.jpg\" alt=\"\" class=\"wp-image-426\" srcset=\"\/serratbonastre2025\/wp-content\/uploads\/2025\/03\/240102_Miro_Matisse_38-1024x683.jpg 1024w, \/serratbonastre2025\/wp-content\/uploads\/2025\/03\/240102_Miro_Matisse_38-300x200.jpg 300w, \/serratbonastre2025\/wp-content\/uploads\/2025\/03\/240102_Miro_Matisse_38-768x512.jpg 768w, \/serratbonastre2025\/wp-content\/uploads\/2025\/03\/240102_Miro_Matisse_38-1536x1024.jpg 1536w\" sizes=\"auto, (max-width: 767px) 89vw, (max-width: 1000px) 54vw, (max-width: 1071px) 543px, 580px\" \/><\/figure>\n\n\n\n<figure class=\"wp-block-image size-large\"><img loading=\"lazy\" decoding=\"async\" width=\"1024\" height=\"683\" data-id=\"425\" src=\"\/serratbonastre2025\/wp-content\/uploads\/2025\/03\/240102_Miro_Matisse_30-1024x683.jpg\" alt=\"\" class=\"wp-image-425\" srcset=\"\/serratbonastre2025\/wp-content\/uploads\/2025\/03\/240102_Miro_Matisse_30-1024x683.jpg 1024w, \/serratbonastre2025\/wp-content\/uploads\/2025\/03\/240102_Miro_Matisse_30-300x200.jpg 300w, \/serratbonastre2025\/wp-content\/uploads\/2025\/03\/240102_Miro_Matisse_30-768x512.jpg 768w, \/serratbonastre2025\/wp-content\/uploads\/2025\/03\/240102_Miro_Matisse_30-1536x1024.jpg 1536w\" sizes=\"auto, (max-width: 767px) 89vw, (max-width: 1000px) 54vw, (max-width: 1071px) 543px, 580px\" \/><\/figure>\n\n\n\n<figure class=\"wp-block-image size-large\"><img loading=\"lazy\" decoding=\"async\" width=\"1024\" height=\"683\" data-id=\"424\" src=\"\/serratbonastre2025\/wp-content\/uploads\/2025\/03\/240102_Miro_Matisse_13-1024x683.jpg\" alt=\"\" class=\"wp-image-424\" srcset=\"\/serratbonastre2025\/wp-content\/uploads\/2025\/03\/240102_Miro_Matisse_13-1024x683.jpg 1024w, \/serratbonastre2025\/wp-content\/uploads\/2025\/03\/240102_Miro_Matisse_13-300x200.jpg 300w, \/serratbonastre2025\/wp-content\/uploads\/2025\/03\/240102_Miro_Matisse_13-768x512.jpg 768w, \/serratbonastre2025\/wp-content\/uploads\/2025\/03\/240102_Miro_Matisse_13-1536x1024.jpg 1536w\" sizes=\"auto, (max-width: 767px) 89vw, (max-width: 1000px) 54vw, (max-width: 1071px) 543px, 580px\" \/><\/figure>\n\n\n\n<figure class=\"wp-block-image size-large\"><img loading=\"lazy\" decoding=\"async\" width=\"1024\" height=\"683\" data-id=\"427\" src=\"\/serratbonastre2025\/wp-content\/uploads\/2025\/03\/240102_Miro_Matisse_41-1024x683.jpg\" alt=\"\" class=\"wp-image-427\" srcset=\"\/serratbonastre2025\/wp-content\/uploads\/2025\/03\/240102_Miro_Matisse_41-1024x683.jpg 1024w, \/serratbonastre2025\/wp-content\/uploads\/2025\/03\/240102_Miro_Matisse_41-300x200.jpg 300w, \/serratbonastre2025\/wp-content\/uploads\/2025\/03\/240102_Miro_Matisse_41-768x512.jpg 768w, \/serratbonastre2025\/wp-content\/uploads\/2025\/03\/240102_Miro_Matisse_41-1536x1024.jpg 1536w\" sizes=\"auto, (max-width: 767px) 89vw, (max-width: 1000px) 54vw, (max-width: 1071px) 543px, 580px\" \/><\/figure>\n\n\n\n<figure class=\"wp-block-image size-large\"><img loading=\"lazy\" decoding=\"async\" width=\"1024\" height=\"683\" data-id=\"428\" src=\"\/serratbonastre2025\/wp-content\/uploads\/2025\/03\/240102_Miro_Matisse_50-1024x683.jpg\" alt=\"\" class=\"wp-image-428\" srcset=\"\/serratbonastre2025\/wp-content\/uploads\/2025\/03\/240102_Miro_Matisse_50-1024x683.jpg 1024w, \/serratbonastre2025\/wp-content\/uploads\/2025\/03\/240102_Miro_Matisse_50-300x200.jpg 300w, \/serratbonastre2025\/wp-content\/uploads\/2025\/03\/240102_Miro_Matisse_50-768x512.jpg 768w, \/serratbonastre2025\/wp-content\/uploads\/2025\/03\/240102_Miro_Matisse_50-1536x1024.jpg 1536w\" sizes=\"auto, (max-width: 767px) 89vw, (max-width: 1000px) 54vw, (max-width: 1071px) 543px, 580px\" \/><\/figure>\n\n\n\n<figure class=\"wp-block-image size-large\"><img loading=\"lazy\" decoding=\"async\" width=\"1024\" height=\"683\" data-id=\"430\" src=\"\/serratbonastre2025\/wp-content\/uploads\/2025\/03\/240102_Miro_Matisse_72-1024x683.jpg\" alt=\"\" class=\"wp-image-430\" srcset=\"\/serratbonastre2025\/wp-content\/uploads\/2025\/03\/240102_Miro_Matisse_72-1024x683.jpg 1024w, \/serratbonastre2025\/wp-content\/uploads\/2025\/03\/240102_Miro_Matisse_72-300x200.jpg 300w, \/serratbonastre2025\/wp-content\/uploads\/2025\/03\/240102_Miro_Matisse_72-768x512.jpg 768w, \/serratbonastre2025\/wp-content\/uploads\/2025\/03\/240102_Miro_Matisse_72-1536x1024.jpg 1536w\" sizes=\"auto, (max-width: 767px) 89vw, (max-width: 1000px) 54vw, (max-width: 1071px) 543px, 580px\" \/><\/figure>\n\n\n\n<figure class=\"wp-block-image size-large\"><img loading=\"lazy\" decoding=\"async\" width=\"1024\" height=\"683\" data-id=\"429\" src=\"\/serratbonastre2025\/wp-content\/uploads\/2025\/03\/240102_Miro_Matisse_56-1024x683.jpg\" alt=\"\" class=\"wp-image-429\" srcset=\"\/serratbonastre2025\/wp-content\/uploads\/2025\/03\/240102_Miro_Matisse_56-1024x683.jpg 1024w, \/serratbonastre2025\/wp-content\/uploads\/2025\/03\/240102_Miro_Matisse_56-300x200.jpg 300w, \/serratbonastre2025\/wp-content\/uploads\/2025\/03\/240102_Miro_Matisse_56-768x512.jpg 768w, \/serratbonastre2025\/wp-content\/uploads\/2025\/03\/240102_Miro_Matisse_56-1536x1024.jpg 1536w\" sizes=\"auto, (max-width: 767px) 89vw, (max-width: 1000px) 54vw, (max-width: 1071px) 543px, 580px\" \/><\/figure>\n\n\n\n<figure class=\"wp-block-image size-large\"><img loading=\"lazy\" decoding=\"async\" width=\"1024\" height=\"683\" data-id=\"431\" src=\"\/serratbonastre2025\/wp-content\/uploads\/2025\/03\/240102_Miro_Matisse_78-1024x683.jpg\" alt=\"\" class=\"wp-image-431\" srcset=\"\/serratbonastre2025\/wp-content\/uploads\/2025\/03\/240102_Miro_Matisse_78-1024x683.jpg 1024w, \/serratbonastre2025\/wp-content\/uploads\/2025\/03\/240102_Miro_Matisse_78-300x200.jpg 300w, \/serratbonastre2025\/wp-content\/uploads\/2025\/03\/240102_Miro_Matisse_78-768x512.jpg 768w, \/serratbonastre2025\/wp-content\/uploads\/2025\/03\/240102_Miro_Matisse_78-1536x1024.jpg 1536w\" sizes=\"auto, (max-width: 767px) 89vw, (max-width: 1000px) 54vw, (max-width: 1071px) 543px, 580px\" \/><\/figure>\n<\/figure>\n\n\n\n<p class=\"wp-block-paragraph\">Vam veure diferents exposicions del moment que es diuen temporals i les permanents. Una va ser Miro i Matisse. Matisse era un pintor de l&#8217;\u00e8poca de Mir\u00f3 que tamb\u00e9 li agradava jugar amb els colors i les formes. Per aix\u00f2 van congeniar molt f\u00e0cilment i van treballar junts. En aquesta expociso, explicava el recorregut que van fer els dos grans artistes. Tamb\u00e9 vam visitar l&#8217;exposici\u00f3 de Joan Mir\u00f3. On tot ens vam veure reflectides en un quadre que es deia passatge. El qual era un punt blau en un fons blanc. <\/p>\n\n\n\n<p class=\"wp-block-paragraph\">Un dia vem anar a veure el espai 13 de la Mir\u00f3. \u00c9s un lloc experimental on van rotant artistes que proposen el seu projecte. El que estava en el moment era un que personalment ens va agradar molt. Era una sala molt interactiva un hi havia una mena de coixins deformes molt originals i de colors molt vius. El projecte era un videojoc que es movia per la teulada de l&#8217;edifici.<\/p>\n\n\n\n<p class=\"wp-block-paragraph\">En conclusi\u00f3, la Mir\u00f3 \u00e9s un espai preci\u00f3s i molt tranquil per poder explorar la nostra creativitat al m\u00e0xim. \u00c9s un plaer poder treballar amb aquest gran museu pel nostre projecte, tinc moltes ganes de veure com continuar\u00e0 el nostre viatge per l&#8217;art.<\/p>\n","protected":false},"excerpt":{"rendered":"<p>En aquest projecte hem anat en diverses ocasions a la Fundaci\u00f3 Mir\u00f3. En les dues sessions que hi hem anat ha estat en dilluns, quan el museu normalment est\u00e0 tancat al p\u00fablic. Aleshores aprofiten per moure obres i preparar les pr\u00f2ximes exposicions. Aix\u00f2 \u00e9s un moment molt poc com\u00fa de veure, ja que com est\u00e0 &hellip; <\/p>\n<p class=\"link-more\"><a href=\"\/serratbonastre2025\/anar-a-la-fundacio-joan-miro\/\" class=\"more-link\">Continua llegint <span class=\"screen-reader-text\">\u00abAnar a la Fundaci\u00f3 Joan Mir\u00f3\u00bb<\/span><\/a><\/p>\n","protected":false},"author":13,"featured_media":0,"comment_status":"open","ping_status":"open","sticky":false,"template":"","format":"standard","meta":{"footnotes":""},"categories":[1],"tags":[],"class_list":["post-423","post","type-post","status-publish","format-standard","hentry","category-general"],"_links":{"self":[{"href":"\/serratbonastre2025\/wp-json\/wp\/v2\/posts\/423","targetHints":{"allow":["GET"]}}],"collection":[{"href":"\/serratbonastre2025\/wp-json\/wp\/v2\/posts"}],"about":[{"href":"\/serratbonastre2025\/wp-json\/wp\/v2\/types\/post"}],"author":[{"embeddable":true,"href":"\/serratbonastre2025\/wp-json\/wp\/v2\/users\/13"}],"replies":[{"embeddable":true,"href":"\/serratbonastre2025\/wp-json\/wp\/v2\/comments?post=423"}],"version-history":[{"count":2,"href":"\/serratbonastre2025\/wp-json\/wp\/v2\/posts\/423\/revisions"}],"predecessor-version":[{"id":447,"href":"\/serratbonastre2025\/wp-json\/wp\/v2\/posts\/423\/revisions\/447"}],"wp:attachment":[{"href":"\/serratbonastre2025\/wp-json\/wp\/v2\/media?parent=423"}],"wp:term":[{"taxonomy":"category","embeddable":true,"href":"\/serratbonastre2025\/wp-json\/wp\/v2\/categories?post=423"},{"taxonomy":"post_tag","embeddable":true,"href":"\/serratbonastre2025\/wp-json\/wp\/v2\/tags?post=423"}],"curies":[{"name":"wp","href":"https:\/\/api.w.org\/{rel}","templated":true}]}}