{"id":512,"date":"2025-04-07T13:16:01","date_gmt":"2025-04-07T11:16:01","guid":{"rendered":"\/serratbonastre2025\/?p=512"},"modified":"2025-07-14T13:17:06","modified_gmt":"2025-07-14T11:17:06","slug":"habitar-lespai-a-traves-del-color","status":"publish","type":"post","link":"\/serratbonastre2025\/habitar-lespai-a-traves-del-color\/","title":{"rendered":"Habitar l&#8217;espai a trav\u00e9s del color"},"content":{"rendered":"\n<p class=\"wp-block-paragraph\">Despr\u00e9s de la sessi\u00f3 oberta comen\u00e7a una nova etapa vinculada a la recerca iniciada des del primer dia. La reflexi\u00f3 compartida despr\u00e9s de la presentaci\u00f3 al claustre d\u00f3na lloc a una l\u00ednia de treball centrada en la idea d&#8217;habitar l&#8217;espai a trav\u00e9s del color. L&#8217;objectiu \u00e9s intervenir un dels espais de la Fundaci\u00f3 Joan Mir\u00f3 mitjan\u00e7ant l&#8217;\u00fas de teles, des d&#8217;una mirada po\u00e8tica i, alhora, connectada amb el concepte de cura: una acci\u00f3 que no busca nom\u00e9s transformar visualment l&#8217;entorn, sin\u00f3 tenir-ne cura, escoltar-lo i vincular-se a ell des del respecte i la sensibilitat. A partir d&#8217;aquestes reflexions, identifiquem quins dels espais podem intervenir de la Fundaci\u00f3, imaginem quina forma pot tenir aquesta acci\u00f3 art\u00edstica i explorem diferents t\u00e8cniques que poden constituir l&#8217;artefacte: costura, collage, tenyit&#8230;<\/p>\n\n\n\n<figure class=\"wp-block-gallery has-nested-images columns-default is-cropped wp-block-gallery-1 is-layout-flex wp-block-gallery-is-layout-flex\">\n<figure class=\"wp-block-image size-large\"><img loading=\"lazy\" decoding=\"async\" width=\"1024\" height=\"683\" data-id=\"514\" src=\"\/serratbonastre2025\/wp-content\/uploads\/2025\/07\/250324_MIRO_PATI_079-1024x683.jpg\" alt=\"\" class=\"wp-image-514\" srcset=\"\/serratbonastre2025\/wp-content\/uploads\/2025\/07\/250324_MIRO_PATI_079-1024x683.jpg 1024w, \/serratbonastre2025\/wp-content\/uploads\/2025\/07\/250324_MIRO_PATI_079-300x200.jpg 300w, \/serratbonastre2025\/wp-content\/uploads\/2025\/07\/250324_MIRO_PATI_079-768x512.jpg 768w, \/serratbonastre2025\/wp-content\/uploads\/2025\/07\/250324_MIRO_PATI_079-1536x1024.jpg 1536w\" sizes=\"auto, (max-width: 767px) 89vw, (max-width: 1000px) 54vw, (max-width: 1071px) 543px, 580px\" \/><\/figure>\n\n\n\n<figure class=\"wp-block-image size-large\"><img loading=\"lazy\" decoding=\"async\" width=\"1024\" height=\"683\" data-id=\"513\" src=\"\/serratbonastre2025\/wp-content\/uploads\/2025\/07\/250324_MIRO_PATI_076-1024x683.jpg\" alt=\"\" class=\"wp-image-513\" srcset=\"\/serratbonastre2025\/wp-content\/uploads\/2025\/07\/250324_MIRO_PATI_076-1024x683.jpg 1024w, \/serratbonastre2025\/wp-content\/uploads\/2025\/07\/250324_MIRO_PATI_076-300x200.jpg 300w, \/serratbonastre2025\/wp-content\/uploads\/2025\/07\/250324_MIRO_PATI_076-768x512.jpg 768w, \/serratbonastre2025\/wp-content\/uploads\/2025\/07\/250324_MIRO_PATI_076-1536x1024.jpg 1536w\" sizes=\"auto, (max-width: 767px) 89vw, (max-width: 1000px) 54vw, (max-width: 1071px) 543px, 580px\" \/><\/figure>\n\n\n\n<figure class=\"wp-block-image size-large\"><img loading=\"lazy\" decoding=\"async\" width=\"1024\" height=\"683\" data-id=\"518\" src=\"\/serratbonastre2025\/wp-content\/uploads\/2025\/07\/250324_MIRO_PATI_129-1024x683.jpg\" alt=\"\" class=\"wp-image-518\" srcset=\"\/serratbonastre2025\/wp-content\/uploads\/2025\/07\/250324_MIRO_PATI_129-1024x683.jpg 1024w, \/serratbonastre2025\/wp-content\/uploads\/2025\/07\/250324_MIRO_PATI_129-300x200.jpg 300w, \/serratbonastre2025\/wp-content\/uploads\/2025\/07\/250324_MIRO_PATI_129-768x512.jpg 768w, \/serratbonastre2025\/wp-content\/uploads\/2025\/07\/250324_MIRO_PATI_129-1536x1024.jpg 1536w\" sizes=\"auto, (max-width: 767px) 89vw, (max-width: 1000px) 54vw, (max-width: 1071px) 543px, 580px\" \/><\/figure>\n\n\n\n<figure class=\"wp-block-image size-large\"><img loading=\"lazy\" decoding=\"async\" width=\"1024\" height=\"683\" data-id=\"515\" src=\"\/serratbonastre2025\/wp-content\/uploads\/2025\/07\/250324_MIRO_PATI_088-1024x683.jpg\" alt=\"\" class=\"wp-image-515\" srcset=\"\/serratbonastre2025\/wp-content\/uploads\/2025\/07\/250324_MIRO_PATI_088-1024x683.jpg 1024w, \/serratbonastre2025\/wp-content\/uploads\/2025\/07\/250324_MIRO_PATI_088-300x200.jpg 300w, \/serratbonastre2025\/wp-content\/uploads\/2025\/07\/250324_MIRO_PATI_088-768x512.jpg 768w, \/serratbonastre2025\/wp-content\/uploads\/2025\/07\/250324_MIRO_PATI_088-1536x1024.jpg 1536w\" sizes=\"auto, (max-width: 767px) 89vw, (max-width: 1000px) 54vw, (max-width: 1071px) 543px, 580px\" \/><\/figure>\n\n\n\n<figure class=\"wp-block-image size-full\"><img loading=\"lazy\" decoding=\"async\" width=\"800\" height=\"533\" data-id=\"475\" src=\"\/serratbonastre2025\/wp-content\/uploads\/2025\/03\/250210_teles_tenyides_pati_079.jpg\" alt=\"\" class=\"wp-image-475\" srcset=\"\/serratbonastre2025\/wp-content\/uploads\/2025\/03\/250210_teles_tenyides_pati_079.jpg 800w, \/serratbonastre2025\/wp-content\/uploads\/2025\/03\/250210_teles_tenyides_pati_079-300x200.jpg 300w, \/serratbonastre2025\/wp-content\/uploads\/2025\/03\/250210_teles_tenyides_pati_079-768x512.jpg 768w\" sizes=\"auto, (max-width: 767px) 89vw, (max-width: 1000px) 54vw, (max-width: 1071px) 543px, 580px\" \/><\/figure>\n\n\n\n<figure class=\"wp-block-image size-full\"><img loading=\"lazy\" decoding=\"async\" width=\"800\" height=\"533\" data-id=\"466\" src=\"\/serratbonastre2025\/wp-content\/uploads\/2025\/03\/MARTINA-MANYA-INSTITUT-SERRAT-I-BONASTRE_21.jpg\" alt=\"\" class=\"wp-image-466\" srcset=\"\/serratbonastre2025\/wp-content\/uploads\/2025\/03\/MARTINA-MANYA-INSTITUT-SERRAT-I-BONASTRE_21.jpg 800w, \/serratbonastre2025\/wp-content\/uploads\/2025\/03\/MARTINA-MANYA-INSTITUT-SERRAT-I-BONASTRE_21-300x200.jpg 300w, \/serratbonastre2025\/wp-content\/uploads\/2025\/03\/MARTINA-MANYA-INSTITUT-SERRAT-I-BONASTRE_21-768x512.jpg 768w\" sizes=\"auto, (max-width: 767px) 89vw, (max-width: 1000px) 54vw, (max-width: 1071px) 543px, 580px\" \/><\/figure>\n<\/figure>\n\n\n\n<p class=\"wp-block-paragraph\"><\/p>\n","protected":false},"excerpt":{"rendered":"<p>Despr\u00e9s de la sessi\u00f3 oberta comen\u00e7a una nova etapa vinculada a la recerca iniciada des del primer dia. La reflexi\u00f3 compartida despr\u00e9s de la presentaci\u00f3 al claustre d\u00f3na lloc a una l\u00ednia de treball centrada en la idea d&#8217;habitar l&#8217;espai a trav\u00e9s del color. L&#8217;objectiu \u00e9s intervenir un dels espais de la Fundaci\u00f3 Joan Mir\u00f3 &hellip; <\/p>\n<p class=\"link-more\"><a href=\"\/serratbonastre2025\/habitar-lespai-a-traves-del-color\/\" class=\"more-link\">Continua llegint <span class=\"screen-reader-text\">\u00abHabitar l&#8217;espai a trav\u00e9s del color\u00bb<\/span><\/a><\/p>\n","protected":false},"author":14,"featured_media":0,"comment_status":"open","ping_status":"open","sticky":false,"template":"","format":"standard","meta":{"footnotes":""},"categories":[1],"tags":[],"class_list":["post-512","post","type-post","status-publish","format-standard","hentry","category-general"],"_links":{"self":[{"href":"\/serratbonastre2025\/wp-json\/wp\/v2\/posts\/512","targetHints":{"allow":["GET"]}}],"collection":[{"href":"\/serratbonastre2025\/wp-json\/wp\/v2\/posts"}],"about":[{"href":"\/serratbonastre2025\/wp-json\/wp\/v2\/types\/post"}],"author":[{"embeddable":true,"href":"\/serratbonastre2025\/wp-json\/wp\/v2\/users\/14"}],"replies":[{"embeddable":true,"href":"\/serratbonastre2025\/wp-json\/wp\/v2\/comments?post=512"}],"version-history":[{"count":1,"href":"\/serratbonastre2025\/wp-json\/wp\/v2\/posts\/512\/revisions"}],"predecessor-version":[{"id":519,"href":"\/serratbonastre2025\/wp-json\/wp\/v2\/posts\/512\/revisions\/519"}],"wp:attachment":[{"href":"\/serratbonastre2025\/wp-json\/wp\/v2\/media?parent=512"}],"wp:term":[{"taxonomy":"category","embeddable":true,"href":"\/serratbonastre2025\/wp-json\/wp\/v2\/categories?post=512"},{"taxonomy":"post_tag","embeddable":true,"href":"\/serratbonastre2025\/wp-json\/wp\/v2\/tags?post=512"}],"curies":[{"name":"wp","href":"https:\/\/api.w.org\/{rel}","templated":true}]}}