{"id":520,"date":"2025-04-28T13:22:39","date_gmt":"2025-04-28T11:22:39","guid":{"rendered":"\/serratbonastre2025\/?p=520"},"modified":"2025-07-14T13:24:59","modified_gmt":"2025-07-14T11:24:59","slug":"confeccionar-lartefacte","status":"publish","type":"post","link":"\/serratbonastre2025\/confeccionar-lartefacte\/","title":{"rendered":"Confeccionar l&#8217;artefacte"},"content":{"rendered":"\n<p class=\"wp-block-paragraph\">Paral\u00b7lelament a la planificaci\u00f3 del muntatge, el grup treballa en l&#8217;elaboraci\u00f3 de la pe\u00e7a. El t\u00e8xtil esdev\u00e9 un material central en aquesta fase, tant per la seva versatilitat com per la familiaritat que hi t\u00e9 la Martina Many\u00e0, que se sent c\u00f2moda treballant amb tela i proposa aquest material com un suport idoni per experimentar amb el color, la textura i el gest.<\/p>\n\n\n\n<p class=\"wp-block-paragraph\">La primera intenci\u00f3 \u00e9s tenyir les peces amb pigments naturals. Per fer\u00ad ho, transformem l&#8217;aula de l&#8217;institut en un aut\u00e8ntic laboratori. L&#8217;alumnat prepara tints a partir de pell de ceba, infusi\u00f3 d&#8217;hibiscs, remolatxa i espinacs, tenint en compte les propietats naturals i oxidatives de cada element. Un cop elaborats els banys de color, es tenyeix roba blanca de cot\u00f3 i s&#8217;est\u00e9n al pati per assecar-la i observar-ne els resultats.<\/p>\n\n\n\n<figure class=\"wp-block-gallery has-nested-images columns-default is-cropped wp-block-gallery-1 is-layout-flex wp-block-gallery-is-layout-flex\">\n<figure class=\"wp-block-image size-large\"><img loading=\"lazy\" decoding=\"async\" width=\"800\" height=\"533\" data-id=\"521\" src=\"\/serratbonastre2025\/wp-content\/uploads\/2025\/07\/250210_teles_tenyides_pati_109.jpg\" alt=\"\" class=\"wp-image-521\" srcset=\"\/serratbonastre2025\/wp-content\/uploads\/2025\/07\/250210_teles_tenyides_pati_109.jpg 800w, \/serratbonastre2025\/wp-content\/uploads\/2025\/07\/250210_teles_tenyides_pati_109-300x200.jpg 300w, \/serratbonastre2025\/wp-content\/uploads\/2025\/07\/250210_teles_tenyides_pati_109-768x512.jpg 768w\" sizes=\"auto, (max-width: 767px) 89vw, (max-width: 1000px) 54vw, (max-width: 1071px) 543px, 580px\" \/><\/figure>\n\n\n\n<figure class=\"wp-block-image size-large\"><img loading=\"lazy\" decoding=\"async\" width=\"800\" height=\"533\" data-id=\"522\" src=\"\/serratbonastre2025\/wp-content\/uploads\/2025\/07\/250210_teles_tenyides_pati_122.jpg\" alt=\"\" class=\"wp-image-522\" srcset=\"\/serratbonastre2025\/wp-content\/uploads\/2025\/07\/250210_teles_tenyides_pati_122.jpg 800w, \/serratbonastre2025\/wp-content\/uploads\/2025\/07\/250210_teles_tenyides_pati_122-300x200.jpg 300w, \/serratbonastre2025\/wp-content\/uploads\/2025\/07\/250210_teles_tenyides_pati_122-768x512.jpg 768w\" sizes=\"auto, (max-width: 767px) 89vw, (max-width: 1000px) 54vw, (max-width: 1071px) 543px, 580px\" \/><\/figure>\n\n\n\n<figure class=\"wp-block-image size-large\"><img loading=\"lazy\" decoding=\"async\" width=\"1024\" height=\"768\" data-id=\"456\" src=\"\/serratbonastre2025\/wp-content\/uploads\/2025\/03\/18.-teles-tenyides-9-1024x768.jpg\" alt=\"\" class=\"wp-image-456\" srcset=\"\/serratbonastre2025\/wp-content\/uploads\/2025\/03\/18.-teles-tenyides-9-1024x768.jpg 1024w, \/serratbonastre2025\/wp-content\/uploads\/2025\/03\/18.-teles-tenyides-9-300x225.jpg 300w, \/serratbonastre2025\/wp-content\/uploads\/2025\/03\/18.-teles-tenyides-9-768x576.jpg 768w, \/serratbonastre2025\/wp-content\/uploads\/2025\/03\/18.-teles-tenyides-9-1536x1152.jpg 1536w, \/serratbonastre2025\/wp-content\/uploads\/2025\/03\/18.-teles-tenyides-9-2048x1536.jpg 2048w\" sizes=\"auto, (max-width: 767px) 89vw, (max-width: 1000px) 54vw, (max-width: 1071px) 543px, 580px\" \/><\/figure>\n\n\n\n<figure class=\"wp-block-image size-large\"><img loading=\"lazy\" decoding=\"async\" width=\"800\" height=\"533\" data-id=\"524\" src=\"\/serratbonastre2025\/wp-content\/uploads\/2025\/07\/250217_instalar_teles_pati_04.jpg\" alt=\"\" class=\"wp-image-524\" srcset=\"\/serratbonastre2025\/wp-content\/uploads\/2025\/07\/250217_instalar_teles_pati_04.jpg 800w, \/serratbonastre2025\/wp-content\/uploads\/2025\/07\/250217_instalar_teles_pati_04-300x200.jpg 300w, \/serratbonastre2025\/wp-content\/uploads\/2025\/07\/250217_instalar_teles_pati_04-768x512.jpg 768w\" sizes=\"auto, (max-width: 767px) 89vw, (max-width: 1000px) 54vw, (max-width: 1071px) 543px, 580px\" \/><\/figure>\n\n\n\n<figure class=\"wp-block-image size-large\"><img loading=\"lazy\" decoding=\"async\" width=\"800\" height=\"533\" data-id=\"525\" src=\"\/serratbonastre2025\/wp-content\/uploads\/2025\/07\/250217_instalar_teles_pati_06.jpg\" alt=\"\" class=\"wp-image-525\" srcset=\"\/serratbonastre2025\/wp-content\/uploads\/2025\/07\/250217_instalar_teles_pati_06.jpg 800w, \/serratbonastre2025\/wp-content\/uploads\/2025\/07\/250217_instalar_teles_pati_06-300x200.jpg 300w, \/serratbonastre2025\/wp-content\/uploads\/2025\/07\/250217_instalar_teles_pati_06-768x512.jpg 768w\" sizes=\"auto, (max-width: 767px) 89vw, (max-width: 1000px) 54vw, (max-width: 1071px) 543px, 580px\" \/><\/figure>\n\n\n\n<figure class=\"wp-block-image size-large\"><img loading=\"lazy\" decoding=\"async\" width=\"800\" height=\"533\" data-id=\"526\" src=\"\/serratbonastre2025\/wp-content\/uploads\/2025\/07\/250217_instalar_teles_pati_62.jpg\" alt=\"\" class=\"wp-image-526\" srcset=\"\/serratbonastre2025\/wp-content\/uploads\/2025\/07\/250217_instalar_teles_pati_62.jpg 800w, \/serratbonastre2025\/wp-content\/uploads\/2025\/07\/250217_instalar_teles_pati_62-300x200.jpg 300w, \/serratbonastre2025\/wp-content\/uploads\/2025\/07\/250217_instalar_teles_pati_62-768x512.jpg 768w\" sizes=\"auto, (max-width: 767px) 89vw, (max-width: 1000px) 54vw, (max-width: 1071px) 543px, 580px\" \/><\/figure>\n<\/figure>\n\n\n\n<p class=\"wp-block-paragraph\"><\/p>\n","protected":false},"excerpt":{"rendered":"<p>Paral\u00b7lelament a la planificaci\u00f3 del muntatge, el grup treballa en l&#8217;elaboraci\u00f3 de la pe\u00e7a. El t\u00e8xtil esdev\u00e9 un material central en aquesta fase, tant per la seva versatilitat com per la familiaritat que hi t\u00e9 la Martina Many\u00e0, que se sent c\u00f2moda treballant amb tela i proposa aquest material com un suport idoni per experimentar &hellip; <\/p>\n<p class=\"link-more\"><a href=\"\/serratbonastre2025\/confeccionar-lartefacte\/\" class=\"more-link\">Continua llegint <span class=\"screen-reader-text\">\u00abConfeccionar l&#8217;artefacte\u00bb<\/span><\/a><\/p>\n","protected":false},"author":14,"featured_media":0,"comment_status":"open","ping_status":"open","sticky":false,"template":"","format":"standard","meta":{"footnotes":""},"categories":[1],"tags":[],"class_list":["post-520","post","type-post","status-publish","format-standard","hentry","category-general"],"_links":{"self":[{"href":"\/serratbonastre2025\/wp-json\/wp\/v2\/posts\/520","targetHints":{"allow":["GET"]}}],"collection":[{"href":"\/serratbonastre2025\/wp-json\/wp\/v2\/posts"}],"about":[{"href":"\/serratbonastre2025\/wp-json\/wp\/v2\/types\/post"}],"author":[{"embeddable":true,"href":"\/serratbonastre2025\/wp-json\/wp\/v2\/users\/14"}],"replies":[{"embeddable":true,"href":"\/serratbonastre2025\/wp-json\/wp\/v2\/comments?post=520"}],"version-history":[{"count":2,"href":"\/serratbonastre2025\/wp-json\/wp\/v2\/posts\/520\/revisions"}],"predecessor-version":[{"id":529,"href":"\/serratbonastre2025\/wp-json\/wp\/v2\/posts\/520\/revisions\/529"}],"wp:attachment":[{"href":"\/serratbonastre2025\/wp-json\/wp\/v2\/media?parent=520"}],"wp:term":[{"taxonomy":"category","embeddable":true,"href":"\/serratbonastre2025\/wp-json\/wp\/v2\/categories?post=520"},{"taxonomy":"post_tag","embeddable":true,"href":"\/serratbonastre2025\/wp-json\/wp\/v2\/tags?post=520"}],"curies":[{"name":"wp","href":"https:\/\/api.w.org\/{rel}","templated":true}]}}