{"id":530,"date":"2025-05-05T13:51:47","date_gmt":"2025-05-05T11:51:47","guid":{"rendered":"\/serratbonastre2025\/?p=530"},"modified":"2025-07-14T13:52:14","modified_gmt":"2025-07-14T11:52:14","slug":"confeccio-i-preparacio-de-la-presentacio","status":"publish","type":"post","link":"\/serratbonastre2025\/confeccio-i-preparacio-de-la-presentacio\/","title":{"rendered":"Confecci\u00f3 i preparaci\u00f3 de la presentaci\u00f3"},"content":{"rendered":"\n<p class=\"wp-block-paragraph\">Amb el pas dels dies, sorgeix la proposta d&#8217;intervenir les teles amb altres t\u00e8cniques -esprai, pintura, estampaci\u00f3- per generar textures m\u00e9s diverses i personals.<\/p>\n\n\n\n<p class=\"wp-block-paragraph\">Tamb\u00e9 es decideix incorporar la paraula com a element visual i simb\u00f2lic. La poesia, present des de l&#8217;inici de la resid\u00e8ncia, pren forma sobre la tela: s&#8217;hi escriuen cites de Joan Mir\u00f3, reflexions sorgides durant el proc\u00e9s i noms inventats per als colors, com \u00abblau cel\u00bb o \u00abprofunditat\u00bb.<\/p>\n\n\n\n<p class=\"wp-block-paragraph\">Aquest treball amb el llenguatge no es nom\u00e9s decoratiu. L&#8217;escriptura emergeix com una eina fonamental per articular el pensament i aprofundir en l&#8217;experi\u00e8ncia art\u00edstica. L&#8217;alumnat expressa sensacions, records i idees a trav\u00e9s de textos po\u00e8tics, associacions lliures i fragments personals. Aquests escrits no nom\u00e9s acompanyen les peces, sin\u00f3 que s&#8217;integren a la instal\u00b7laci\u00f3 i esdevenen el nucli del fanzine<em> 100 Metres, <\/em>una publicaci\u00f3 que recull el recorregut del projecte i el transforma en un objecte compartible, \u00edntim i col\u00b7lectiu.<\/p>\n\n\n\n<figure class=\"wp-block-gallery has-nested-images columns-default is-cropped wp-block-gallery-1 is-layout-flex wp-block-gallery-is-layout-flex\">\n<figure class=\"wp-block-image size-large\"><img loading=\"lazy\" decoding=\"async\" width=\"1024\" height=\"683\" data-id=\"566\" src=\"\/serratbonastre2025\/wp-content\/uploads\/2025\/07\/250428_confeccio_teles_001-1-1-1024x683.jpg\" alt=\"\" class=\"wp-image-566\" srcset=\"\/serratbonastre2025\/wp-content\/uploads\/2025\/07\/250428_confeccio_teles_001-1-1-1024x683.jpg 1024w, \/serratbonastre2025\/wp-content\/uploads\/2025\/07\/250428_confeccio_teles_001-1-1-300x200.jpg 300w, \/serratbonastre2025\/wp-content\/uploads\/2025\/07\/250428_confeccio_teles_001-1-1-768x512.jpg 768w, \/serratbonastre2025\/wp-content\/uploads\/2025\/07\/250428_confeccio_teles_001-1-1-1536x1024.jpg 1536w\" sizes=\"auto, (max-width: 767px) 89vw, (max-width: 1000px) 54vw, (max-width: 1071px) 543px, 580px\" \/><\/figure>\n\n\n\n<figure class=\"wp-block-image size-large\"><img loading=\"lazy\" decoding=\"async\" width=\"1024\" height=\"683\" data-id=\"565\" src=\"\/serratbonastre2025\/wp-content\/uploads\/2025\/07\/250512_confeccio_teles_25-3-1024x683.jpg\" alt=\"\" class=\"wp-image-565\" srcset=\"\/serratbonastre2025\/wp-content\/uploads\/2025\/07\/250512_confeccio_teles_25-3-1024x683.jpg 1024w, \/serratbonastre2025\/wp-content\/uploads\/2025\/07\/250512_confeccio_teles_25-3-300x200.jpg 300w, \/serratbonastre2025\/wp-content\/uploads\/2025\/07\/250512_confeccio_teles_25-3-768x512.jpg 768w, \/serratbonastre2025\/wp-content\/uploads\/2025\/07\/250512_confeccio_teles_25-3-1536x1024.jpg 1536w\" sizes=\"auto, (max-width: 767px) 89vw, (max-width: 1000px) 54vw, (max-width: 1071px) 543px, 580px\" \/><\/figure>\n\n\n\n<figure class=\"wp-block-image size-large\"><img loading=\"lazy\" decoding=\"async\" width=\"1024\" height=\"683\" data-id=\"564\" src=\"\/serratbonastre2025\/wp-content\/uploads\/2025\/07\/250428_confeccio_teles_100-2-1024x683.jpg\" alt=\"\" class=\"wp-image-564\" srcset=\"\/serratbonastre2025\/wp-content\/uploads\/2025\/07\/250428_confeccio_teles_100-2-1024x683.jpg 1024w, \/serratbonastre2025\/wp-content\/uploads\/2025\/07\/250428_confeccio_teles_100-2-300x200.jpg 300w, \/serratbonastre2025\/wp-content\/uploads\/2025\/07\/250428_confeccio_teles_100-2-768x512.jpg 768w, \/serratbonastre2025\/wp-content\/uploads\/2025\/07\/250428_confeccio_teles_100-2-1536x1024.jpg 1536w\" sizes=\"auto, (max-width: 767px) 89vw, (max-width: 1000px) 54vw, (max-width: 1071px) 543px, 580px\" \/><\/figure>\n\n\n\n<figure class=\"wp-block-image size-large\"><img loading=\"lazy\" decoding=\"async\" width=\"1024\" height=\"683\" data-id=\"562\" src=\"\/serratbonastre2025\/wp-content\/uploads\/2025\/07\/250428_confeccio_teles_077-3-1024x683.jpg\" alt=\"\" class=\"wp-image-562\" srcset=\"\/serratbonastre2025\/wp-content\/uploads\/2025\/07\/250428_confeccio_teles_077-3-1024x683.jpg 1024w, \/serratbonastre2025\/wp-content\/uploads\/2025\/07\/250428_confeccio_teles_077-3-300x200.jpg 300w, \/serratbonastre2025\/wp-content\/uploads\/2025\/07\/250428_confeccio_teles_077-3-768x512.jpg 768w, \/serratbonastre2025\/wp-content\/uploads\/2025\/07\/250428_confeccio_teles_077-3-1536x1024.jpg 1536w\" sizes=\"auto, (max-width: 767px) 89vw, (max-width: 1000px) 54vw, (max-width: 1071px) 543px, 580px\" \/><\/figure>\n\n\n\n<figure class=\"wp-block-image size-large\"><img loading=\"lazy\" decoding=\"async\" width=\"1024\" height=\"683\" data-id=\"563\" src=\"\/serratbonastre2025\/wp-content\/uploads\/2025\/07\/250428_confeccio_teles_089-3-1024x683.jpg\" alt=\"\" class=\"wp-image-563\" srcset=\"\/serratbonastre2025\/wp-content\/uploads\/2025\/07\/250428_confeccio_teles_089-3-1024x683.jpg 1024w, \/serratbonastre2025\/wp-content\/uploads\/2025\/07\/250428_confeccio_teles_089-3-300x200.jpg 300w, \/serratbonastre2025\/wp-content\/uploads\/2025\/07\/250428_confeccio_teles_089-3-768x512.jpg 768w, \/serratbonastre2025\/wp-content\/uploads\/2025\/07\/250428_confeccio_teles_089-3-1536x1024.jpg 1536w\" sizes=\"auto, (max-width: 767px) 89vw, (max-width: 1000px) 54vw, (max-width: 1071px) 543px, 580px\" \/><\/figure>\n\n\n\n<figure class=\"wp-block-image size-large\"><img loading=\"lazy\" decoding=\"async\" width=\"1024\" height=\"683\" data-id=\"560\" src=\"\/serratbonastre2025\/wp-content\/uploads\/2025\/07\/250428_confeccio_teles_059-3-1024x683.jpg\" alt=\"\" class=\"wp-image-560\" srcset=\"\/serratbonastre2025\/wp-content\/uploads\/2025\/07\/250428_confeccio_teles_059-3-1024x683.jpg 1024w, \/serratbonastre2025\/wp-content\/uploads\/2025\/07\/250428_confeccio_teles_059-3-300x200.jpg 300w, \/serratbonastre2025\/wp-content\/uploads\/2025\/07\/250428_confeccio_teles_059-3-768x512.jpg 768w, \/serratbonastre2025\/wp-content\/uploads\/2025\/07\/250428_confeccio_teles_059-3-1536x1024.jpg 1536w\" sizes=\"auto, (max-width: 767px) 89vw, (max-width: 1000px) 54vw, (max-width: 1071px) 543px, 580px\" \/><\/figure>\n<\/figure>\n","protected":false},"excerpt":{"rendered":"<p>Amb el pas dels dies, sorgeix la proposta d&#8217;intervenir les teles amb altres t\u00e8cniques -esprai, pintura, estampaci\u00f3- per generar textures m\u00e9s diverses i personals. Tamb\u00e9 es decideix incorporar la paraula com a element visual i simb\u00f2lic. La poesia, present des de l&#8217;inici de la resid\u00e8ncia, pren forma sobre la tela: s&#8217;hi escriuen cites de Joan &hellip; <\/p>\n<p class=\"link-more\"><a href=\"\/serratbonastre2025\/confeccio-i-preparacio-de-la-presentacio\/\" class=\"more-link\">Continua llegint <span class=\"screen-reader-text\">\u00abConfecci\u00f3 i preparaci\u00f3 de la presentaci\u00f3\u00bb<\/span><\/a><\/p>\n","protected":false},"author":14,"featured_media":0,"comment_status":"open","ping_status":"open","sticky":false,"template":"","format":"standard","meta":{"footnotes":""},"categories":[1],"tags":[],"class_list":["post-530","post","type-post","status-publish","format-standard","hentry","category-general"],"_links":{"self":[{"href":"\/serratbonastre2025\/wp-json\/wp\/v2\/posts\/530","targetHints":{"allow":["GET"]}}],"collection":[{"href":"\/serratbonastre2025\/wp-json\/wp\/v2\/posts"}],"about":[{"href":"\/serratbonastre2025\/wp-json\/wp\/v2\/types\/post"}],"author":[{"embeddable":true,"href":"\/serratbonastre2025\/wp-json\/wp\/v2\/users\/14"}],"replies":[{"embeddable":true,"href":"\/serratbonastre2025\/wp-json\/wp\/v2\/comments?post=530"}],"version-history":[{"count":1,"href":"\/serratbonastre2025\/wp-json\/wp\/v2\/posts\/530\/revisions"}],"predecessor-version":[{"id":567,"href":"\/serratbonastre2025\/wp-json\/wp\/v2\/posts\/530\/revisions\/567"}],"wp:attachment":[{"href":"\/serratbonastre2025\/wp-json\/wp\/v2\/media?parent=530"}],"wp:term":[{"taxonomy":"category","embeddable":true,"href":"\/serratbonastre2025\/wp-json\/wp\/v2\/categories?post=530"},{"taxonomy":"post_tag","embeddable":true,"href":"\/serratbonastre2025\/wp-json\/wp\/v2\/tags?post=530"}],"curies":[{"name":"wp","href":"https:\/\/api.w.org\/{rel}","templated":true}]}}