{"id":111,"date":"2026-01-13T14:33:40","date_gmt":"2026-01-13T12:33:40","guid":{"rendered":"\/serratibonastre2026\/?p=111"},"modified":"2026-04-12T20:23:18","modified_gmt":"2026-04-12T18:23:18","slug":"visita-inspiradora-i-inoblidable-al-museu-picasso","status":"publish","type":"post","link":"\/serratibonastre2026\/visita-inspiradora-i-inoblidable-al-museu-picasso\/","title":{"rendered":"Visita inspiradora i inoblidable al Museu Picasso\u00a0"},"content":{"rendered":"\n<figure class=\"wp-block-image size-large\"><img loading=\"lazy\" decoding=\"async\" width=\"1024\" height=\"685\" src=\"\/serratibonastre2026\/wp-content\/uploads\/2026\/01\/25_10_28_09-1024x685.jpg\" alt=\"\" class=\"wp-image-189\" srcset=\"\/serratibonastre2026\/wp-content\/uploads\/2026\/01\/25_10_28_09-1024x685.jpg 1024w, \/serratibonastre2026\/wp-content\/uploads\/2026\/01\/25_10_28_09-300x201.jpg 300w, \/serratibonastre2026\/wp-content\/uploads\/2026\/01\/25_10_28_09-768x514.jpg 768w, \/serratibonastre2026\/wp-content\/uploads\/2026\/01\/25_10_28_09-1536x1028.jpg 1536w, \/serratibonastre2026\/wp-content\/uploads\/2026\/01\/25_10_28_09-2048x1371.jpg 2048w\" sizes=\"auto, (max-width: 767px) 89vw, (max-width: 1000px) 54vw, (max-width: 1071px) 543px, 580px\" \/><\/figure>\n\n\n\n<p class=\"wp-block-paragraph\">El dimarts 28 d\u2019octubre, els alumnes de 4t d\u2019ESO, juntament amb el professorat, la nostra artista, l\u2019Helena Civit, i una treballadora del Museu Picasso, la Maria Alcover, varem estar fent una petita visita guiada pel museu. Durant el recorregut, ens vam anar parant davant dels diferents quadres, i els vam comentar conjuntament. La Maria, la qual ens va fer la visita guiada, ens va ensenyar uns quadres molt curiosos: Cavall banyegat.&nbsp;<\/p>\n\n\n\n<p class=\"wp-block-paragraph\">Vam estar comentant-lo conjuntament. Entre tots, vam treure algunes caracter\u00edstiques sobre aquest quadre. Vam comentar que era un cavall que patia, tret de la seva postura i expressi\u00f3. Seguidament, vam comentar que semblava que s\u2019hagu\u00e9s fet mal, a causa&nbsp; d\u2019una pinzellada que simulava una punxa, travessant la pell de cavall, juntament amb una mena de taca que podria representar-se com a la sang a causa de la punxa. Tot i que ens va generar certa incertesa, ja que perfectament podria ser l\u2019ombra d\u2019aquest, per\u00f2 vam veure que no coincidia amb la forma del cavall. Per \u00faltim, vam observar que el cavall estava molt prim, ja que se li marcaven els ossos.&nbsp;<\/p>\n\n\n\n<p class=\"wp-block-paragraph\">Les Menines. Aquest, tamb\u00e9 el vam comentar conjuntament. La Laia ens va explicar que Picasso era un imitador, de manera que sempre refeia els quadres d\u2019altres artistes. En aquest cas, va refer al quadre de les Menines de Diego Vel\u00e1zquez. Ens&nbsp; vam fixar en la noia al centre del quadre, amb un vestit groc, la qual representaria la Infanta, acompanyada per les meninas. Despr\u00e9s, vam intentar recon\u00e8ixer als diferents personatges del quadre original, representats al quadre de Picasso. Seguidament, la Laia ens va explicar que els seus quadres tenien certes caracter\u00edstiques:<\/p>\n\n\n\n<ul class=\"wp-block-list\">\n<li>Sempre es representava a ell mateix als seus quadres a l\u2019extrem lateral esquerra o dreta amb una mena d\u2019ombra negra.&nbsp;<\/li>\n\n\n\n<li>Els colors dels seus quadres eren b\u00e0sics i tenien un contrast molt fort.&nbsp;<\/li>\n\n\n\n<li>Sempre representava als quadres un visitant el quadre, representat amb una figura negre.&nbsp;<\/li>\n<\/ul>\n\n\n\n<p class=\"wp-block-paragraph\"><strong>Circulaci\u00f3 lliure<\/strong><\/p>\n\n\n\n<ul class=\"wp-block-list\">\n<li>La diversitat dels suports<\/li>\n<\/ul>\n\n\n\n<p class=\"wp-block-paragraph\">Despr\u00e9s de fer una petita introducci\u00f3 al museu, Picasso i a les seves obres, ens van deixar circular per tot el museu lliurement amb una missi\u00f3: L&#8217;Helena ens va demanar que ens fix\u00e9ssim en la varietat de suports dels quadres. Vam poder veure molta varietat de quadres, escultures de cer\u00e0mica i fotografies. Tamb\u00e9 vam poder presenciar diversos estils de dibuix i materials, com per exemple el gravat, carbonet, pastel, olis, aquarel\u00b7les i m\u00e9s. Gr\u00e0cies a la missi\u00f3 que ens va encomiar l\u2019artista, ens vam poder fixar en els diferents tipus de suports.&nbsp; N\u2019hi havia de fusta, cer\u00e0mica, tela i m\u00e9s.<\/p>\n\n\n\n<p class=\"wp-block-paragraph\"><strong>El B\u00fanquer: Exclusiu per alumnes artistes com nosaltres<\/strong><\/p>\n\n\n\n<p class=\"wp-block-paragraph\">L\u2019entrada al b\u00fanquer va ser tota una sorpresa. Tenia una entrada exclusiva, i ens van donar el plaer de poder visitar-ho. El b\u00fanquer, \u00e9s el magatzem de les obres que en aquell moment no s&#8217;estan exposant. Ens van explicar que necessitaven reposar segons els diferents materials. La llum o els materials s&#8217;esvaeixen. Tamb\u00e9 era el lloc on portaven les obres noves o exportades. Les noies que ens van ensenyar les obres al b\u00fanquer, ens van explicar que es feien c\u00e0rrec de la documentaci\u00f3 de les obres i el seu transport.&nbsp;&nbsp;<\/p>\n\n\n\n<p class=\"wp-block-paragraph\"><strong>Fotografies<\/strong><\/p>\n\n\n\n<p class=\"wp-block-paragraph\">Durant la nostra visita al museu, vam poder capturar moments i experi\u00e8ncies de la sortida. <\/p>\n\n\n\n<figure class=\"wp-block-image size-large\"><img loading=\"lazy\" decoding=\"async\" width=\"1024\" height=\"685\" src=\"\/serratibonastre2026\/wp-content\/uploads\/2026\/01\/25_10_28_24-1024x685.jpg\" alt=\"\" class=\"wp-image-190\" srcset=\"\/serratibonastre2026\/wp-content\/uploads\/2026\/01\/25_10_28_24-1024x685.jpg 1024w, \/serratibonastre2026\/wp-content\/uploads\/2026\/01\/25_10_28_24-300x201.jpg 300w, \/serratibonastre2026\/wp-content\/uploads\/2026\/01\/25_10_28_24-768x514.jpg 768w, \/serratibonastre2026\/wp-content\/uploads\/2026\/01\/25_10_28_24-1536x1028.jpg 1536w, \/serratibonastre2026\/wp-content\/uploads\/2026\/01\/25_10_28_24-2048x1371.jpg 2048w\" sizes=\"auto, (max-width: 767px) 89vw, (max-width: 1000px) 54vw, (max-width: 1071px) 543px, 580px\" \/><\/figure>\n\n\n\n<figure class=\"wp-block-gallery has-nested-images columns-default is-cropped wp-block-gallery-1 is-layout-flex wp-block-gallery-is-layout-flex\">\n<figure class=\"wp-block-image size-large\"><img loading=\"lazy\" decoding=\"async\" width=\"1024\" height=\"685\" data-id=\"184\" src=\"\/serratibonastre2026\/wp-content\/uploads\/2026\/01\/25_10_28_30-1024x685.jpg\" alt=\"\" class=\"wp-image-184\" srcset=\"\/serratibonastre2026\/wp-content\/uploads\/2026\/01\/25_10_28_30-1024x685.jpg 1024w, \/serratibonastre2026\/wp-content\/uploads\/2026\/01\/25_10_28_30-300x201.jpg 300w, \/serratibonastre2026\/wp-content\/uploads\/2026\/01\/25_10_28_30-768x514.jpg 768w, \/serratibonastre2026\/wp-content\/uploads\/2026\/01\/25_10_28_30-1536x1028.jpg 1536w, \/serratibonastre2026\/wp-content\/uploads\/2026\/01\/25_10_28_30-2048x1371.jpg 2048w\" sizes=\"auto, (max-width: 767px) 89vw, (max-width: 1000px) 54vw, (max-width: 1071px) 543px, 580px\" \/><\/figure>\n\n\n\n<figure class=\"wp-block-image size-large\"><img loading=\"lazy\" decoding=\"async\" width=\"1024\" height=\"685\" data-id=\"185\" src=\"\/serratibonastre2026\/wp-content\/uploads\/2026\/01\/25_10_28_33-1024x685.jpg\" alt=\"\" class=\"wp-image-185\" srcset=\"\/serratibonastre2026\/wp-content\/uploads\/2026\/01\/25_10_28_33-1024x685.jpg 1024w, \/serratibonastre2026\/wp-content\/uploads\/2026\/01\/25_10_28_33-300x201.jpg 300w, \/serratibonastre2026\/wp-content\/uploads\/2026\/01\/25_10_28_33-768x514.jpg 768w, \/serratibonastre2026\/wp-content\/uploads\/2026\/01\/25_10_28_33-1536x1028.jpg 1536w, \/serratibonastre2026\/wp-content\/uploads\/2026\/01\/25_10_28_33-2048x1371.jpg 2048w\" sizes=\"auto, (max-width: 767px) 89vw, (max-width: 1000px) 54vw, (max-width: 1071px) 543px, 580px\" \/><\/figure>\n\n\n\n<figure class=\"wp-block-image size-large\"><img loading=\"lazy\" decoding=\"async\" width=\"1024\" height=\"685\" data-id=\"186\" src=\"\/serratibonastre2026\/wp-content\/uploads\/2026\/01\/25_10_28_37-1024x685.jpg\" alt=\"\" class=\"wp-image-186\" srcset=\"\/serratibonastre2026\/wp-content\/uploads\/2026\/01\/25_10_28_37-1024x685.jpg 1024w, \/serratibonastre2026\/wp-content\/uploads\/2026\/01\/25_10_28_37-300x201.jpg 300w, \/serratibonastre2026\/wp-content\/uploads\/2026\/01\/25_10_28_37-768x514.jpg 768w, \/serratibonastre2026\/wp-content\/uploads\/2026\/01\/25_10_28_37-1536x1028.jpg 1536w, \/serratibonastre2026\/wp-content\/uploads\/2026\/01\/25_10_28_37-2048x1371.jpg 2048w\" sizes=\"auto, (max-width: 767px) 89vw, (max-width: 1000px) 54vw, (max-width: 1071px) 543px, 580px\" \/><\/figure>\n\n\n\n<figure class=\"wp-block-image size-large\"><img loading=\"lazy\" decoding=\"async\" width=\"1024\" height=\"685\" data-id=\"187\" src=\"\/serratibonastre2026\/wp-content\/uploads\/2026\/01\/25_10_28_44-1024x685.jpg\" alt=\"\" class=\"wp-image-187\" srcset=\"\/serratibonastre2026\/wp-content\/uploads\/2026\/01\/25_10_28_44-1024x685.jpg 1024w, \/serratibonastre2026\/wp-content\/uploads\/2026\/01\/25_10_28_44-300x201.jpg 300w, \/serratibonastre2026\/wp-content\/uploads\/2026\/01\/25_10_28_44-768x514.jpg 768w, \/serratibonastre2026\/wp-content\/uploads\/2026\/01\/25_10_28_44-1536x1028.jpg 1536w, \/serratibonastre2026\/wp-content\/uploads\/2026\/01\/25_10_28_44-2048x1371.jpg 2048w\" sizes=\"auto, (max-width: 767px) 89vw, (max-width: 1000px) 54vw, (max-width: 1071px) 543px, 580px\" \/><\/figure>\n<\/figure>\n\n\n\n<p class=\"wp-block-paragraph\">Maiwen i Whina<\/p>\n","protected":false},"excerpt":{"rendered":"<p>El dimarts 28 d\u2019octubre, els alumnes de 4t d\u2019ESO, juntament amb el professorat, la nostra artista, l\u2019Helena Civit, i una treballadora del Museu Picasso, la Maria Alcover, varem estar fent una petita visita guiada pel museu. Durant el recorregut, ens vam anar parant davant dels diferents quadres, i els vam comentar conjuntament. La Maria, la &hellip; <\/p>\n<p class=\"link-more\"><a href=\"\/serratibonastre2026\/visita-inspiradora-i-inoblidable-al-museu-picasso\/\" class=\"more-link\">Continua llegint <span class=\"screen-reader-text\">\u00abVisita inspiradora i inoblidable al Museu Picasso\u00a0\u00bb<\/span><\/a><\/p>\n","protected":false},"author":3,"featured_media":0,"comment_status":"closed","ping_status":"","sticky":false,"template":"","format":"standard","meta":{"footnotes":""},"categories":[1],"tags":[],"class_list":["post-111","post","type-post","status-publish","format-standard","hentry","category-general"],"_links":{"self":[{"href":"\/serratibonastre2026\/wp-json\/wp\/v2\/posts\/111","targetHints":{"allow":["GET"]}}],"collection":[{"href":"\/serratibonastre2026\/wp-json\/wp\/v2\/posts"}],"about":[{"href":"\/serratibonastre2026\/wp-json\/wp\/v2\/types\/post"}],"author":[{"embeddable":true,"href":"\/serratibonastre2026\/wp-json\/wp\/v2\/users\/3"}],"replies":[{"embeddable":true,"href":"\/serratibonastre2026\/wp-json\/wp\/v2\/comments?post=111"}],"version-history":[{"count":6,"href":"\/serratibonastre2026\/wp-json\/wp\/v2\/posts\/111\/revisions"}],"predecessor-version":[{"id":191,"href":"\/serratibonastre2026\/wp-json\/wp\/v2\/posts\/111\/revisions\/191"}],"wp:attachment":[{"href":"\/serratibonastre2026\/wp-json\/wp\/v2\/media?parent=111"}],"wp:term":[{"taxonomy":"category","embeddable":true,"href":"\/serratibonastre2026\/wp-json\/wp\/v2\/categories?post=111"},{"taxonomy":"post_tag","embeddable":true,"href":"\/serratibonastre2026\/wp-json\/wp\/v2\/tags?post=111"}],"curies":[{"name":"wp","href":"https:\/\/api.w.org\/{rel}","templated":true}]}}