{"id":130,"date":"2026-04-12T19:47:01","date_gmt":"2026-04-12T17:47:01","guid":{"rendered":"\/serratibonastre2026\/?p=130"},"modified":"2026-04-12T19:47:01","modified_gmt":"2026-04-12T17:47:01","slug":"sortida-per-vallcarca","status":"publish","type":"post","link":"\/serratibonastre2026\/sortida-per-vallcarca\/","title":{"rendered":"Sortida per Vallcarca."},"content":{"rendered":"\n<p class=\"wp-block-paragraph\">El 3 de febrer, vam realitzar una sortida d&#8217;investigaci\u00f3 pel barri de Vallcarca, l&#8217;entorn on vivim la majoria de nosaltres. L&#8217;objectiu de l&#8217;activitat era con\u00e8ixer millor la hist\u00f2ria dels nostres carrers i reflexionar sobre com l&#8217;espai urb\u00e0 influeix en la nostra identitat.<\/p>\n\n\n\n<p class=\"wp-block-paragraph\">Vam comen\u00e7ar el recorregut al parc que hi ha al costat de l&#8217;institut, on vam analitzar el passat del terreny i com ha canviat amb el temps. Tot seguit, ens vam dirigir cap al viaducte de Vallcarca, un punt clau per entendre l&#8217;orografia del barri. All\u00e0 vam dur a terme una din\u00e0mica art\u00edstica: la Gaia i la Noa van realitzar un gravat amb fang a l&#8217;estructura del pont de Vallcarca, mentre que la Luc\u00eda va fer la seva intervenci\u00f3 al pont del Montseny.<\/p>\n\n\n\n<figure class=\"wp-block-gallery has-nested-images columns-default is-cropped wp-block-gallery-1 is-layout-flex wp-block-gallery-is-layout-flex\">\n<figure class=\"wp-block-image size-large\"><img loading=\"lazy\" decoding=\"async\" width=\"768\" height=\"1024\" data-id=\"131\" src=\"\/serratibonastre2026\/wp-content\/uploads\/2026\/04\/IMG_8475-768x1024.jpg\" alt=\"\" class=\"wp-image-131\" srcset=\"\/serratibonastre2026\/wp-content\/uploads\/2026\/04\/IMG_8475-768x1024.jpg 768w, \/serratibonastre2026\/wp-content\/uploads\/2026\/04\/IMG_8475-225x300.jpg 225w, \/serratibonastre2026\/wp-content\/uploads\/2026\/04\/IMG_8475-1152x1536.jpg 1152w, \/serratibonastre2026\/wp-content\/uploads\/2026\/04\/IMG_8475-1536x2048.jpg 1536w, \/serratibonastre2026\/wp-content\/uploads\/2026\/04\/IMG_8475-scaled.jpg 1920w\" sizes=\"auto, (max-width: 767px) 89vw, (max-width: 1000px) 54vw, (max-width: 1071px) 543px, 580px\" \/><\/figure>\n\n\n\n<figure class=\"wp-block-image size-large\"><img loading=\"lazy\" decoding=\"async\" width=\"1024\" height=\"768\" data-id=\"132\" src=\"\/serratibonastre2026\/wp-content\/uploads\/2026\/04\/IMG_8476-1024x768.jpg\" alt=\"\" class=\"wp-image-132\" srcset=\"\/serratibonastre2026\/wp-content\/uploads\/2026\/04\/IMG_8476-1024x768.jpg 1024w, \/serratibonastre2026\/wp-content\/uploads\/2026\/04\/IMG_8476-300x225.jpg 300w, \/serratibonastre2026\/wp-content\/uploads\/2026\/04\/IMG_8476-768x576.jpg 768w, \/serratibonastre2026\/wp-content\/uploads\/2026\/04\/IMG_8476-1536x1152.jpg 1536w, \/serratibonastre2026\/wp-content\/uploads\/2026\/04\/IMG_8476-2048x1536.jpg 2048w\" sizes=\"auto, (max-width: 767px) 89vw, (max-width: 1000px) 54vw, (max-width: 1071px) 543px, 580px\" \/><\/figure>\n\n\n\n<figure class=\"wp-block-image size-large\"><img loading=\"lazy\" decoding=\"async\" width=\"768\" height=\"1024\" data-id=\"133\" src=\"\/serratibonastre2026\/wp-content\/uploads\/2026\/04\/IMG_8481-768x1024.jpg\" alt=\"\" class=\"wp-image-133\" srcset=\"\/serratibonastre2026\/wp-content\/uploads\/2026\/04\/IMG_8481-768x1024.jpg 768w, \/serratibonastre2026\/wp-content\/uploads\/2026\/04\/IMG_8481-225x300.jpg 225w, \/serratibonastre2026\/wp-content\/uploads\/2026\/04\/IMG_8481-1152x1536.jpg 1152w, \/serratibonastre2026\/wp-content\/uploads\/2026\/04\/IMG_8481-1536x2048.jpg 1536w, \/serratibonastre2026\/wp-content\/uploads\/2026\/04\/IMG_8481-scaled.jpg 1920w\" sizes=\"auto, (max-width: 767px) 89vw, (max-width: 1000px) 54vw, (max-width: 1071px) 543px, 580px\" \/><\/figure>\n\n\n\n<figure class=\"wp-block-image size-large\"><img loading=\"lazy\" decoding=\"async\" width=\"2560\" height=\"1920\" data-id=\"136\" src=\"\/serratibonastre2026\/wp-content\/uploads\/2026\/04\/IMG_8484-edited-scaled.jpg\" alt=\"\" class=\"wp-image-136\" srcset=\"\/serratibonastre2026\/wp-content\/uploads\/2026\/04\/IMG_8484-edited-scaled.jpg 2560w, \/serratibonastre2026\/wp-content\/uploads\/2026\/04\/IMG_8484-edited-300x225.jpg 300w, \/serratibonastre2026\/wp-content\/uploads\/2026\/04\/IMG_8484-edited-1024x768.jpg 1024w, \/serratibonastre2026\/wp-content\/uploads\/2026\/04\/IMG_8484-edited-768x576.jpg 768w, \/serratibonastre2026\/wp-content\/uploads\/2026\/04\/IMG_8484-edited-1536x1152.jpg 1536w, \/serratibonastre2026\/wp-content\/uploads\/2026\/04\/IMG_8484-edited-2048x1536.jpg 2048w\" sizes=\"auto, (max-width: 767px) 89vw, (max-width: 1000px) 54vw, (max-width: 1071px) 543px, 580px\" \/><\/figure>\n<\/figure>\n\n\n\n<p class=\"wp-block-paragraph\">Finalment, vam anar al Bar de la Dolors, un establiment molt conegut que t\u00e9 la particularitat de tenir un parc a l&#8217;interior. Mentre la Whina i la Maiwen feien la seva activitat, la resta vam aprofitar per parlar dels records que ten\u00edem d&#8217;aquest lloc. Molts companys hi havien jugat de petits, cosa que va fer que la xerrada fos molt emotiva i personal, connectant la mem\u00f2ria col\u00b7lectiva del barri amb les nostres pr\u00f2pies experi\u00e8ncies.<\/p>\n\n\n\n<p class=\"wp-block-paragraph\">Va ser una sortida molt interessant i especial, ja que ens va permetre veure el barri amb uns altres ulls, barrejant l&#8217;aprenentatge hist\u00f2ric amb les nostres viv\u00e8ncies personals.<\/p>\n\n\n\n<p class=\"wp-block-paragraph\">Luc\u00eda Fern\u00e1ndez<\/p>\n\n\n\n<p class=\"wp-block-paragraph\"><\/p>\n","protected":false},"excerpt":{"rendered":"<p>El 3 de febrer, vam realitzar una sortida d&#8217;investigaci\u00f3 pel barri de Vallcarca, l&#8217;entorn on vivim la majoria de nosaltres. L&#8217;objectiu de l&#8217;activitat era con\u00e8ixer millor la hist\u00f2ria dels nostres carrers i reflexionar sobre com l&#8217;espai urb\u00e0 influeix en la nostra identitat. Vam comen\u00e7ar el recorregut al parc que hi ha al costat de l&#8217;institut, &hellip; <\/p>\n<p class=\"link-more\"><a href=\"\/serratibonastre2026\/sortida-per-vallcarca\/\" class=\"more-link\">Continua llegint <span class=\"screen-reader-text\">\u00abSortida per Vallcarca.\u00bb<\/span><\/a><\/p>\n","protected":false},"author":3,"featured_media":0,"comment_status":"closed","ping_status":"","sticky":false,"template":"","format":"standard","meta":{"footnotes":""},"categories":[1],"tags":[],"class_list":["post-130","post","type-post","status-publish","format-standard","hentry","category-general"],"_links":{"self":[{"href":"\/serratibonastre2026\/wp-json\/wp\/v2\/posts\/130","targetHints":{"allow":["GET"]}}],"collection":[{"href":"\/serratibonastre2026\/wp-json\/wp\/v2\/posts"}],"about":[{"href":"\/serratibonastre2026\/wp-json\/wp\/v2\/types\/post"}],"author":[{"embeddable":true,"href":"\/serratibonastre2026\/wp-json\/wp\/v2\/users\/3"}],"replies":[{"embeddable":true,"href":"\/serratibonastre2026\/wp-json\/wp\/v2\/comments?post=130"}],"version-history":[{"count":1,"href":"\/serratibonastre2026\/wp-json\/wp\/v2\/posts\/130\/revisions"}],"predecessor-version":[{"id":137,"href":"\/serratibonastre2026\/wp-json\/wp\/v2\/posts\/130\/revisions\/137"}],"wp:attachment":[{"href":"\/serratibonastre2026\/wp-json\/wp\/v2\/media?parent=130"}],"wp:term":[{"taxonomy":"category","embeddable":true,"href":"\/serratibonastre2026\/wp-json\/wp\/v2\/categories?post=130"},{"taxonomy":"post_tag","embeddable":true,"href":"\/serratibonastre2026\/wp-json\/wp\/v2\/tags?post=130"}],"curies":[{"name":"wp","href":"https:\/\/api.w.org\/{rel}","templated":true}]}}