{"id":138,"date":"2026-04-12T19:50:13","date_gmt":"2026-04-12T17:50:13","guid":{"rendered":"\/serratibonastre2026\/?p=138"},"modified":"2026-04-12T19:50:13","modified_gmt":"2026-04-12T17:50:13","slug":"biblioteca-jaume-fuster","status":"publish","type":"post","link":"\/serratibonastre2026\/biblioteca-jaume-fuster\/","title":{"rendered":"Biblioteca Jaume Fuster"},"content":{"rendered":"\n<p class=\"wp-block-paragraph\">El dimarts 3 de mar\u00e7, l\u2019Helena ens va explicar una not\u00edcia molt emocionant. Far\u00edem l\u2019exposici\u00f3 del nostre projecte a la biblioteca Jaume Fuster, a la qual hi passen centenars de persones cada dia, i per exposar-hi es veu que hi ha una cua de mesos.<\/p>\n\n\n\n<p class=\"wp-block-paragraph\">\u00c9s per aix\u00f2 que ens va proposar d\u2019anar a visitar el lloc on exposar\u00edem al final del tercer trimestre. Aquell mateix dia, vam agafar les nostres ments i idees d\u2019artistes i vam anar a la biblioteca Jaume Fuster. All\u00e0, vam estar observant la sala en la qual exposarem i ens vam asseure en rotllana per poder parlar sobre com podr\u00edem omplir aquella sala, de manera que integr\u00e9s tot el que hem treballat.<\/p>\n\n\n\n<p class=\"wp-block-paragraph\">Finalment, vam tornar a l\u2019institut i vam acabar d\u2019enllestir la xerrada de la biblioteca, comen\u00e7ar a pensar qu\u00e8 far\u00edem al projecte i com podr\u00edem aprofitar l\u2019espai per a l\u2019exposici\u00f3.<\/p>\n\n\n\n<p class=\"wp-block-paragraph\">Whina Gasquet<\/p>\n\n\n\n<figure class=\"wp-block-gallery has-nested-images columns-default is-cropped wp-block-gallery-1 is-layout-flex wp-block-gallery-is-layout-flex\">\n<figure class=\"wp-block-image size-large\"><img loading=\"lazy\" decoding=\"async\" width=\"1024\" height=\"768\" data-id=\"139\" src=\"\/serratibonastre2026\/wp-content\/uploads\/2026\/04\/IMG_9684-1024x768.jpg\" alt=\"\" class=\"wp-image-139\" srcset=\"\/serratibonastre2026\/wp-content\/uploads\/2026\/04\/IMG_9684-1024x768.jpg 1024w, \/serratibonastre2026\/wp-content\/uploads\/2026\/04\/IMG_9684-300x225.jpg 300w, \/serratibonastre2026\/wp-content\/uploads\/2026\/04\/IMG_9684-768x576.jpg 768w, \/serratibonastre2026\/wp-content\/uploads\/2026\/04\/IMG_9684-1536x1152.jpg 1536w, \/serratibonastre2026\/wp-content\/uploads\/2026\/04\/IMG_9684-2048x1536.jpg 2048w\" sizes=\"auto, (max-width: 767px) 89vw, (max-width: 1000px) 54vw, (max-width: 1071px) 543px, 580px\" \/><\/figure>\n<\/figure>\n","protected":false},"excerpt":{"rendered":"<p>El dimarts 3 de mar\u00e7, l\u2019Helena ens va explicar una not\u00edcia molt emocionant. Far\u00edem l\u2019exposici\u00f3 del nostre projecte a la biblioteca Jaume Fuster, a la qual hi passen centenars de persones cada dia, i per exposar-hi es veu que hi ha una cua de mesos. \u00c9s per aix\u00f2 que ens va proposar d\u2019anar a visitar &hellip; <\/p>\n<p class=\"link-more\"><a href=\"\/serratibonastre2026\/biblioteca-jaume-fuster\/\" class=\"more-link\">Continua llegint <span class=\"screen-reader-text\">\u00abBiblioteca Jaume Fuster\u00bb<\/span><\/a><\/p>\n","protected":false},"author":3,"featured_media":0,"comment_status":"closed","ping_status":"","sticky":false,"template":"","format":"standard","meta":{"footnotes":""},"categories":[1],"tags":[],"class_list":["post-138","post","type-post","status-publish","format-standard","hentry","category-general"],"_links":{"self":[{"href":"\/serratibonastre2026\/wp-json\/wp\/v2\/posts\/138","targetHints":{"allow":["GET"]}}],"collection":[{"href":"\/serratibonastre2026\/wp-json\/wp\/v2\/posts"}],"about":[{"href":"\/serratibonastre2026\/wp-json\/wp\/v2\/types\/post"}],"author":[{"embeddable":true,"href":"\/serratibonastre2026\/wp-json\/wp\/v2\/users\/3"}],"replies":[{"embeddable":true,"href":"\/serratibonastre2026\/wp-json\/wp\/v2\/comments?post=138"}],"version-history":[{"count":1,"href":"\/serratibonastre2026\/wp-json\/wp\/v2\/posts\/138\/revisions"}],"predecessor-version":[{"id":140,"href":"\/serratibonastre2026\/wp-json\/wp\/v2\/posts\/138\/revisions\/140"}],"wp:attachment":[{"href":"\/serratibonastre2026\/wp-json\/wp\/v2\/media?parent=138"}],"wp:term":[{"taxonomy":"category","embeddable":true,"href":"\/serratibonastre2026\/wp-json\/wp\/v2\/categories?post=138"},{"taxonomy":"post_tag","embeddable":true,"href":"\/serratibonastre2026\/wp-json\/wp\/v2\/tags?post=138"}],"curies":[{"name":"wp","href":"https:\/\/api.w.org\/{rel}","templated":true}]}}