{"id":53,"date":"2025-11-17T09:20:31","date_gmt":"2025-11-17T07:20:31","guid":{"rendered":"\/serratibonastre2026\/?p=53"},"modified":"2025-11-17T14:41:47","modified_gmt":"2025-11-17T12:41:47","slug":"comencem-el-projecte-que-entenem-per-art","status":"publish","type":"post","link":"\/serratibonastre2026\/comencem-el-projecte-que-entenem-per-art\/","title":{"rendered":"Comencem el projecte: qu\u00e8 entenem per art?"},"content":{"rendered":"\n<p class=\"wp-block-paragraph\">Hola! Som l\u2019alumnat de 4t d\u2019ESO de l\u2019Institut Josep Serrat i Bonastre i estem molt contents de participar en el programa <em>En Resid\u00e8ncia<\/em>! \u00b4<\/p>\n\n\n\n<p class=\"wp-block-paragraph\">La primera sessi\u00f3 la vam dedicar a parlar sobre qu\u00e8 \u00e9s l\u2019art. Ens va mostrar imatges de pintures, escultures, fotografies i fins i tot objectes quotidians, convidant-nos a reflexionar sobre si tot all\u00f2 es pot considerar art. Vam debatre i compartir opinions, i vam veure que cadasc\u00fa t\u00e9 una manera diferent d\u2019entendre i valorar l\u2019art. Gr\u00e0cies a aix\u00f2 vam aprendre que l\u2019art pot tenir moltes formes i significats.<\/p>\n\n\n\n<p class=\"wp-block-paragraph\">Al final de la sessi\u00f3, vam haver de respondre dues preguntes:<br><\/p>\n\n\n\n<p class=\"wp-block-paragraph\"><strong>Qu\u00e8 \u00e9s l\u2019art (objectivament)?<\/strong><br>Objectivament, l\u2019art \u00e9s un concepte convencional amb el qual definim les activitats creatives de l\u2019\u00e9sser hum\u00e0 serveixen que expressar idees, emocions o visions del m\u00f3n a trav\u00e9s de disciplines com ara la pintura, la m\u00fasica, la dansa o la literatura. Al llarg de la hist\u00f2ria, l\u2019art ha tingut funcions molt diverses: rituals, cr\u00edtica social, recerca de bellesa o comunicaci\u00f3 de sentiments.<\/p>\n\n\n\n<p class=\"wp-block-paragraph\"><strong>Qu\u00e8 \u00e9s l\u2019art per a nosaltres?<\/strong><br>Per a mi (Luc\u00eda), per exemple, l\u2019art \u00e9s qualsevol cosa creada amb la intenci\u00f3 de comunicar o expressar alguna cosa. No cal que sigui bonic ni perfecte, sin\u00f3 que faci sentir o pensar. Quan toco el piano, per exemple, sento que tamb\u00e9 faig art, perqu\u00e8 transmeto emocions sense parlar. L\u2019art \u00e9s una manera de connectar amb els altres a trav\u00e9s dels sentiments i de deixar una empremta que va m\u00e9s enll\u00e0 del temps.<\/p>\n\n\n\n<p class=\"wp-block-paragraph\"><strong>Conclusi\u00f3<\/strong><br>Aquesta experi\u00e8ncia ens ha fet veure que l\u2019art no t\u00e9 una \u00fanica definici\u00f3 i que el seu valor dep\u00e8n del context i de la mirada de cada persona. Hem apr\u00e8s a valorar la diversitat d\u2019opinions i a entendre que l\u2019art \u00e9s, sobretot, una forma de comunicaci\u00f3 i expressi\u00f3 personal.<\/p>\n\n\n\n<figure class=\"wp-block-gallery has-nested-images columns-default is-cropped wp-block-gallery-1 is-layout-flex wp-block-gallery-is-layout-flex\">\n<figure class=\"wp-block-image size-large\"><img loading=\"lazy\" decoding=\"async\" width=\"687\" height=\"1024\" data-id=\"55\" src=\"\/serratibonastre2026\/wp-content\/uploads\/2025\/11\/image-687x1024.png\" alt=\"\" class=\"wp-image-55\" srcset=\"\/serratibonastre2026\/wp-content\/uploads\/2025\/11\/image-687x1024.png 687w, \/serratibonastre2026\/wp-content\/uploads\/2025\/11\/image-201x300.png 201w, \/serratibonastre2026\/wp-content\/uploads\/2025\/11\/image-768x1145.png 768w, \/serratibonastre2026\/wp-content\/uploads\/2025\/11\/image.png 1024w\" sizes=\"auto, (max-width: 687px) 100vw, 687px\" \/><\/figure>\n\n\n\n<figure class=\"wp-block-image size-large\"><img loading=\"lazy\" decoding=\"async\" width=\"970\" height=\"1024\" data-id=\"54\" src=\"\/serratibonastre2026\/wp-content\/uploads\/2025\/11\/image-970x1024.jpeg\" alt=\"\" class=\"wp-image-54\" srcset=\"\/serratibonastre2026\/wp-content\/uploads\/2025\/11\/image-970x1024.jpeg 970w, \/serratibonastre2026\/wp-content\/uploads\/2025\/11\/image-284x300.jpeg 284w, \/serratibonastre2026\/wp-content\/uploads\/2025\/11\/image-768x810.jpeg 768w, \/serratibonastre2026\/wp-content\/uploads\/2025\/11\/image.jpeg 1305w\" sizes=\"auto, (max-width: 767px) 89vw, (max-width: 1000px) 54vw, (max-width: 1071px) 543px, 580px\" \/><\/figure>\n<\/figure>\n\n\n\n<p class=\"wp-block-paragraph\">Luc\u00eda Fern\u00e1ndez i Gaia Giuffrida<br>Expressi\u00f3 Art\u00edstica<\/p>\n","protected":false},"excerpt":{"rendered":"<p>Hola! Som l\u2019alumnat de 4t d\u2019ESO de l\u2019Institut Josep Serrat i Bonastre i estem molt contents de participar en el programa En Resid\u00e8ncia! \u00b4 La primera sessi\u00f3 la vam dedicar a parlar sobre qu\u00e8 \u00e9s l\u2019art. Ens va mostrar imatges de pintures, escultures, fotografies i fins i tot objectes quotidians, convidant-nos a reflexionar sobre si &hellip; <\/p>\n<p class=\"link-more\"><a href=\"\/serratibonastre2026\/comencem-el-projecte-que-entenem-per-art\/\" class=\"more-link\">Continua llegint <span class=\"screen-reader-text\">\u00abComencem el projecte: qu\u00e8 entenem per art?\u00bb<\/span><\/a><\/p>\n","protected":false},"author":3,"featured_media":0,"comment_status":"closed","ping_status":"","sticky":false,"template":"","format":"standard","meta":{"footnotes":""},"categories":[1],"tags":[],"class_list":["post-53","post","type-post","status-publish","format-standard","hentry","category-general"],"_links":{"self":[{"href":"\/serratibonastre2026\/wp-json\/wp\/v2\/posts\/53","targetHints":{"allow":["GET"]}}],"collection":[{"href":"\/serratibonastre2026\/wp-json\/wp\/v2\/posts"}],"about":[{"href":"\/serratibonastre2026\/wp-json\/wp\/v2\/types\/post"}],"author":[{"embeddable":true,"href":"\/serratibonastre2026\/wp-json\/wp\/v2\/users\/3"}],"replies":[{"embeddable":true,"href":"\/serratibonastre2026\/wp-json\/wp\/v2\/comments?post=53"}],"version-history":[{"count":2,"href":"\/serratibonastre2026\/wp-json\/wp\/v2\/posts\/53\/revisions"}],"predecessor-version":[{"id":108,"href":"\/serratibonastre2026\/wp-json\/wp\/v2\/posts\/53\/revisions\/108"}],"wp:attachment":[{"href":"\/serratibonastre2026\/wp-json\/wp\/v2\/media?parent=53"}],"wp:term":[{"taxonomy":"category","embeddable":true,"href":"\/serratibonastre2026\/wp-json\/wp\/v2\/categories?post=53"},{"taxonomy":"post_tag","embeddable":true,"href":"\/serratibonastre2026\/wp-json\/wp\/v2\/tags?post=53"}],"curies":[{"name":"wp","href":"https:\/\/api.w.org\/{rel}","templated":true}]}}