{"id":68,"date":"2025-11-17T09:29:40","date_gmt":"2025-11-17T07:29:40","guid":{"rendered":"\/serratibonastre2026\/?p=68"},"modified":"2025-11-17T14:32:29","modified_gmt":"2025-11-17T12:32:29","slug":"el-dia-que-hem-conegut-lhelena","status":"publish","type":"post","link":"\/serratibonastre2026\/el-dia-que-hem-conegut-lhelena\/","title":{"rendered":"El dia que hem conegut l\u2019Helena"},"content":{"rendered":"\n<p class=\"wp-block-paragraph\">Dimarts passat, dia 30 de desembre, vam con\u00e8ixer la Helena Civit, l\u2019artista que ens acompanyar\u00e0 al llarg de tot el projecte. Tots i totes ens vam presentar i vam portar l\u2019objecte personal que t\u00e9 un significat per a nosaltres o al qual tenim estima.<\/p>\n\n\n\n<figure class=\"wp-block-image size-large is-resized\"><img loading=\"lazy\" decoding=\"async\" width=\"1024\" height=\"768\" src=\"\/serratibonastre2026\/wp-content\/uploads\/2025\/11\/Fotos_sessio_1_03-1024x768.jpg\" alt=\"\" class=\"wp-image-84\" style=\"width:463px;height:auto\" srcset=\"\/serratibonastre2026\/wp-content\/uploads\/2025\/11\/Fotos_sessio_1_03-1024x768.jpg 1024w, \/serratibonastre2026\/wp-content\/uploads\/2025\/11\/Fotos_sessio_1_03-300x225.jpg 300w, \/serratibonastre2026\/wp-content\/uploads\/2025\/11\/Fotos_sessio_1_03-768x576.jpg 768w\" sizes=\"auto, (max-width: 767px) 89vw, (max-width: 1000px) 54vw, (max-width: 1071px) 543px, 580px\" \/><\/figure>\n\n\n\n<p class=\"wp-block-paragraph\"><br>Tamb\u00e9 ens va explicar tot el que fa \u201ccada dia a la seva feina\u201d. Que tenia un taller en una nau de Poblenou. Va portar un estoig que era de la seva \u00e0via quan anava a l\u2019escola. Era de fusta i tenia petits compartiments: un per al llapis, un per a la goma d\u2019esborrar i un altre per als llapis de colors. I l\u2019Helena va dir que l\u2019estoig t\u00e9 un significat molt especial per a ella perqu\u00e8 li recorda la seva \u00e0via, ja que malauradament la seva \u00e0via va morir fa uns mesos.<br>Finalment, hem unit els objectes personals amb els quals m\u00e9s contrastaven i tenien m\u00e9s connexi\u00f3 amb la resta de materials per fer diferents grups.<\/p>\n\n\n\n<p class=\"wp-block-paragraph\">1 grup- Era de metall, les claus que tenen m\u00e9s contrast.<\/p>\n\n\n\n<figure class=\"wp-block-image size-full is-resized\"><img loading=\"lazy\" decoding=\"async\" width=\"759\" height=\"589\" src=\"\/serratibonastre2026\/wp-content\/uploads\/2025\/11\/image-1.png\" alt=\"\" class=\"wp-image-69\" style=\"width:424px;height:auto\" srcset=\"\/serratibonastre2026\/wp-content\/uploads\/2025\/11\/image-1.png 759w, \/serratibonastre2026\/wp-content\/uploads\/2025\/11\/image-1-300x233.png 300w\" sizes=\"auto, (max-width: 706px) 89vw, (max-width: 767px) 82vw, 740px\" \/><\/figure>\n\n\n\n<p class=\"wp-block-paragraph\">2 grup- Era el m\u00e9s antic i contextura com de fusta, la c\u00e0mera i el&nbsp; estoig son de materials de fusta.<\/p>\n\n\n\n<figure class=\"wp-block-image size-large is-resized\"><img loading=\"lazy\" decoding=\"async\" width=\"1024\" height=\"768\" src=\"\/serratibonastre2026\/wp-content\/uploads\/2025\/11\/Fotos_sessio_1_11-1024x768.jpg\" alt=\"\" class=\"wp-image-85\" style=\"width:425px;height:auto\" srcset=\"\/serratibonastre2026\/wp-content\/uploads\/2025\/11\/Fotos_sessio_1_11-1024x768.jpg 1024w, \/serratibonastre2026\/wp-content\/uploads\/2025\/11\/Fotos_sessio_1_11-300x225.jpg 300w, \/serratibonastre2026\/wp-content\/uploads\/2025\/11\/Fotos_sessio_1_11-768x576.jpg 768w, \/serratibonastre2026\/wp-content\/uploads\/2025\/11\/Fotos_sessio_1_11-1536x1152.jpg 1536w, \/serratibonastre2026\/wp-content\/uploads\/2025\/11\/Fotos_sessio_1_11-2048x1536.jpg 2048w\" sizes=\"auto, (max-width: 767px) 89vw, (max-width: 1000px) 54vw, (max-width: 1071px) 543px, 580px\" \/><\/figure>\n\n\n\n<p class=\"wp-block-paragraph\">3 grup- Aquest grup era de peluixos suaus i petits<\/p>\n\n\n\n<figure class=\"wp-block-image size-large is-resized\"><img loading=\"lazy\" decoding=\"async\" width=\"1024\" height=\"768\" src=\"\/serratibonastre2026\/wp-content\/uploads\/2025\/11\/Fotos_sessio_1_08-1024x768.jpg\" alt=\"\" class=\"wp-image-86\" style=\"width:424px;height:auto\" srcset=\"\/serratibonastre2026\/wp-content\/uploads\/2025\/11\/Fotos_sessio_1_08-1024x768.jpg 1024w, \/serratibonastre2026\/wp-content\/uploads\/2025\/11\/Fotos_sessio_1_08-300x225.jpg 300w, \/serratibonastre2026\/wp-content\/uploads\/2025\/11\/Fotos_sessio_1_08-768x576.jpg 768w, \/serratibonastre2026\/wp-content\/uploads\/2025\/11\/Fotos_sessio_1_08-1536x1152.jpg 1536w, \/serratibonastre2026\/wp-content\/uploads\/2025\/11\/Fotos_sessio_1_08-2048x1536.jpg 2048w\" sizes=\"auto, (max-width: 767px) 89vw, (max-width: 1000px) 54vw, (max-width: 1071px) 543px, 580px\" \/><\/figure>\n\n\n\n<p class=\"wp-block-paragraph\">4 grup- Per \u00faltim, els objectes m\u00e9s bonics, elegants i de metall, menys la polsera que t\u00e9 boles de perles.<\/p>\n\n\n\n<figure class=\"wp-block-image size-large is-resized\"><img loading=\"lazy\" decoding=\"async\" width=\"1024\" height=\"768\" src=\"\/serratibonastre2026\/wp-content\/uploads\/2025\/11\/Fotos_sessio_1_07-1024x768.jpg\" alt=\"\" class=\"wp-image-87\" style=\"width:425px;height:auto\" srcset=\"\/serratibonastre2026\/wp-content\/uploads\/2025\/11\/Fotos_sessio_1_07-1024x768.jpg 1024w, \/serratibonastre2026\/wp-content\/uploads\/2025\/11\/Fotos_sessio_1_07-300x225.jpg 300w, \/serratibonastre2026\/wp-content\/uploads\/2025\/11\/Fotos_sessio_1_07-768x576.jpg 768w, \/serratibonastre2026\/wp-content\/uploads\/2025\/11\/Fotos_sessio_1_07-1536x1152.jpg 1536w, \/serratibonastre2026\/wp-content\/uploads\/2025\/11\/Fotos_sessio_1_07-2048x1536.jpg 2048w\" sizes=\"auto, (max-width: 767px) 89vw, (max-width: 1000px) 54vw, (max-width: 1071px) 543px, 580px\" \/><\/figure>\n\n\n\n<p class=\"wp-block-paragraph\">Despr\u00e9s, d\u2019unir el objectes cadasc\u00fa ha creat el seu propi quadern que farem servir durant tot el projecte En Resid\u00e8ncia i cadascun el va comen\u00e7ar a decorar al seu estil.&nbsp;<\/p>\n\n\n\n<figure class=\"wp-block-gallery has-nested-images columns-default is-cropped wp-block-gallery-1 is-layout-flex wp-block-gallery-is-layout-flex\">\n<figure class=\"wp-block-image size-large\"><img loading=\"lazy\" decoding=\"async\" width=\"1024\" height=\"768\" data-id=\"88\" src=\"\/serratibonastre2026\/wp-content\/uploads\/2025\/11\/Fotos_sessio_1_13-1024x768.jpg\" alt=\"\" class=\"wp-image-88\" srcset=\"\/serratibonastre2026\/wp-content\/uploads\/2025\/11\/Fotos_sessio_1_13-1024x768.jpg 1024w, \/serratibonastre2026\/wp-content\/uploads\/2025\/11\/Fotos_sessio_1_13-300x225.jpg 300w, \/serratibonastre2026\/wp-content\/uploads\/2025\/11\/Fotos_sessio_1_13-768x576.jpg 768w\" sizes=\"auto, (max-width: 767px) 89vw, (max-width: 1000px) 54vw, (max-width: 1071px) 543px, 580px\" \/><\/figure>\n\n\n\n<figure class=\"wp-block-image size-large\"><img loading=\"lazy\" decoding=\"async\" width=\"1024\" height=\"768\" data-id=\"89\" src=\"\/serratibonastre2026\/wp-content\/uploads\/2025\/11\/Fotos_sessio_1_14-1024x768.jpg\" alt=\"\" class=\"wp-image-89\" srcset=\"\/serratibonastre2026\/wp-content\/uploads\/2025\/11\/Fotos_sessio_1_14-1024x768.jpg 1024w, \/serratibonastre2026\/wp-content\/uploads\/2025\/11\/Fotos_sessio_1_14-300x225.jpg 300w, \/serratibonastre2026\/wp-content\/uploads\/2025\/11\/Fotos_sessio_1_14-768x576.jpg 768w\" sizes=\"auto, (max-width: 767px) 89vw, (max-width: 1000px) 54vw, (max-width: 1071px) 543px, 580px\" \/><\/figure>\n\n\n\n<figure class=\"wp-block-image size-large\"><img loading=\"lazy\" decoding=\"async\" width=\"1024\" height=\"768\" data-id=\"90\" src=\"\/serratibonastre2026\/wp-content\/uploads\/2025\/11\/Fotos_sessio_1_15-1024x768.jpg\" alt=\"\" class=\"wp-image-90\" srcset=\"\/serratibonastre2026\/wp-content\/uploads\/2025\/11\/Fotos_sessio_1_15-1024x768.jpg 1024w, \/serratibonastre2026\/wp-content\/uploads\/2025\/11\/Fotos_sessio_1_15-300x225.jpg 300w, \/serratibonastre2026\/wp-content\/uploads\/2025\/11\/Fotos_sessio_1_15-768x576.jpg 768w\" sizes=\"auto, (max-width: 767px) 89vw, (max-width: 1000px) 54vw, (max-width: 1071px) 543px, 580px\" \/><\/figure>\n\n\n\n<figure class=\"wp-block-image size-large\"><img loading=\"lazy\" decoding=\"async\" width=\"1024\" height=\"768\" data-id=\"91\" src=\"\/serratibonastre2026\/wp-content\/uploads\/2025\/11\/Fotos_sessio_1_16-1024x768.jpg\" alt=\"\" class=\"wp-image-91\" srcset=\"\/serratibonastre2026\/wp-content\/uploads\/2025\/11\/Fotos_sessio_1_16-1024x768.jpg 1024w, \/serratibonastre2026\/wp-content\/uploads\/2025\/11\/Fotos_sessio_1_16-300x225.jpg 300w, \/serratibonastre2026\/wp-content\/uploads\/2025\/11\/Fotos_sessio_1_16-768x576.jpg 768w\" sizes=\"auto, (max-width: 767px) 89vw, (max-width: 1000px) 54vw, (max-width: 1071px) 543px, 580px\" \/><\/figure>\n\n\n\n<figure class=\"wp-block-image size-large\"><img loading=\"lazy\" decoding=\"async\" width=\"1024\" height=\"768\" data-id=\"92\" src=\"\/serratibonastre2026\/wp-content\/uploads\/2025\/11\/Fotos_sessio_1_17-1024x768.jpg\" alt=\"\" class=\"wp-image-92\" srcset=\"\/serratibonastre2026\/wp-content\/uploads\/2025\/11\/Fotos_sessio_1_17-1024x768.jpg 1024w, \/serratibonastre2026\/wp-content\/uploads\/2025\/11\/Fotos_sessio_1_17-300x225.jpg 300w, \/serratibonastre2026\/wp-content\/uploads\/2025\/11\/Fotos_sessio_1_17-768x576.jpg 768w, \/serratibonastre2026\/wp-content\/uploads\/2025\/11\/Fotos_sessio_1_17-1536x1152.jpg 1536w, \/serratibonastre2026\/wp-content\/uploads\/2025\/11\/Fotos_sessio_1_17-2048x1536.jpg 2048w\" sizes=\"auto, (max-width: 767px) 89vw, (max-width: 1000px) 54vw, (max-width: 1071px) 543px, 580px\" \/><\/figure>\n<\/figure>\n\n\n\n<p class=\"wp-block-paragraph\">Jeiry Posas&nbsp;<\/p>\n","protected":false},"excerpt":{"rendered":"<p>Dimarts passat, dia 30 de desembre, vam con\u00e8ixer la Helena Civit, l\u2019artista que ens acompanyar\u00e0 al llarg de tot el projecte. Tots i totes ens vam presentar i vam portar l\u2019objecte personal que t\u00e9 un significat per a nosaltres o al qual tenim estima. Tamb\u00e9 ens va explicar tot el que fa \u201ccada dia a &hellip; <\/p>\n<p class=\"link-more\"><a href=\"\/serratibonastre2026\/el-dia-que-hem-conegut-lhelena\/\" class=\"more-link\">Continua llegint <span class=\"screen-reader-text\">\u00abEl dia que hem conegut l\u2019Helena\u00bb<\/span><\/a><\/p>\n","protected":false},"author":3,"featured_media":0,"comment_status":"closed","ping_status":"","sticky":false,"template":"","format":"standard","meta":{"footnotes":""},"categories":[1],"tags":[],"class_list":["post-68","post","type-post","status-publish","format-standard","hentry","category-general"],"_links":{"self":[{"href":"\/serratibonastre2026\/wp-json\/wp\/v2\/posts\/68","targetHints":{"allow":["GET"]}}],"collection":[{"href":"\/serratibonastre2026\/wp-json\/wp\/v2\/posts"}],"about":[{"href":"\/serratibonastre2026\/wp-json\/wp\/v2\/types\/post"}],"author":[{"embeddable":true,"href":"\/serratibonastre2026\/wp-json\/wp\/v2\/users\/3"}],"replies":[{"embeddable":true,"href":"\/serratibonastre2026\/wp-json\/wp\/v2\/comments?post=68"}],"version-history":[{"count":3,"href":"\/serratibonastre2026\/wp-json\/wp\/v2\/posts\/68\/revisions"}],"predecessor-version":[{"id":93,"href":"\/serratibonastre2026\/wp-json\/wp\/v2\/posts\/68\/revisions\/93"}],"wp:attachment":[{"href":"\/serratibonastre2026\/wp-json\/wp\/v2\/media?parent=68"}],"wp:term":[{"taxonomy":"category","embeddable":true,"href":"\/serratibonastre2026\/wp-json\/wp\/v2\/categories?post=68"},{"taxonomy":"post_tag","embeddable":true,"href":"\/serratibonastre2026\/wp-json\/wp\/v2\/tags?post=68"}],"curies":[{"name":"wp","href":"https:\/\/api.w.org\/{rel}","templated":true}]}}