{"id":101,"date":"2025-12-15T18:33:07","date_gmt":"2025-12-15T16:33:07","guid":{"rendered":"\/torrevicens2026\/?p=101"},"modified":"2025-12-15T18:33:07","modified_gmt":"2025-12-15T16:33:07","slug":"tancament-de-la-sessio-amb-la-maleta-del-leandre-cristofol-un-viatge-emocional-a-traves-de-lart-i-la-historia","status":"publish","type":"post","link":"\/torrevicens2026\/tancament-de-la-sessio-amb-la-maleta-del-leandre-cristofol-un-viatge-emocional-a-traves-de-lart-i-la-historia\/","title":{"rendered":"Tancament de la sessi\u00f3 amb la Maleta del Leandre Crist\u00f2fol: Un viatge emocional a trav\u00e9s de l\u2019art i la hist\u00f2ria"},"content":{"rendered":"\n<p class=\"wp-block-paragraph\">El dimarts 2 de desembre hem arribat al tancament d&#8217;una etapa del nostre projecte <em>en Resid\u00e8ncia<\/em> amb els alumnes de 3r ESO E, i ho hem fem amb una sensaci\u00f3 d\u2019enriquiment profund i agra\u00efment per tot el que hem descobert i compartit. La <em>Maleta del Leandre Crist\u00f2fol<\/em>, una obra que ens va cedir generosament el Museu Morera de Lleida, ha estat el fil conductor d\u2019aquesta viv\u00e8ncia.<\/p>\n\n\n\n<p class=\"wp-block-paragraph\">La sessi\u00f3 ha estat una oportunitat per connectar amb l\u2019artista i la seva vida de manera directa, gr\u00e0cies a una maleta carregada de records, obres i documents que ens han perm\u00e8s entrar al m\u00f3n creatiu de Crist\u00f2fol. El nostre objectiu ha estat entendre com l\u2019artista vivia el seu entorn, com pensava sobre la societat, i com les seves experi\u00e8ncies i les seves obres ens conviden a reflexionar sobre nosaltres mateixos i el nostre temps.<\/p>\n\n\n\n<p class=\"wp-block-paragraph\">Les din\u00e0miques que hem realitzat a l\u2019aula han estat variades i molt participatives. Des de les primeres observacions entorn dels materials de la maleta fins als debats sobre les t\u00e8cniques que Crist\u00f2fol utilitzava, els alumnes han pogut explorar i entendre millor no nom\u00e9s les obres de l\u2019artista, sin\u00f3 tamb\u00e9 la seva manera d&#8217;interactuar amb la realitat i la seva forma de veure el m\u00f3n. Els alumnes han analitzat la seva obra amb un sentit profund de curiositat i respecte, intentant captar els missatges que l\u2019artista volia transmetre i connectant-los amb les seves pr\u00f2pies viv\u00e8ncies.<\/p>\n\n\n\n<p class=\"wp-block-paragraph\">Ha estat un proc\u00e9s de descoberta, no nom\u00e9s de l\u2019art de Leandre Crist\u00f2fol, sin\u00f3 tamb\u00e9 d\u2019una metodologia d\u2019aprenentatge m\u00e9s activa i viva, on els alumnes no nom\u00e9s han observat, sin\u00f3 que tamb\u00e9 han creat, debatut i compartit. Aix\u00f2 ens ha perm\u00e8s con\u00e8ixer no nom\u00e9s l\u2019artista, sin\u00f3 tamb\u00e9 el poder que t\u00e9 l\u2019art per transformar la percepci\u00f3 que tenim del m\u00f3n i de nosaltres mateixos.<\/p>\n\n\n\n<p class=\"wp-block-paragraph\">Amb el tancament de la sessi\u00f3, ens quedem amb una sensaci\u00f3 de gratitud per haver pogut con\u00e8ixer a fons a Leandre Crist\u00f2fol, la seva vida, la seva obra, i la manera com les seves creacions ens interpel\u00b7len encara avui. Ha estat una experi\u00e8ncia molt enriquidora per als alumnes i per a tots nosaltres, que hem pogut compartir aquest viatge conjunt amb l\u2019art i la hist\u00f2ria de Lleida.<\/p>\n\n\n\n<p class=\"wp-block-paragraph\">Avancem amb la seguretat que aquesta experi\u00e8ncia ha estat m\u00e9s que una visita al museu o unes din\u00e0miques d&#8217;aula: ha estat un viatge emocional que ens ha perm\u00e8s connectar, sentir i entendre. Gr\u00e0cies al Museu Morera per permetre\u2019ns endinsar-nos en el seu univers creatiu.<\/p>\n\n\n\n<p class=\"wp-block-paragraph\">Aquesta \u00e9s nom\u00e9s la primera etapa del nostre cam\u00ed art\u00edstic, i el m\u00e9s important \u00e9s que hem fet aquest viatge junts, com a grup, amb empatia i amb una voluntat comuna d\u2019aprendre i cr\u00e9ixer.<\/p>\n\n\n\n<p class=\"wp-block-paragraph\">#ArtistesEnResid\u00e8ncia #LeandreCrist\u00f2fol #MuseuMorera #Educaci\u00f3Pl\u00e0stica #ProjectesCreatius #AprendreJunts #instorrevicens #instorrevicenslleida<\/p>\n\n\n\n<figure class=\"wp-block-gallery has-nested-images columns-default is-cropped wp-block-gallery-1 is-layout-flex wp-block-gallery-is-layout-flex\">\n<figure class=\"wp-block-image size-full\"><img loading=\"lazy\" decoding=\"async\" width=\"756\" height=\"1008\" data-id=\"104\" src=\"\/torrevicens2026\/wp-content\/uploads\/2025\/12\/20251202_124345-rotated.jpg\" alt=\"\" class=\"wp-image-104\" srcset=\"\/torrevicens2026\/wp-content\/uploads\/2025\/12\/20251202_124345-rotated.jpg 756w, \/torrevicens2026\/wp-content\/uploads\/2025\/12\/20251202_124345-225x300.jpg 225w\" sizes=\"auto, (max-width: 706px) 89vw, (max-width: 767px) 82vw, 740px\" \/><\/figure>\n<\/figure>\n\n\n\n<figure class=\"wp-block-gallery has-nested-images columns-default is-cropped wp-block-gallery-2 is-layout-flex wp-block-gallery-is-layout-flex\">\n<figure class=\"wp-block-image size-large\"><img loading=\"lazy\" decoding=\"async\" width=\"756\" height=\"1008\" data-id=\"105\" src=\"\/torrevicens2026\/wp-content\/uploads\/2025\/12\/20251202_124343-rotated.jpg\" alt=\"\" class=\"wp-image-105\" srcset=\"\/torrevicens2026\/wp-content\/uploads\/2025\/12\/20251202_124343-rotated.jpg 756w, \/torrevicens2026\/wp-content\/uploads\/2025\/12\/20251202_124343-225x300.jpg 225w\" sizes=\"auto, (max-width: 706px) 89vw, (max-width: 767px) 82vw, 740px\" \/><\/figure>\n<\/figure>\n\n\n\n<figure class=\"wp-block-gallery has-nested-images columns-default is-cropped wp-block-gallery-3 is-layout-flex wp-block-gallery-is-layout-flex\">\n<figure class=\"wp-block-image size-large\"><img loading=\"lazy\" decoding=\"async\" width=\"1008\" height=\"756\" data-id=\"107\" src=\"\/torrevicens2026\/wp-content\/uploads\/2025\/12\/20251202_124233.jpg\" alt=\"\" class=\"wp-image-107\" srcset=\"\/torrevicens2026\/wp-content\/uploads\/2025\/12\/20251202_124233.jpg 1008w, \/torrevicens2026\/wp-content\/uploads\/2025\/12\/20251202_124233-300x225.jpg 300w, \/torrevicens2026\/wp-content\/uploads\/2025\/12\/20251202_124233-768x576.jpg 768w\" sizes=\"auto, (max-width: 767px) 89vw, (max-width: 1000px) 54vw, (max-width: 1071px) 543px, 580px\" \/><\/figure>\n\n\n\n<figure class=\"wp-block-image size-large\"><img loading=\"lazy\" decoding=\"async\" width=\"1008\" height=\"756\" data-id=\"106\" src=\"\/torrevicens2026\/wp-content\/uploads\/2025\/12\/20251202_124238.jpg\" alt=\"\" class=\"wp-image-106\" srcset=\"\/torrevicens2026\/wp-content\/uploads\/2025\/12\/20251202_124238.jpg 1008w, \/torrevicens2026\/wp-content\/uploads\/2025\/12\/20251202_124238-300x225.jpg 300w, \/torrevicens2026\/wp-content\/uploads\/2025\/12\/20251202_124238-768x576.jpg 768w\" sizes=\"auto, (max-width: 767px) 89vw, (max-width: 1000px) 54vw, (max-width: 1071px) 543px, 580px\" \/><\/figure>\n\n\n\n<figure class=\"wp-block-image size-large\"><img loading=\"lazy\" decoding=\"async\" width=\"756\" height=\"1008\" data-id=\"108\" src=\"\/torrevicens2026\/wp-content\/uploads\/2025\/12\/20251202_124246-rotated.jpg\" alt=\"\" class=\"wp-image-108\" srcset=\"\/torrevicens2026\/wp-content\/uploads\/2025\/12\/20251202_124246-rotated.jpg 756w, \/torrevicens2026\/wp-content\/uploads\/2025\/12\/20251202_124246-225x300.jpg 225w\" sizes=\"auto, (max-width: 706px) 89vw, (max-width: 767px) 82vw, 740px\" \/><\/figure>\n<\/figure>\n","protected":false},"excerpt":{"rendered":"<p>El dimarts 2 de desembre hem arribat al tancament d&#8217;una etapa del nostre projecte en Resid\u00e8ncia amb els alumnes de 3r ESO E, i ho hem fem amb una sensaci\u00f3 d\u2019enriquiment profund i agra\u00efment per tot el que hem descobert i compartit. La Maleta del Leandre Crist\u00f2fol, una obra que ens va cedir generosament el &hellip; <\/p>\n<p class=\"link-more\"><a href=\"\/torrevicens2026\/tancament-de-la-sessio-amb-la-maleta-del-leandre-cristofol-un-viatge-emocional-a-traves-de-lart-i-la-historia\/\" class=\"more-link\">Continua llegint <span class=\"screen-reader-text\">\u00abTancament de la sessi\u00f3 amb la Maleta del Leandre Crist\u00f2fol: Un viatge emocional a trav\u00e9s de l\u2019art i la hist\u00f2ria\u00bb<\/span><\/a><\/p>\n","protected":false},"author":4,"featured_media":0,"comment_status":"closed","ping_status":"","sticky":false,"template":"","format":"standard","meta":{"footnotes":""},"categories":[1],"tags":[],"class_list":["post-101","post","type-post","status-publish","format-standard","hentry","category-general"],"_links":{"self":[{"href":"\/torrevicens2026\/wp-json\/wp\/v2\/posts\/101","targetHints":{"allow":["GET"]}}],"collection":[{"href":"\/torrevicens2026\/wp-json\/wp\/v2\/posts"}],"about":[{"href":"\/torrevicens2026\/wp-json\/wp\/v2\/types\/post"}],"author":[{"embeddable":true,"href":"\/torrevicens2026\/wp-json\/wp\/v2\/users\/4"}],"replies":[{"embeddable":true,"href":"\/torrevicens2026\/wp-json\/wp\/v2\/comments?post=101"}],"version-history":[{"count":3,"href":"\/torrevicens2026\/wp-json\/wp\/v2\/posts\/101\/revisions"}],"predecessor-version":[{"id":109,"href":"\/torrevicens2026\/wp-json\/wp\/v2\/posts\/101\/revisions\/109"}],"wp:attachment":[{"href":"\/torrevicens2026\/wp-json\/wp\/v2\/media?parent=101"}],"wp:term":[{"taxonomy":"category","embeddable":true,"href":"\/torrevicens2026\/wp-json\/wp\/v2\/categories?post=101"},{"taxonomy":"post_tag","embeddable":true,"href":"\/torrevicens2026\/wp-json\/wp\/v2\/tags?post=101"}],"curies":[{"name":"wp","href":"https:\/\/api.w.org\/{rel}","templated":true}]}}