{"id":112,"date":"2026-01-20T18:33:02","date_gmt":"2026-01-20T16:33:02","guid":{"rendered":"\/torrevicens2026\/?p=112"},"modified":"2026-01-20T18:33:02","modified_gmt":"2026-01-20T16:33:02","slug":"preparacio-per-a-la-sessio-oberta-del-projecte-en-residencia","status":"publish","type":"post","link":"\/torrevicens2026\/preparacio-per-a-la-sessio-oberta-del-projecte-en-residencia\/","title":{"rendered":"Preparaci\u00f3 per a la Sessi\u00f3 Oberta del Projecte En Resid\u00e8ncia"},"content":{"rendered":"\n<p class=\"wp-block-paragraph\"><\/p>\n\n\n\n<p class=\"wp-block-paragraph\">Despr\u00e9s de molt de treball i dedicaci\u00f3, els alumnes que formem part del projecte <em>En Resid\u00e8ncia<\/em> estem en el moment de preparaci\u00f3 de la nostra sessi\u00f3 oberta, que farem per als nostres profes. Aquesta \u00e9s una oportunitat \u00fanica per compartir tot el que hem apr\u00e8s i creat fins ara, per\u00f2 tamb\u00e9 \u00e9s un repte que ens permetr\u00e0 mostrar la nostra creativitat i el treball en equip.<\/p>\n\n\n\n<p class=\"wp-block-paragraph\">Un cop vam compartir i debatre les nostres idees, vam comen\u00e7ar a organitzar el gui\u00f3 i l&#8217;estructura de la sessi\u00f3. Cadascun de nosaltres va aportar les seves idees i vam comen\u00e7ar a decidir quins temes volem tractar, com els volem presentar i quines activitats podrem fer per implicar als profes.<\/p>\n\n\n\n<p class=\"wp-block-paragraph\">La creativitat ha estat clau en aquest proc\u00e9s. Sabem que per a fer una bona presentaci\u00f3 no nom\u00e9s cal parlar, sin\u00f3 tamb\u00e9 sorprendre i fer que els profes gaudeixin del que estem fent. Per aix\u00f2, hem pensat a utilitzar recursos visuals, din\u00e0miques que els facin participar i, fins i tot, alguna sorpresa que far\u00e0 que la sessi\u00f3 sigui \u00fanica.<\/p>\n\n\n\n<p class=\"wp-block-paragraph\">El gui\u00f3 que hem creat \u00e9s nom\u00e9s l\u2019estructura que ens guiar\u00e0 durant la sessi\u00f3. Per\u00f2 volem que aquesta sessi\u00f3 tingui moments espontanis, moments de creativitat pura que facin que els profes vegin tot el que hem apr\u00e8s, per\u00f2 tamb\u00e9 la nostra capacitat de treballar junts i de fer que les idees prenguin vida de maneres diferents.<\/p>\n\n\n\n<p class=\"wp-block-paragraph\">Cadascun de nosaltres tindrem el nostre moment per explicar el que hem fet, per\u00f2 alhora tamb\u00e9 ser\u00e0 part d&#8217;un conjunt, de manera que tots ens sentim implicats en la creaci\u00f3 d&#8217;aquesta experi\u00e8ncia. L&#8217;objectiu no \u00e9s nom\u00e9s demostrar el que hem apr\u00e8s, sin\u00f3 tamb\u00e9 passar-ho b\u00e9 i fer que els profes tamb\u00e9 es diverteixin amb nosaltres.<\/p>\n\n\n\n<p class=\"wp-block-paragraph\">Ara estem en la recta final de la preparaci\u00f3, organitzant els materials, el discurs i tot el que cal per fer que aquesta sessi\u00f3 sigui memorable. Ens fa molta il\u00b7lusi\u00f3 i estem segurs que ser\u00e0 una gran experi\u00e8ncia per tots. Ens ha quedat clar que la clau de l&#8217;\u00e8xit \u00e9s treballar junts, amb molta creativitat i moltes ganes de fer-ho b\u00e9.<\/p>\n\n\n\n<figure class=\"wp-block-gallery has-nested-images columns-default is-cropped wp-block-gallery-1 is-layout-flex wp-block-gallery-is-layout-flex\">\n<figure class=\"wp-block-image size-large\"><img loading=\"lazy\" decoding=\"async\" width=\"1024\" height=\"768\" data-id=\"113\" src=\"\/torrevicens2026\/wp-content\/uploads\/2026\/01\/20260108_145125-1024x768.jpg\" alt=\"\" class=\"wp-image-113\" srcset=\"\/torrevicens2026\/wp-content\/uploads\/2026\/01\/20260108_145125-1024x768.jpg 1024w, \/torrevicens2026\/wp-content\/uploads\/2026\/01\/20260108_145125-300x225.jpg 300w, \/torrevicens2026\/wp-content\/uploads\/2026\/01\/20260108_145125-768x576.jpg 768w, \/torrevicens2026\/wp-content\/uploads\/2026\/01\/20260108_145125-1536x1152.jpg 1536w, \/torrevicens2026\/wp-content\/uploads\/2026\/01\/20260108_145125-2048x1536.jpg 2048w\" sizes=\"auto, (max-width: 767px) 89vw, (max-width: 1000px) 54vw, (max-width: 1071px) 543px, 580px\" \/><\/figure>\n\n\n\n<figure class=\"wp-block-image size-large\"><img loading=\"lazy\" decoding=\"async\" width=\"1024\" height=\"768\" data-id=\"117\" src=\"\/torrevicens2026\/wp-content\/uploads\/2026\/01\/20260108_150053-1024x768.jpg\" alt=\"\" class=\"wp-image-117\" srcset=\"\/torrevicens2026\/wp-content\/uploads\/2026\/01\/20260108_150053-1024x768.jpg 1024w, \/torrevicens2026\/wp-content\/uploads\/2026\/01\/20260108_150053-300x225.jpg 300w, \/torrevicens2026\/wp-content\/uploads\/2026\/01\/20260108_150053-768x576.jpg 768w, \/torrevicens2026\/wp-content\/uploads\/2026\/01\/20260108_150053-1536x1152.jpg 1536w, \/torrevicens2026\/wp-content\/uploads\/2026\/01\/20260108_150053-2048x1536.jpg 2048w\" sizes=\"auto, (max-width: 767px) 89vw, (max-width: 1000px) 54vw, (max-width: 1071px) 543px, 580px\" \/><\/figure>\n\n\n\n<figure class=\"wp-block-image size-large\"><img loading=\"lazy\" decoding=\"async\" width=\"1024\" height=\"768\" data-id=\"118\" src=\"\/torrevicens2026\/wp-content\/uploads\/2026\/01\/20260108_145111-1024x768.jpg\" alt=\"\" class=\"wp-image-118\" srcset=\"\/torrevicens2026\/wp-content\/uploads\/2026\/01\/20260108_145111-1024x768.jpg 1024w, \/torrevicens2026\/wp-content\/uploads\/2026\/01\/20260108_145111-300x225.jpg 300w, \/torrevicens2026\/wp-content\/uploads\/2026\/01\/20260108_145111-768x576.jpg 768w, \/torrevicens2026\/wp-content\/uploads\/2026\/01\/20260108_145111-1536x1152.jpg 1536w, \/torrevicens2026\/wp-content\/uploads\/2026\/01\/20260108_145111-2048x1536.jpg 2048w\" sizes=\"auto, (max-width: 767px) 89vw, (max-width: 1000px) 54vw, (max-width: 1071px) 543px, 580px\" \/><\/figure>\n\n\n\n<figure class=\"wp-block-image size-large\"><img loading=\"lazy\" decoding=\"async\" width=\"768\" height=\"1024\" data-id=\"116\" src=\"\/torrevicens2026\/wp-content\/uploads\/2026\/01\/20260108_145237-768x1024.jpg\" alt=\"\" class=\"wp-image-116\" srcset=\"\/torrevicens2026\/wp-content\/uploads\/2026\/01\/20260108_145237-768x1024.jpg 768w, \/torrevicens2026\/wp-content\/uploads\/2026\/01\/20260108_145237-225x300.jpg 225w, \/torrevicens2026\/wp-content\/uploads\/2026\/01\/20260108_145237-1152x1536.jpg 1152w, \/torrevicens2026\/wp-content\/uploads\/2026\/01\/20260108_145237-1536x2048.jpg 1536w, \/torrevicens2026\/wp-content\/uploads\/2026\/01\/20260108_145237-scaled.jpg 1920w\" sizes=\"auto, (max-width: 767px) 89vw, (max-width: 1000px) 54vw, (max-width: 1071px) 543px, 580px\" \/><\/figure>\n\n\n\n<figure class=\"wp-block-image size-large\"><img loading=\"lazy\" decoding=\"async\" width=\"768\" height=\"1024\" data-id=\"114\" src=\"\/torrevicens2026\/wp-content\/uploads\/2026\/01\/20260108_145224-768x1024.jpg\" alt=\"\" class=\"wp-image-114\" srcset=\"\/torrevicens2026\/wp-content\/uploads\/2026\/01\/20260108_145224-768x1024.jpg 768w, \/torrevicens2026\/wp-content\/uploads\/2026\/01\/20260108_145224-225x300.jpg 225w, \/torrevicens2026\/wp-content\/uploads\/2026\/01\/20260108_145224-1152x1536.jpg 1152w, \/torrevicens2026\/wp-content\/uploads\/2026\/01\/20260108_145224-1536x2048.jpg 1536w, \/torrevicens2026\/wp-content\/uploads\/2026\/01\/20260108_145224-scaled.jpg 1920w\" sizes=\"auto, (max-width: 767px) 89vw, (max-width: 1000px) 54vw, (max-width: 1071px) 543px, 580px\" \/><\/figure>\n\n\n\n<figure class=\"wp-block-image size-large\"><img loading=\"lazy\" decoding=\"async\" width=\"768\" height=\"1024\" data-id=\"115\" src=\"\/torrevicens2026\/wp-content\/uploads\/2026\/01\/20260108_145213-768x1024.jpg\" alt=\"\" class=\"wp-image-115\" srcset=\"\/torrevicens2026\/wp-content\/uploads\/2026\/01\/20260108_145213-768x1024.jpg 768w, \/torrevicens2026\/wp-content\/uploads\/2026\/01\/20260108_145213-225x300.jpg 225w, \/torrevicens2026\/wp-content\/uploads\/2026\/01\/20260108_145213-1152x1536.jpg 1152w, \/torrevicens2026\/wp-content\/uploads\/2026\/01\/20260108_145213-1536x2048.jpg 1536w, \/torrevicens2026\/wp-content\/uploads\/2026\/01\/20260108_145213-scaled.jpg 1920w\" sizes=\"auto, (max-width: 767px) 89vw, (max-width: 1000px) 54vw, (max-width: 1071px) 543px, 580px\" \/><\/figure>\n<\/figure>\n\n\n\n<p class=\"wp-block-paragraph\"><\/p>\n","protected":false},"excerpt":{"rendered":"<p>Despr\u00e9s de molt de treball i dedicaci\u00f3, els alumnes que formem part del projecte En Resid\u00e8ncia estem en el moment de preparaci\u00f3 de la nostra sessi\u00f3 oberta, que farem per als nostres profes. Aquesta \u00e9s una oportunitat \u00fanica per compartir tot el que hem apr\u00e8s i creat fins ara, per\u00f2 tamb\u00e9 \u00e9s un repte que &hellip; <\/p>\n<p class=\"link-more\"><a href=\"\/torrevicens2026\/preparacio-per-a-la-sessio-oberta-del-projecte-en-residencia\/\" class=\"more-link\">Continua llegint <span class=\"screen-reader-text\">\u00abPreparaci\u00f3 per a la Sessi\u00f3 Oberta del Projecte En Resid\u00e8ncia\u00bb<\/span><\/a><\/p>\n","protected":false},"author":4,"featured_media":0,"comment_status":"closed","ping_status":"","sticky":false,"template":"","format":"standard","meta":{"footnotes":""},"categories":[1],"tags":[],"class_list":["post-112","post","type-post","status-publish","format-standard","hentry","category-general"],"_links":{"self":[{"href":"\/torrevicens2026\/wp-json\/wp\/v2\/posts\/112","targetHints":{"allow":["GET"]}}],"collection":[{"href":"\/torrevicens2026\/wp-json\/wp\/v2\/posts"}],"about":[{"href":"\/torrevicens2026\/wp-json\/wp\/v2\/types\/post"}],"author":[{"embeddable":true,"href":"\/torrevicens2026\/wp-json\/wp\/v2\/users\/4"}],"replies":[{"embeddable":true,"href":"\/torrevicens2026\/wp-json\/wp\/v2\/comments?post=112"}],"version-history":[{"count":2,"href":"\/torrevicens2026\/wp-json\/wp\/v2\/posts\/112\/revisions"}],"predecessor-version":[{"id":120,"href":"\/torrevicens2026\/wp-json\/wp\/v2\/posts\/112\/revisions\/120"}],"wp:attachment":[{"href":"\/torrevicens2026\/wp-json\/wp\/v2\/media?parent=112"}],"wp:term":[{"taxonomy":"category","embeddable":true,"href":"\/torrevicens2026\/wp-json\/wp\/v2\/categories?post=112"},{"taxonomy":"post_tag","embeddable":true,"href":"\/torrevicens2026\/wp-json\/wp\/v2\/tags?post=112"}],"curies":[{"name":"wp","href":"https:\/\/api.w.org\/{rel}","templated":true}]}}