{"id":121,"date":"2026-01-27T14:44:20","date_gmt":"2026-01-27T12:44:20","guid":{"rendered":"\/torrevicens2026\/?p=121"},"modified":"2026-01-27T14:44:20","modified_gmt":"2026-01-27T12:44:20","slug":"ultims-preparatius-per-a-la-sessio-oberta-els-nervis-estan-a-flor-de-pell","status":"publish","type":"post","link":"\/torrevicens2026\/ultims-preparatius-per-a-la-sessio-oberta-els-nervis-estan-a-flor-de-pell\/","title":{"rendered":"\u00ab\u00daltims preparatius per a la Sessi\u00f3 Oberta: Els nervis estan a flor de pell!\u00bb"},"content":{"rendered":"\n<p class=\"wp-block-paragraph\"><\/p>\n\n\n\n<p class=\"wp-block-paragraph\">El dimecres dia 21 de gener, els nervis comencen a apoderar-se de nosaltres! Despr\u00e9s de setmanes de preparatius, assaigs i molta feina en grup, finalment estem a les portes de la sessi\u00f3 oberta del programa <em>En Resid\u00e8ncia<\/em>. La veritat \u00e9s que, tot i l&#8217;emoci\u00f3 de compartir el que hem estat preparant, tamb\u00e9 ens sentim una mica nerviosos i nervioses. \u00c9s normal, oi? \u00c9s la nostra oportunitat per mostrar tot el que hem apr\u00e8s i per ensenyar als nostres professors, a les professores i a membres de l&#8217;equip directiu com ens hem implicat en el projecte.<\/p>\n\n\n\n<p class=\"wp-block-paragraph\">Des de la primera reuni\u00f3, on ens van explicar que hav\u00edem de fer una sessi\u00f3 oberta, sab\u00edem que seria una experi\u00e8ncia especial. El gui\u00f3 ja est\u00e0 pr\u00e0cticament enllestit, i hem dedicat molt de temps a perfeccionar tots els detalls. Cada grup ha estat treballant en diferents parts de la presentaci\u00f3: des de la creaci\u00f3 de les nostres propostes fins a l&#8217;organitzaci\u00f3 de les activitats interactives que volem presentar. Estem treballant a contrarellotge, per\u00f2 \u00e9s incre\u00efble veure com cada pe\u00e7a del trencaclosques va encaixant.<\/p>\n\n\n\n<p class=\"wp-block-paragraph\">El m\u00e9s emocionant \u00e9s que no nom\u00e9s presentarem el nostre treball, sin\u00f3 que tamb\u00e9 podrem demostrar com hem apr\u00e8s a treballar en equip, a gestionar les nostres idees i a crear un ambient que sigui divertit i, sobretot, enriquidor per a tots i totes. I s\u00ed, entre els nervis, tamb\u00e9 hi ha un munt d&#8217;alegria i ganes de veure els somriures de qui ens miraran des de les primeres files.<\/p>\n\n\n\n<p class=\"wp-block-paragraph\">Per\u00f2 no tot \u00e9s f\u00e0cil. Ens hem trobat amb petits entrebancs pel cam\u00ed: algun error en la programaci\u00f3, la necessitat de reorganitzar algunes idees, i fins i tot alguna mala jugada de canvi d&#8217;espais a \u00faltima hora. Per\u00f2 el m\u00e9s important \u00e9s que ens hem ajudat els uns als altres, i aquest treball en grup \u00e9s el que ens fa sentir tan orgullosos i orgulloses del que estem a punt de presentar.<\/p>\n\n\n\n<p class=\"wp-block-paragraph\">A poc a poc, la sessi\u00f3 s&#8217;apropa. El temps corre, per\u00f2 estem preparats. Amb l&#8217;\u00faltima passada de gui\u00f3, les presentacions finalitzades i la nostra energia a tope, estem llestos per mostrar tot el que podem fer. Agafem forcem amb el dinar de germanor per iniciar la sessi\u00f3.<\/p>\n\n\n\n<p class=\"wp-block-paragraph\">Ara nom\u00e9s queda veure com reaccionen els nostres professors, professores i membres de l&#8217;equip directiu. Estem emocionats i emocionades, nerviosos i nervioses i, sobretot, molt orgullosos i orgulloses de tot el que hem aconseguit. Aquesta sessi\u00f3 oberta ser\u00e0, sens dubte, un moment que recordarem sempre!<\/p>\n\n\n\n<p class=\"wp-block-paragraph\"><strong>Fins aviat!<\/strong><\/p>\n\n\n\n<figure class=\"wp-block-gallery has-nested-images columns-default is-cropped wp-block-gallery-1 is-layout-flex wp-block-gallery-is-layout-flex\">\n<figure class=\"wp-block-image size-large\"><img loading=\"lazy\" decoding=\"async\" width=\"1024\" height=\"768\" data-id=\"124\" src=\"\/torrevicens2026\/wp-content\/uploads\/2026\/01\/20260116_121926-1024x768.jpg\" alt=\"\" class=\"wp-image-124\" srcset=\"\/torrevicens2026\/wp-content\/uploads\/2026\/01\/20260116_121926-1024x768.jpg 1024w, \/torrevicens2026\/wp-content\/uploads\/2026\/01\/20260116_121926-300x225.jpg 300w, \/torrevicens2026\/wp-content\/uploads\/2026\/01\/20260116_121926-768x576.jpg 768w, \/torrevicens2026\/wp-content\/uploads\/2026\/01\/20260116_121926-1536x1152.jpg 1536w, \/torrevicens2026\/wp-content\/uploads\/2026\/01\/20260116_121926-2048x1536.jpg 2048w\" sizes=\"auto, (max-width: 767px) 89vw, (max-width: 1000px) 54vw, (max-width: 1071px) 543px, 580px\" \/><\/figure>\n\n\n\n<figure class=\"wp-block-image size-large\"><img loading=\"lazy\" decoding=\"async\" width=\"768\" height=\"1024\" data-id=\"123\" src=\"\/torrevicens2026\/wp-content\/uploads\/2026\/01\/20260121_144134-768x1024.jpg\" alt=\"\" class=\"wp-image-123\" srcset=\"\/torrevicens2026\/wp-content\/uploads\/2026\/01\/20260121_144134-768x1024.jpg 768w, \/torrevicens2026\/wp-content\/uploads\/2026\/01\/20260121_144134-225x300.jpg 225w, \/torrevicens2026\/wp-content\/uploads\/2026\/01\/20260121_144134-1152x1536.jpg 1152w, \/torrevicens2026\/wp-content\/uploads\/2026\/01\/20260121_144134-1536x2048.jpg 1536w, \/torrevicens2026\/wp-content\/uploads\/2026\/01\/20260121_144134-scaled.jpg 1920w\" sizes=\"auto, (max-width: 767px) 89vw, (max-width: 1000px) 54vw, (max-width: 1071px) 543px, 580px\" \/><\/figure>\n<\/figure>\n","protected":false},"excerpt":{"rendered":"<p>El dimecres dia 21 de gener, els nervis comencen a apoderar-se de nosaltres! Despr\u00e9s de setmanes de preparatius, assaigs i molta feina en grup, finalment estem a les portes de la sessi\u00f3 oberta del programa En Resid\u00e8ncia. La veritat \u00e9s que, tot i l&#8217;emoci\u00f3 de compartir el que hem estat preparant, tamb\u00e9 ens sentim una &hellip; <\/p>\n<p class=\"link-more\"><a href=\"\/torrevicens2026\/ultims-preparatius-per-a-la-sessio-oberta-els-nervis-estan-a-flor-de-pell\/\" class=\"more-link\">Continua llegint <span class=\"screen-reader-text\">\u00ab\u00ab\u00daltims preparatius per a la Sessi\u00f3 Oberta: Els nervis estan a flor de pell!\u00bb\u00bb<\/span><\/a><\/p>\n","protected":false},"author":4,"featured_media":0,"comment_status":"closed","ping_status":"","sticky":false,"template":"","format":"standard","meta":{"footnotes":""},"categories":[1],"tags":[],"class_list":["post-121","post","type-post","status-publish","format-standard","hentry","category-general"],"_links":{"self":[{"href":"\/torrevicens2026\/wp-json\/wp\/v2\/posts\/121","targetHints":{"allow":["GET"]}}],"collection":[{"href":"\/torrevicens2026\/wp-json\/wp\/v2\/posts"}],"about":[{"href":"\/torrevicens2026\/wp-json\/wp\/v2\/types\/post"}],"author":[{"embeddable":true,"href":"\/torrevicens2026\/wp-json\/wp\/v2\/users\/4"}],"replies":[{"embeddable":true,"href":"\/torrevicens2026\/wp-json\/wp\/v2\/comments?post=121"}],"version-history":[{"count":3,"href":"\/torrevicens2026\/wp-json\/wp\/v2\/posts\/121\/revisions"}],"predecessor-version":[{"id":126,"href":"\/torrevicens2026\/wp-json\/wp\/v2\/posts\/121\/revisions\/126"}],"wp:attachment":[{"href":"\/torrevicens2026\/wp-json\/wp\/v2\/media?parent=121"}],"wp:term":[{"taxonomy":"category","embeddable":true,"href":"\/torrevicens2026\/wp-json\/wp\/v2\/categories?post=121"},{"taxonomy":"post_tag","embeddable":true,"href":"\/torrevicens2026\/wp-json\/wp\/v2\/tags?post=121"}],"curies":[{"name":"wp","href":"https:\/\/api.w.org\/{rel}","templated":true}]}}