{"id":127,"date":"2026-01-29T15:35:40","date_gmt":"2026-01-29T13:35:40","guid":{"rendered":"\/torrevicens2026\/?p=127"},"modified":"2026-01-29T15:40:09","modified_gmt":"2026-01-29T13:40:09","slug":"una-sessio-oberta-diferent-veure-els-objectes-des-dun-nou-punt-de-vista","status":"publish","type":"post","link":"\/torrevicens2026\/una-sessio-oberta-diferent-veure-els-objectes-des-dun-nou-punt-de-vista\/","title":{"rendered":"\u00abUna Sessi\u00f3 Oberta diferent: veure els objectes des d&#8217;un nou punt de vista\u00bb"},"content":{"rendered":"\n<p class=\"wp-block-paragraph\"><\/p>\n\n\n\n<p class=\"wp-block-paragraph\">Aquest dimecres 21 de gener a les 16:00 h, hem viscut una de les experi\u00e8ncies m\u00e9s incre\u00efbles del projecte <em>En Resid\u00e8ncia<\/em>. La sessi\u00f3 oberta no nom\u00e9s ha sigut una oportunitat per compartir el nostre treball, sin\u00f3 tamb\u00e9 per transmetre als professors i les professores com hem apr\u00e8s a veure els objectes d&#8217;una manera diferent. Ens hem endinsat en el nostre centre, hem recorregut espais on mai no hi hav\u00edem estat, i hem buscat objectes que, al principi, semblaven sense valor, per\u00f2 que per a nosaltres, amb una mica d\u2019imaginaci\u00f3 i creativitat, es convertien en peces \u00faniques.<\/p>\n\n\n\n<p class=\"wp-block-paragraph\">El nostre repte era mostrar-los com es pot donar una segona vida a les coses. Per fer-ho, hem creat un llibre d&#8217;artista, un espai on hem anat incorporant tot all\u00f2 que ens ha passat al llarg del projecte: les nostres investigacions, les visites que hem fet, i sobretot, com hem interactuat amb els objectes. Cada pe\u00e7a, cada article que hem triat, t\u00e9 una hist\u00f2ria que hem volgut transmetre a trav\u00e9s de la nostra feina. I aix\u00f2 no nom\u00e9s \u00e9s art, \u00e9s una manera de comprendre els objectes que ens envolten i transformar-los en alguna cosa m\u00e9s gran.<\/p>\n\n\n\n<p class=\"wp-block-paragraph\">El m\u00e9s interessant ha estat la interacci\u00f3 amb els professors i professores. Hem plantejat diverses din\u00e0miques on han pogut veure, tocar i fins i tot experimentar amb els objectes que nosaltres hav\u00edem triat. A trav\u00e9s d&#8217;aquestes activitats, vol\u00edem que els nostres profes entenguessin com som capa\u00e7os de transformar all\u00f2 que sembla senzill en quelcom significatiu, com cada objecte pot tenir m\u00faltiples vides si li donem un nou \u00fas.<\/p>\n\n\n\n<p class=\"wp-block-paragraph\">La segona part de la sessi\u00f3 va ser, sens dubte, la m\u00e9s creativa. Despr\u00e9s de les din\u00e0miques, hem creat una obra conjunta amb tots aquells objectes que hav\u00edem seleccionat. Per\u00f2 no ha estat nom\u00e9s una creaci\u00f3 qualsevol. Ho hem fet a la nostra aula, el nostre refugi, aquell espai on ens sentim c\u00f2modes i segurs. Cada objecte formava part d&#8217;una hist\u00f2ria col\u00b7lectiva, i junts hem donat forma a un muntatge que reflectia el nostre aprenentatge i la nostra connexi\u00f3 amb el projecte.<\/p>\n\n\n\n<p class=\"wp-block-paragraph\">\u00c9s curi\u00f3s com, a vegades, les coses m\u00e9s senzilles poden arribar a tenir un gran impacte. Els professors i les professores, que al principi potser no entenen del tot qu\u00e8 vol\u00edem transmetre, han quedat sorpresos amb la manera en qu\u00e8 hem aconseguit vincular l\u2019art, la investigaci\u00f3 i la creaci\u00f3 de nous objectes. I aix\u00f2, per nosaltres, ha estat la millor recompensa: veure com els nostres profes es connectaven amb el que f\u00e8iem i amb la manera en qu\u00e8 veiem el m\u00f3n.<\/p>\n\n\n\n<p class=\"wp-block-paragraph\">La sessi\u00f3 ha acabat amb un sentiment d\u2019orgull i satisfacci\u00f3. No nom\u00e9s hem apr\u00e8s a transformar els objectes f\u00edsics, sin\u00f3 tamb\u00e9 les nostres pr\u00f2pies idees i les nostres capacitats. Aquest projecte ens ha ensenyat que, amb una mica de creativitat i empatia, tot el que tenim al nostre voltant pot esdevenir alguna cosa m\u00e9s significativa.<\/p>\n\n\n\n<p class=\"wp-block-paragraph\">Amb aquesta sessi\u00f3 oberta, no nom\u00e9s hem compartit la nostra feina, sin\u00f3 tamb\u00e9 un munt d&#8217;emocions i aprenentatges. Hem estat capa\u00e7os de transmetre que mirar les coses des d\u2019un altre punt de vista pot obrir portes a infinites possibilitats.<\/p>\n\n\n\n<p class=\"wp-block-paragraph\">Gr\u00e0cies a tots els que heu fet possible aquest moment. Ens sentim molt agra\u00efts i emocionats de tot el que hem aconseguit junts. Seguirem creant, inventant i transformant!<\/p>\n\n\n\n<figure class=\"wp-block-gallery has-nested-images columns-default is-cropped wp-block-gallery-1 is-layout-flex wp-block-gallery-is-layout-flex\">\n<figure class=\"wp-block-image size-large\"><img loading=\"lazy\" decoding=\"async\" width=\"1024\" height=\"768\" data-id=\"136\" src=\"\/torrevicens2026\/wp-content\/uploads\/2026\/01\/SO_01-1024x768.jpg\" alt=\"\" class=\"wp-image-136\" srcset=\"\/torrevicens2026\/wp-content\/uploads\/2026\/01\/SO_01-1024x768.jpg 1024w, \/torrevicens2026\/wp-content\/uploads\/2026\/01\/SO_01-300x225.jpg 300w, \/torrevicens2026\/wp-content\/uploads\/2026\/01\/SO_01-768x576.jpg 768w, \/torrevicens2026\/wp-content\/uploads\/2026\/01\/SO_01-1536x1152.jpg 1536w, \/torrevicens2026\/wp-content\/uploads\/2026\/01\/SO_01-2048x1536.jpg 2048w\" sizes=\"auto, (max-width: 767px) 89vw, (max-width: 1000px) 54vw, (max-width: 1071px) 543px, 580px\" \/><\/figure>\n\n\n\n<figure class=\"wp-block-image size-large\"><img loading=\"lazy\" decoding=\"async\" width=\"1024\" height=\"768\" data-id=\"133\" src=\"\/torrevicens2026\/wp-content\/uploads\/2026\/01\/SO_02-1024x768.jpg\" alt=\"\" class=\"wp-image-133\" srcset=\"\/torrevicens2026\/wp-content\/uploads\/2026\/01\/SO_02-1024x768.jpg 1024w, \/torrevicens2026\/wp-content\/uploads\/2026\/01\/SO_02-300x225.jpg 300w, \/torrevicens2026\/wp-content\/uploads\/2026\/01\/SO_02-768x576.jpg 768w, \/torrevicens2026\/wp-content\/uploads\/2026\/01\/SO_02-1536x1152.jpg 1536w, \/torrevicens2026\/wp-content\/uploads\/2026\/01\/SO_02.jpg 2048w\" sizes=\"auto, (max-width: 767px) 89vw, (max-width: 1000px) 54vw, (max-width: 1071px) 543px, 580px\" \/><\/figure>\n\n\n\n<figure class=\"wp-block-image size-large\"><img loading=\"lazy\" decoding=\"async\" width=\"768\" height=\"1024\" data-id=\"130\" src=\"\/torrevicens2026\/wp-content\/uploads\/2026\/01\/SO_03-768x1024.jpg\" alt=\"\" class=\"wp-image-130\" srcset=\"\/torrevicens2026\/wp-content\/uploads\/2026\/01\/SO_03-768x1024.jpg 768w, \/torrevicens2026\/wp-content\/uploads\/2026\/01\/SO_03-225x300.jpg 225w, \/torrevicens2026\/wp-content\/uploads\/2026\/01\/SO_03-1152x1536.jpg 1152w, \/torrevicens2026\/wp-content\/uploads\/2026\/01\/SO_03.jpg 1200w\" sizes=\"auto, (max-width: 767px) 89vw, (max-width: 1000px) 54vw, (max-width: 1071px) 543px, 580px\" \/><\/figure>\n\n\n\n<figure class=\"wp-block-image size-large\"><img loading=\"lazy\" decoding=\"async\" width=\"1024\" height=\"768\" data-id=\"134\" src=\"\/torrevicens2026\/wp-content\/uploads\/2026\/01\/SO_06-1024x768.jpg\" alt=\"\" class=\"wp-image-134\" srcset=\"\/torrevicens2026\/wp-content\/uploads\/2026\/01\/SO_06-1024x768.jpg 1024w, \/torrevicens2026\/wp-content\/uploads\/2026\/01\/SO_06-300x225.jpg 300w, \/torrevicens2026\/wp-content\/uploads\/2026\/01\/SO_06-768x576.jpg 768w, \/torrevicens2026\/wp-content\/uploads\/2026\/01\/SO_06-1536x1152.jpg 1536w, \/torrevicens2026\/wp-content\/uploads\/2026\/01\/SO_06-2048x1536.jpg 2048w\" sizes=\"auto, (max-width: 767px) 89vw, (max-width: 1000px) 54vw, (max-width: 1071px) 543px, 580px\" \/><\/figure>\n\n\n\n<figure class=\"wp-block-image size-large\"><img loading=\"lazy\" decoding=\"async\" width=\"768\" height=\"1024\" data-id=\"132\" src=\"\/torrevicens2026\/wp-content\/uploads\/2026\/01\/SO_04-768x1024.jpg\" alt=\"\" class=\"wp-image-132\" srcset=\"\/torrevicens2026\/wp-content\/uploads\/2026\/01\/SO_04-768x1024.jpg 768w, \/torrevicens2026\/wp-content\/uploads\/2026\/01\/SO_04-225x300.jpg 225w, \/torrevicens2026\/wp-content\/uploads\/2026\/01\/SO_04-1152x1536.jpg 1152w, \/torrevicens2026\/wp-content\/uploads\/2026\/01\/SO_04.jpg 1536w\" sizes=\"auto, (max-width: 767px) 89vw, (max-width: 1000px) 54vw, (max-width: 1071px) 543px, 580px\" \/><\/figure>\n\n\n\n<figure class=\"wp-block-image size-large\"><img loading=\"lazy\" decoding=\"async\" width=\"1024\" height=\"768\" data-id=\"135\" src=\"\/torrevicens2026\/wp-content\/uploads\/2026\/01\/SO_07-1024x768.jpg\" alt=\"\" class=\"wp-image-135\" srcset=\"\/torrevicens2026\/wp-content\/uploads\/2026\/01\/SO_07-1024x768.jpg 1024w, \/torrevicens2026\/wp-content\/uploads\/2026\/01\/SO_07-300x225.jpg 300w, \/torrevicens2026\/wp-content\/uploads\/2026\/01\/SO_07-768x576.jpg 768w, \/torrevicens2026\/wp-content\/uploads\/2026\/01\/SO_07-1536x1152.jpg 1536w, \/torrevicens2026\/wp-content\/uploads\/2026\/01\/SO_07-2048x1536.jpg 2048w\" sizes=\"auto, (max-width: 767px) 89vw, (max-width: 1000px) 54vw, (max-width: 1071px) 543px, 580px\" \/><\/figure>\n\n\n\n<figure class=\"wp-block-image size-large\"><img loading=\"lazy\" decoding=\"async\" width=\"1024\" height=\"768\" data-id=\"131\" src=\"\/torrevicens2026\/wp-content\/uploads\/2026\/01\/SO_05-1024x768.jpg\" alt=\"\" class=\"wp-image-131\" srcset=\"\/torrevicens2026\/wp-content\/uploads\/2026\/01\/SO_05-1024x768.jpg 1024w, \/torrevicens2026\/wp-content\/uploads\/2026\/01\/SO_05-300x225.jpg 300w, \/torrevicens2026\/wp-content\/uploads\/2026\/01\/SO_05-768x576.jpg 768w, \/torrevicens2026\/wp-content\/uploads\/2026\/01\/SO_05-1536x1152.jpg 1536w, \/torrevicens2026\/wp-content\/uploads\/2026\/01\/SO_05.jpg 1600w\" sizes=\"auto, (max-width: 767px) 89vw, (max-width: 1000px) 54vw, (max-width: 1071px) 543px, 580px\" \/><\/figure>\n<\/figure>\n","protected":false},"excerpt":{"rendered":"<p>Aquest dimecres 21 de gener a les 16:00 h, hem viscut una de les experi\u00e8ncies m\u00e9s incre\u00efbles del projecte En Resid\u00e8ncia. La sessi\u00f3 oberta no nom\u00e9s ha sigut una oportunitat per compartir el nostre treball, sin\u00f3 tamb\u00e9 per transmetre als professors i les professores com hem apr\u00e8s a veure els objectes d&#8217;una manera diferent. Ens &hellip; <\/p>\n<p class=\"link-more\"><a href=\"\/torrevicens2026\/una-sessio-oberta-diferent-veure-els-objectes-des-dun-nou-punt-de-vista\/\" class=\"more-link\">Continua llegint <span class=\"screen-reader-text\">\u00ab\u00abUna Sessi\u00f3 Oberta diferent: veure els objectes des d&#8217;un nou punt de vista\u00bb\u00bb<\/span><\/a><\/p>\n","protected":false},"author":4,"featured_media":139,"comment_status":"closed","ping_status":"","sticky":false,"template":"","format":"standard","meta":{"footnotes":""},"categories":[1],"tags":[],"class_list":["post-127","post","type-post","status-publish","format-standard","has-post-thumbnail","hentry","category-general"],"_links":{"self":[{"href":"\/torrevicens2026\/wp-json\/wp\/v2\/posts\/127","targetHints":{"allow":["GET"]}}],"collection":[{"href":"\/torrevicens2026\/wp-json\/wp\/v2\/posts"}],"about":[{"href":"\/torrevicens2026\/wp-json\/wp\/v2\/types\/post"}],"author":[{"embeddable":true,"href":"\/torrevicens2026\/wp-json\/wp\/v2\/users\/4"}],"replies":[{"embeddable":true,"href":"\/torrevicens2026\/wp-json\/wp\/v2\/comments?post=127"}],"version-history":[{"count":4,"href":"\/torrevicens2026\/wp-json\/wp\/v2\/posts\/127\/revisions"}],"predecessor-version":[{"id":138,"href":"\/torrevicens2026\/wp-json\/wp\/v2\/posts\/127\/revisions\/138"}],"wp:featuredmedia":[{"embeddable":true,"href":"\/torrevicens2026\/wp-json\/wp\/v2\/media\/139"}],"wp:attachment":[{"href":"\/torrevicens2026\/wp-json\/wp\/v2\/media?parent=127"}],"wp:term":[{"taxonomy":"category","embeddable":true,"href":"\/torrevicens2026\/wp-json\/wp\/v2\/categories?post=127"},{"taxonomy":"post_tag","embeddable":true,"href":"\/torrevicens2026\/wp-json\/wp\/v2\/tags?post=127"}],"curies":[{"name":"wp","href":"https:\/\/api.w.org\/{rel}","templated":true}]}}