{"id":210,"date":"2026-02-06T11:04:57","date_gmt":"2026-02-06T09:04:57","guid":{"rendered":"\/torrevicens2026\/?p=210"},"modified":"2026-02-06T11:04:57","modified_gmt":"2026-02-06T09:04:57","slug":"restaurant-el-quadern-de-lartista-un-proces-daprenentatge-i-cura","status":"publish","type":"post","link":"\/torrevicens2026\/restaurant-el-quadern-de-lartista-un-proces-daprenentatge-i-cura\/","title":{"rendered":"Restaurant el quadern de l&#8217;artista: Un proc\u00e9s d&#8217;aprenentatge i cura."},"content":{"rendered":"\n<p class=\"wp-block-paragraph\">A vegades, en el nostre viatge creatiu, les coses no surten com esper\u00e0vem. Els quaderns d\u2019artista, com nosaltres, passen per moments d\u2019\u00fas intens i, com a resultats d&#8217;aquests moments de treball, poden comen\u00e7ar a mostrar signes de desgast. Les grapes surten, les p\u00e0gines es desenganxen i el quadern, que ens ha acompanyat en tant de temps, necessita ser restaurat. \u00c9s una met\u00e0fora preciosa del proc\u00e9s creatiu: a vegades cal aturar-se, mirar el que hem fet i donar-li un espai de cura per poder seguir endavant.<\/p>\n\n\n\n<p class=\"wp-block-paragraph\">En el marc del projecte \u00abEn resid\u00e8ncia\u00bb, avui hem apr\u00e8s a cosir els nostres quaderns de l\u2019artista per reparar-los, per donar-los una nova vida. Aquesta tasca, tot i que sembla senzillament pr\u00e0ctica, porta amb ella una gran c\u00e0rrega simb\u00f2lica. Restaurar un quadern no \u00e9s nom\u00e9s solucionar un problema de costura, \u00e9s recon\u00e8ixer que, com a artistes i com a persones, tamb\u00e9 nosaltres necessitem moments per reparar-nos, per cuidar el que s\u2019ha malm\u00e8s i per seguir creant amb m\u00e9s for\u00e7a.<\/p>\n\n\n\n<p class=\"wp-block-paragraph\">El proc\u00e9s de cosir el nostre quadern, de refor\u00e7ar-lo amb fils i agulles, ens ha ensenyat que no hi ha res de dolent en necessitar ajut, en recon\u00e8ixer quan les coses no estan perfectes i en intentar posar-hi soluci\u00f3. La bellesa d\u2019un quadern restaurat no est\u00e0 en la seva perfecci\u00f3, sin\u00f3 en el fet que ha sigut tractat amb cura, que li hem dedicat el temps necessari per recuperar-lo i que, gr\u00e0cies a aquest proc\u00e9s, el podem seguir utilitzant en els nostres treballs futurs.<\/p>\n\n\n\n<p class=\"wp-block-paragraph\">Aquesta experi\u00e8ncia tamb\u00e9 ens ha recordat la import\u00e0ncia de ser conscients de la nostra pr\u00f2pia vulnerabilitat i de com, de vegades, fer un pas enrere, restaurar all\u00f2 que s\u2019ha desgastat, \u00e9s necessari per continuar endavant. Igual que el nostre quadern, tamb\u00e9 nosaltres ens desgastem amb l&#8217;\u00fas, i \u00e9s important saber aturar-se, reparar-se, per continuar creixent i aprenent.<\/p>\n\n\n\n<p class=\"wp-block-paragraph\">Aix\u00ed, de manera silenciosa i plena de significat, hem cosit els nostres quaderns de l&#8217;artista. Hem posat fil a l&#8217;agulla, literalment, per continuar construint, creant i creixent en aquest espai compartit que \u00e9s \u00abEn resid\u00e8ncia\u00bb. I amb cada punt de fil, hem apr\u00e8s una altra lli\u00e7\u00f3 important: la cura i l\u2019empatia cap als nostres objectes, les nostres creacions i nosaltres mateixos.<\/p>\n\n\n\n<figure class=\"wp-block-gallery has-nested-images columns-default is-cropped wp-block-gallery-1 is-layout-flex wp-block-gallery-is-layout-flex\">\n<figure class=\"wp-block-image size-large\"><img loading=\"lazy\" decoding=\"async\" width=\"768\" height=\"1024\" data-id=\"171\" src=\"\/torrevicens2026\/wp-content\/uploads\/2026\/02\/20260127_122839-768x1024.jpg\" alt=\"\" class=\"wp-image-171\" srcset=\"\/torrevicens2026\/wp-content\/uploads\/2026\/02\/20260127_122839-768x1024.jpg 768w, \/torrevicens2026\/wp-content\/uploads\/2026\/02\/20260127_122839-225x300.jpg 225w, \/torrevicens2026\/wp-content\/uploads\/2026\/02\/20260127_122839-1152x1536.jpg 1152w, \/torrevicens2026\/wp-content\/uploads\/2026\/02\/20260127_122839-1536x2048.jpg 1536w, \/torrevicens2026\/wp-content\/uploads\/2026\/02\/20260127_122839-scaled.jpg 1920w\" sizes=\"auto, (max-width: 767px) 89vw, (max-width: 1000px) 54vw, (max-width: 1071px) 543px, 580px\" \/><\/figure>\n\n\n\n<figure class=\"wp-block-image size-large\"><img loading=\"lazy\" decoding=\"async\" width=\"768\" height=\"1024\" data-id=\"173\" src=\"\/torrevicens2026\/wp-content\/uploads\/2026\/02\/20260127_122843-768x1024.jpg\" alt=\"\" class=\"wp-image-173\" srcset=\"\/torrevicens2026\/wp-content\/uploads\/2026\/02\/20260127_122843-768x1024.jpg 768w, \/torrevicens2026\/wp-content\/uploads\/2026\/02\/20260127_122843-225x300.jpg 225w, \/torrevicens2026\/wp-content\/uploads\/2026\/02\/20260127_122843-1152x1536.jpg 1152w, \/torrevicens2026\/wp-content\/uploads\/2026\/02\/20260127_122843-1536x2048.jpg 1536w, \/torrevicens2026\/wp-content\/uploads\/2026\/02\/20260127_122843-scaled.jpg 1920w\" sizes=\"auto, (max-width: 767px) 89vw, (max-width: 1000px) 54vw, (max-width: 1071px) 543px, 580px\" \/><\/figure>\n\n\n\n<figure class=\"wp-block-image size-large\"><img loading=\"lazy\" decoding=\"async\" width=\"1024\" height=\"768\" data-id=\"174\" src=\"\/torrevicens2026\/wp-content\/uploads\/2026\/02\/20260127_122849-1024x768.jpg\" alt=\"\" class=\"wp-image-174\" srcset=\"\/torrevicens2026\/wp-content\/uploads\/2026\/02\/20260127_122849-1024x768.jpg 1024w, \/torrevicens2026\/wp-content\/uploads\/2026\/02\/20260127_122849-300x225.jpg 300w, \/torrevicens2026\/wp-content\/uploads\/2026\/02\/20260127_122849-768x576.jpg 768w, \/torrevicens2026\/wp-content\/uploads\/2026\/02\/20260127_122849-1536x1152.jpg 1536w, \/torrevicens2026\/wp-content\/uploads\/2026\/02\/20260127_122849-2048x1536.jpg 2048w\" sizes=\"auto, (max-width: 767px) 89vw, (max-width: 1000px) 54vw, (max-width: 1071px) 543px, 580px\" \/><\/figure>\n\n\n\n<figure class=\"wp-block-image size-large\"><img loading=\"lazy\" decoding=\"async\" width=\"768\" height=\"1024\" data-id=\"172\" src=\"\/torrevicens2026\/wp-content\/uploads\/2026\/02\/20260127_122921-768x1024.jpg\" alt=\"\" class=\"wp-image-172\" srcset=\"\/torrevicens2026\/wp-content\/uploads\/2026\/02\/20260127_122921-768x1024.jpg 768w, \/torrevicens2026\/wp-content\/uploads\/2026\/02\/20260127_122921-225x300.jpg 225w, \/torrevicens2026\/wp-content\/uploads\/2026\/02\/20260127_122921-1152x1536.jpg 1152w, \/torrevicens2026\/wp-content\/uploads\/2026\/02\/20260127_122921-1536x2048.jpg 1536w, \/torrevicens2026\/wp-content\/uploads\/2026\/02\/20260127_122921-scaled.jpg 1920w\" sizes=\"auto, (max-width: 767px) 89vw, (max-width: 1000px) 54vw, (max-width: 1071px) 543px, 580px\" \/><\/figure>\n\n\n\n<figure class=\"wp-block-image size-large\"><img loading=\"lazy\" decoding=\"async\" width=\"768\" height=\"1024\" data-id=\"170\" src=\"\/torrevicens2026\/wp-content\/uploads\/2026\/02\/20260127_122938-768x1024.jpg\" alt=\"\" class=\"wp-image-170\" srcset=\"\/torrevicens2026\/wp-content\/uploads\/2026\/02\/20260127_122938-768x1024.jpg 768w, \/torrevicens2026\/wp-content\/uploads\/2026\/02\/20260127_122938-225x300.jpg 225w, \/torrevicens2026\/wp-content\/uploads\/2026\/02\/20260127_122938-1152x1536.jpg 1152w, \/torrevicens2026\/wp-content\/uploads\/2026\/02\/20260127_122938-1536x2048.jpg 1536w, \/torrevicens2026\/wp-content\/uploads\/2026\/02\/20260127_122938-scaled.jpg 1920w\" sizes=\"auto, (max-width: 767px) 89vw, (max-width: 1000px) 54vw, (max-width: 1071px) 543px, 580px\" \/><\/figure>\n\n\n\n<figure class=\"wp-block-image size-large\"><img loading=\"lazy\" decoding=\"async\" width=\"768\" height=\"1024\" data-id=\"176\" src=\"\/torrevicens2026\/wp-content\/uploads\/2026\/02\/20260127_123102-768x1024.jpg\" alt=\"\" class=\"wp-image-176\" srcset=\"\/torrevicens2026\/wp-content\/uploads\/2026\/02\/20260127_123102-768x1024.jpg 768w, \/torrevicens2026\/wp-content\/uploads\/2026\/02\/20260127_123102-225x300.jpg 225w, \/torrevicens2026\/wp-content\/uploads\/2026\/02\/20260127_123102-1152x1536.jpg 1152w, \/torrevicens2026\/wp-content\/uploads\/2026\/02\/20260127_123102-1536x2048.jpg 1536w, \/torrevicens2026\/wp-content\/uploads\/2026\/02\/20260127_123102-scaled.jpg 1920w\" sizes=\"auto, (max-width: 767px) 89vw, (max-width: 1000px) 54vw, (max-width: 1071px) 543px, 580px\" \/><\/figure>\n\n\n\n<figure class=\"wp-block-image size-large\"><img loading=\"lazy\" decoding=\"async\" width=\"768\" height=\"1024\" data-id=\"175\" src=\"\/torrevicens2026\/wp-content\/uploads\/2026\/02\/20260127_123114-768x1024.jpg\" alt=\"\" class=\"wp-image-175\" srcset=\"\/torrevicens2026\/wp-content\/uploads\/2026\/02\/20260127_123114-768x1024.jpg 768w, \/torrevicens2026\/wp-content\/uploads\/2026\/02\/20260127_123114-225x300.jpg 225w, \/torrevicens2026\/wp-content\/uploads\/2026\/02\/20260127_123114-1152x1536.jpg 1152w, \/torrevicens2026\/wp-content\/uploads\/2026\/02\/20260127_123114-1536x2048.jpg 1536w, \/torrevicens2026\/wp-content\/uploads\/2026\/02\/20260127_123114-scaled.jpg 1920w\" sizes=\"auto, (max-width: 767px) 89vw, (max-width: 1000px) 54vw, (max-width: 1071px) 543px, 580px\" \/><\/figure>\n<\/figure>\n","protected":false},"excerpt":{"rendered":"<p>A vegades, en el nostre viatge creatiu, les coses no surten com esper\u00e0vem. Els quaderns d\u2019artista, com nosaltres, passen per moments d\u2019\u00fas intens i, com a resultats d&#8217;aquests moments de treball, poden comen\u00e7ar a mostrar signes de desgast. Les grapes surten, les p\u00e0gines es desenganxen i el quadern, que ens ha acompanyat en tant de &hellip; <\/p>\n<p class=\"link-more\"><a href=\"\/torrevicens2026\/restaurant-el-quadern-de-lartista-un-proces-daprenentatge-i-cura\/\" class=\"more-link\">Continua llegint <span class=\"screen-reader-text\">\u00abRestaurant el quadern de l&#8217;artista: Un proc\u00e9s d&#8217;aprenentatge i cura.\u00bb<\/span><\/a><\/p>\n","protected":false},"author":4,"featured_media":0,"comment_status":"closed","ping_status":"","sticky":false,"template":"","format":"standard","meta":{"footnotes":""},"categories":[1],"tags":[],"class_list":["post-210","post","type-post","status-publish","format-standard","hentry","category-general"],"_links":{"self":[{"href":"\/torrevicens2026\/wp-json\/wp\/v2\/posts\/210","targetHints":{"allow":["GET"]}}],"collection":[{"href":"\/torrevicens2026\/wp-json\/wp\/v2\/posts"}],"about":[{"href":"\/torrevicens2026\/wp-json\/wp\/v2\/types\/post"}],"author":[{"embeddable":true,"href":"\/torrevicens2026\/wp-json\/wp\/v2\/users\/4"}],"replies":[{"embeddable":true,"href":"\/torrevicens2026\/wp-json\/wp\/v2\/comments?post=210"}],"version-history":[{"count":1,"href":"\/torrevicens2026\/wp-json\/wp\/v2\/posts\/210\/revisions"}],"predecessor-version":[{"id":211,"href":"\/torrevicens2026\/wp-json\/wp\/v2\/posts\/210\/revisions\/211"}],"wp:attachment":[{"href":"\/torrevicens2026\/wp-json\/wp\/v2\/media?parent=210"}],"wp:term":[{"taxonomy":"category","embeddable":true,"href":"\/torrevicens2026\/wp-json\/wp\/v2\/categories?post=210"},{"taxonomy":"post_tag","embeddable":true,"href":"\/torrevicens2026\/wp-json\/wp\/v2\/tags?post=210"}],"curies":[{"name":"wp","href":"https:\/\/api.w.org\/{rel}","templated":true}]}}