{"id":212,"date":"2026-02-06T11:06:38","date_gmt":"2026-02-06T09:06:38","guid":{"rendered":"\/torrevicens2026\/?p=212"},"modified":"2026-02-06T11:06:38","modified_gmt":"2026-02-06T09:06:38","slug":"reflexions-sobre-la-sessio-oberta-plasmant-lexperiencia-al-quadern-dartista","status":"publish","type":"post","link":"\/torrevicens2026\/reflexions-sobre-la-sessio-oberta-plasmant-lexperiencia-al-quadern-dartista\/","title":{"rendered":"Reflexions sobre la Sessi\u00f3 Oberta: Plasmant l&#8217;experi\u00e8ncia al quadern d&#8217;artista"},"content":{"rendered":"\n<p class=\"wp-block-paragraph\">La sessi\u00f3 oberta va ser una finestra que ens va permetre veure m\u00e9s enll\u00e0 del que sol\u00edem percebre. Un moment d\u2019intercanvi, d\u2019observaci\u00f3 i de connexi\u00f3 amb nosaltres mateixos i amb els altres. Va ser un espai on les idees van fluir, on les emocions van estar presents i on, m\u00e9s que mai, v\u00e0rem aprendre a escoltar-nos i entendre&#8217;ns a trav\u00e9s de les nostres creacions. Ara, \u00e9s moment de prendre tot el que hem viscut i plasmar-ho en el nostre quadern d&#8217;artista.<\/p>\n\n\n\n<p class=\"wp-block-paragraph\">Per a nosaltres, el quadern d&#8217;artista \u00e9s m\u00e9s que un simple lloc per escriure o dibuixar. \u00c9s el reflex de les nostres emocions, de les nostres inquietuds i de les experi\u00e8ncies que ens marquen. \u00c9s un espai \u00edntim, per\u00f2 tamb\u00e9 un espai compartit amb els altres. La sessi\u00f3 oberta ens va deixar imatges que encara floten en la nostra ment: les mirades que es creuen, els gestos que expliquen m\u00e9s que les paraules, les idees que creixen com pl\u00e0nols dibuixats a m\u00e0. Cada moment d&#8217;aquesta sessi\u00f3 ens va arribar de manera \u00fanica, com una petita llavor de creativitat que ara tenim l&#8217;oportunitat de fer cr\u00e9ixer.<\/p>\n\n\n\n<p class=\"wp-block-paragraph\">Al nostre quadern, hem plasmat aquestes viv\u00e8ncies de diverses formes. Algunes hem escrit paraules que ressonen en els nostres cors, paraules que expliquen el que hem sentit en cada instant, per\u00f2 tamb\u00e9 les que han quedat pendents, aquelles que no es poden pronunciar, per\u00f2 que sabem que hi s\u00f3n. Hem dibuixat imatges que evoquen la connexi\u00f3, els moments de silenci compartit, les l\u00ednies que es creuen com les nostres idees i emocions que, de sobte, han trobat un espai per ser expressades. I tamb\u00e9 hem creat pl\u00e0nols, com petits mapes del nostre interior, que reflecteixen els camins que hem recorregut i els que ens queden per descobrir.<\/p>\n\n\n\n<p class=\"wp-block-paragraph\">Les imatges que hem creat no s\u00f3n nom\u00e9s visuals, sin\u00f3 que tamb\u00e9 estan carregades d&#8217;emocions que nom\u00e9s nosaltres podem entendre. Els tra\u00e7os, les formes, els colors que hem utilitzat s\u00f3n els nostres llenguatges, les nostres maneres d&#8217;interpretar el que hem viscut. Cada p\u00e0gina del nostre quadern \u00e9s un testimoni d&#8217;aquesta experi\u00e8ncia, un diari creatiu on hem quedat, no nom\u00e9s amb el record de la sessi\u00f3, sin\u00f3 amb el nostre propi proc\u00e9s de creaci\u00f3 i reflexi\u00f3.<\/p>\n\n\n\n<p class=\"wp-block-paragraph\">Reflexionar sobre aquesta sessi\u00f3 oberta ens ha fet adonar que cada moment compartit, cada pensament, cada acci\u00f3 creativa, \u00e9s una pe\u00e7a fonamental per a entendre qui som i qu\u00e8 estem construint junts. Hem apr\u00e8s que, a trav\u00e9s de les paraules, les imatges, els pl\u00e0nols i fins i tot el silenci, podem expressar tot all\u00f2 que \u00e9s intangible per\u00f2 profundament real.<\/p>\n\n\n\n<p class=\"wp-block-paragraph\">Ara, al nostre quadern d&#8217;artista, tenim una nova hist\u00f2ria per a explicar, una que ha nascut de la viv\u00e8ncia d\u2019aquesta sessi\u00f3 oberta. Una hist\u00f2ria que no nom\u00e9s parla de nosaltres, sin\u00f3 tamb\u00e9 de la connexi\u00f3 que hem trobat amb els altres, de la creativitat que neix en espais compartits i de la import\u00e0ncia de reflexionar sobre all\u00f2 que vivim, per poder seguir creant i aprenent.<\/p>\n\n\n\n<figure class=\"wp-block-gallery has-nested-images columns-default is-cropped wp-block-gallery-1 is-layout-flex wp-block-gallery-is-layout-flex\">\n<figure class=\"wp-block-image size-large\"><img loading=\"lazy\" decoding=\"async\" width=\"768\" height=\"1024\" data-id=\"190\" src=\"\/torrevicens2026\/wp-content\/uploads\/2026\/02\/20260129_141128-768x1024.jpg\" alt=\"\" class=\"wp-image-190\" srcset=\"\/torrevicens2026\/wp-content\/uploads\/2026\/02\/20260129_141128-768x1024.jpg 768w, \/torrevicens2026\/wp-content\/uploads\/2026\/02\/20260129_141128-225x300.jpg 225w, \/torrevicens2026\/wp-content\/uploads\/2026\/02\/20260129_141128-1152x1536.jpg 1152w, \/torrevicens2026\/wp-content\/uploads\/2026\/02\/20260129_141128-1536x2048.jpg 1536w, \/torrevicens2026\/wp-content\/uploads\/2026\/02\/20260129_141128-scaled.jpg 1920w\" sizes=\"auto, (max-width: 767px) 89vw, (max-width: 1000px) 54vw, (max-width: 1071px) 543px, 580px\" \/><\/figure>\n\n\n\n<figure class=\"wp-block-image size-large\"><img loading=\"lazy\" decoding=\"async\" width=\"768\" height=\"1024\" data-id=\"181\" src=\"\/torrevicens2026\/wp-content\/uploads\/2026\/02\/20260129_141133-768x1024.jpg\" alt=\"\" class=\"wp-image-181\" srcset=\"\/torrevicens2026\/wp-content\/uploads\/2026\/02\/20260129_141133-768x1024.jpg 768w, \/torrevicens2026\/wp-content\/uploads\/2026\/02\/20260129_141133-225x300.jpg 225w, \/torrevicens2026\/wp-content\/uploads\/2026\/02\/20260129_141133-1152x1536.jpg 1152w, \/torrevicens2026\/wp-content\/uploads\/2026\/02\/20260129_141133-1536x2048.jpg 1536w, \/torrevicens2026\/wp-content\/uploads\/2026\/02\/20260129_141133-scaled.jpg 1920w\" sizes=\"auto, (max-width: 767px) 89vw, (max-width: 1000px) 54vw, (max-width: 1071px) 543px, 580px\" \/><\/figure>\n\n\n\n<figure class=\"wp-block-image size-large\"><img loading=\"lazy\" decoding=\"async\" width=\"768\" height=\"1024\" data-id=\"184\" src=\"\/torrevicens2026\/wp-content\/uploads\/2026\/02\/20260129_142657-768x1024.jpg\" alt=\"\" class=\"wp-image-184\" srcset=\"\/torrevicens2026\/wp-content\/uploads\/2026\/02\/20260129_142657-768x1024.jpg 768w, \/torrevicens2026\/wp-content\/uploads\/2026\/02\/20260129_142657-225x300.jpg 225w, \/torrevicens2026\/wp-content\/uploads\/2026\/02\/20260129_142657-1152x1536.jpg 1152w, \/torrevicens2026\/wp-content\/uploads\/2026\/02\/20260129_142657-1536x2048.jpg 1536w, \/torrevicens2026\/wp-content\/uploads\/2026\/02\/20260129_142657-scaled.jpg 1920w\" sizes=\"auto, (max-width: 767px) 89vw, (max-width: 1000px) 54vw, (max-width: 1071px) 543px, 580px\" \/><\/figure>\n\n\n\n<figure class=\"wp-block-image size-large\"><img loading=\"lazy\" decoding=\"async\" width=\"768\" height=\"1024\" data-id=\"191\" src=\"\/torrevicens2026\/wp-content\/uploads\/2026\/02\/20260129_142815-768x1024.jpg\" alt=\"\" class=\"wp-image-191\" srcset=\"\/torrevicens2026\/wp-content\/uploads\/2026\/02\/20260129_142815-768x1024.jpg 768w, \/torrevicens2026\/wp-content\/uploads\/2026\/02\/20260129_142815-225x300.jpg 225w, \/torrevicens2026\/wp-content\/uploads\/2026\/02\/20260129_142815-1152x1536.jpg 1152w, \/torrevicens2026\/wp-content\/uploads\/2026\/02\/20260129_142815-1536x2048.jpg 1536w, \/torrevicens2026\/wp-content\/uploads\/2026\/02\/20260129_142815-scaled.jpg 1920w\" sizes=\"auto, (max-width: 767px) 89vw, (max-width: 1000px) 54vw, (max-width: 1071px) 543px, 580px\" \/><\/figure>\n\n\n\n<figure class=\"wp-block-image size-large\"><img loading=\"lazy\" decoding=\"async\" width=\"768\" height=\"1024\" data-id=\"192\" src=\"\/torrevicens2026\/wp-content\/uploads\/2026\/02\/20260129_142823-768x1024.jpg\" alt=\"\" class=\"wp-image-192\" srcset=\"\/torrevicens2026\/wp-content\/uploads\/2026\/02\/20260129_142823-768x1024.jpg 768w, \/torrevicens2026\/wp-content\/uploads\/2026\/02\/20260129_142823-225x300.jpg 225w, \/torrevicens2026\/wp-content\/uploads\/2026\/02\/20260129_142823-1152x1536.jpg 1152w, \/torrevicens2026\/wp-content\/uploads\/2026\/02\/20260129_142823-1536x2048.jpg 1536w, \/torrevicens2026\/wp-content\/uploads\/2026\/02\/20260129_142823-scaled.jpg 1920w\" sizes=\"auto, (max-width: 767px) 89vw, (max-width: 1000px) 54vw, (max-width: 1071px) 543px, 580px\" \/><\/figure>\n\n\n\n<figure class=\"wp-block-image size-large\"><img loading=\"lazy\" decoding=\"async\" width=\"768\" height=\"1024\" data-id=\"182\" src=\"\/torrevicens2026\/wp-content\/uploads\/2026\/02\/20260129_142931-768x1024.jpg\" alt=\"\" class=\"wp-image-182\" srcset=\"\/torrevicens2026\/wp-content\/uploads\/2026\/02\/20260129_142931-768x1024.jpg 768w, \/torrevicens2026\/wp-content\/uploads\/2026\/02\/20260129_142931-225x300.jpg 225w, \/torrevicens2026\/wp-content\/uploads\/2026\/02\/20260129_142931-1152x1536.jpg 1152w, \/torrevicens2026\/wp-content\/uploads\/2026\/02\/20260129_142931-1536x2048.jpg 1536w, \/torrevicens2026\/wp-content\/uploads\/2026\/02\/20260129_142931-scaled.jpg 1920w\" sizes=\"auto, (max-width: 767px) 89vw, (max-width: 1000px) 54vw, (max-width: 1071px) 543px, 580px\" \/><\/figure>\n\n\n\n<figure class=\"wp-block-image size-large\"><img loading=\"lazy\" decoding=\"async\" width=\"768\" height=\"1024\" data-id=\"188\" src=\"\/torrevicens2026\/wp-content\/uploads\/2026\/02\/20260129_144531-768x1024.jpg\" alt=\"\" class=\"wp-image-188\" srcset=\"\/torrevicens2026\/wp-content\/uploads\/2026\/02\/20260129_144531-768x1024.jpg 768w, \/torrevicens2026\/wp-content\/uploads\/2026\/02\/20260129_144531-225x300.jpg 225w, \/torrevicens2026\/wp-content\/uploads\/2026\/02\/20260129_144531-1152x1536.jpg 1152w, \/torrevicens2026\/wp-content\/uploads\/2026\/02\/20260129_144531-1536x2048.jpg 1536w, \/torrevicens2026\/wp-content\/uploads\/2026\/02\/20260129_144531-scaled.jpg 1920w\" sizes=\"auto, (max-width: 767px) 89vw, (max-width: 1000px) 54vw, (max-width: 1071px) 543px, 580px\" \/><\/figure>\n\n\n\n<figure class=\"wp-block-image size-large\"><img loading=\"lazy\" decoding=\"async\" width=\"1024\" height=\"768\" data-id=\"185\" src=\"\/torrevicens2026\/wp-content\/uploads\/2026\/02\/20260129_144551-1024x768.jpg\" alt=\"\" class=\"wp-image-185\" srcset=\"\/torrevicens2026\/wp-content\/uploads\/2026\/02\/20260129_144551-1024x768.jpg 1024w, \/torrevicens2026\/wp-content\/uploads\/2026\/02\/20260129_144551-300x225.jpg 300w, \/torrevicens2026\/wp-content\/uploads\/2026\/02\/20260129_144551-768x576.jpg 768w, \/torrevicens2026\/wp-content\/uploads\/2026\/02\/20260129_144551-1536x1152.jpg 1536w, \/torrevicens2026\/wp-content\/uploads\/2026\/02\/20260129_144551-2048x1536.jpg 2048w\" sizes=\"auto, (max-width: 767px) 89vw, (max-width: 1000px) 54vw, (max-width: 1071px) 543px, 580px\" \/><\/figure>\n\n\n\n<figure class=\"wp-block-image size-large\"><img loading=\"lazy\" decoding=\"async\" width=\"1024\" height=\"768\" data-id=\"186\" src=\"\/torrevicens2026\/wp-content\/uploads\/2026\/02\/20260129_144607-1024x768.jpg\" alt=\"\" class=\"wp-image-186\" srcset=\"\/torrevicens2026\/wp-content\/uploads\/2026\/02\/20260129_144607-1024x768.jpg 1024w, \/torrevicens2026\/wp-content\/uploads\/2026\/02\/20260129_144607-300x225.jpg 300w, \/torrevicens2026\/wp-content\/uploads\/2026\/02\/20260129_144607-768x576.jpg 768w, \/torrevicens2026\/wp-content\/uploads\/2026\/02\/20260129_144607-1536x1152.jpg 1536w, \/torrevicens2026\/wp-content\/uploads\/2026\/02\/20260129_144607-2048x1536.jpg 2048w\" sizes=\"auto, (max-width: 767px) 89vw, (max-width: 1000px) 54vw, (max-width: 1071px) 543px, 580px\" \/><\/figure>\n\n\n\n<figure class=\"wp-block-image size-large\"><img loading=\"lazy\" decoding=\"async\" width=\"768\" height=\"1024\" data-id=\"189\" src=\"\/torrevicens2026\/wp-content\/uploads\/2026\/02\/20260129_144633-768x1024.jpg\" alt=\"\" class=\"wp-image-189\" srcset=\"\/torrevicens2026\/wp-content\/uploads\/2026\/02\/20260129_144633-768x1024.jpg 768w, \/torrevicens2026\/wp-content\/uploads\/2026\/02\/20260129_144633-225x300.jpg 225w, \/torrevicens2026\/wp-content\/uploads\/2026\/02\/20260129_144633-1152x1536.jpg 1152w, \/torrevicens2026\/wp-content\/uploads\/2026\/02\/20260129_144633-1536x2048.jpg 1536w, \/torrevicens2026\/wp-content\/uploads\/2026\/02\/20260129_144633-scaled.jpg 1920w\" sizes=\"auto, (max-width: 767px) 89vw, (max-width: 1000px) 54vw, (max-width: 1071px) 543px, 580px\" \/><\/figure>\n\n\n\n<figure class=\"wp-block-image size-large\"><img loading=\"lazy\" decoding=\"async\" width=\"768\" height=\"1024\" data-id=\"187\" src=\"\/torrevicens2026\/wp-content\/uploads\/2026\/02\/20260129_144648-768x1024.jpg\" alt=\"\" class=\"wp-image-187\" srcset=\"\/torrevicens2026\/wp-content\/uploads\/2026\/02\/20260129_144648-768x1024.jpg 768w, \/torrevicens2026\/wp-content\/uploads\/2026\/02\/20260129_144648-225x300.jpg 225w, \/torrevicens2026\/wp-content\/uploads\/2026\/02\/20260129_144648-1152x1536.jpg 1152w, \/torrevicens2026\/wp-content\/uploads\/2026\/02\/20260129_144648-1536x2048.jpg 1536w, \/torrevicens2026\/wp-content\/uploads\/2026\/02\/20260129_144648-scaled.jpg 1920w\" sizes=\"auto, (max-width: 767px) 89vw, (max-width: 1000px) 54vw, (max-width: 1071px) 543px, 580px\" \/><\/figure>\n\n\n\n<figure class=\"wp-block-image size-large\"><img loading=\"lazy\" decoding=\"async\" width=\"768\" height=\"1024\" data-id=\"183\" src=\"\/torrevicens2026\/wp-content\/uploads\/2026\/02\/20260129_144731-768x1024.jpg\" alt=\"\" class=\"wp-image-183\" srcset=\"\/torrevicens2026\/wp-content\/uploads\/2026\/02\/20260129_144731-768x1024.jpg 768w, \/torrevicens2026\/wp-content\/uploads\/2026\/02\/20260129_144731-225x300.jpg 225w, \/torrevicens2026\/wp-content\/uploads\/2026\/02\/20260129_144731-1152x1536.jpg 1152w, \/torrevicens2026\/wp-content\/uploads\/2026\/02\/20260129_144731-1536x2048.jpg 1536w, \/torrevicens2026\/wp-content\/uploads\/2026\/02\/20260129_144731-scaled.jpg 1920w\" sizes=\"auto, (max-width: 767px) 89vw, (max-width: 1000px) 54vw, (max-width: 1071px) 543px, 580px\" \/><\/figure>\n<\/figure>\n","protected":false},"excerpt":{"rendered":"<p>La sessi\u00f3 oberta va ser una finestra que ens va permetre veure m\u00e9s enll\u00e0 del que sol\u00edem percebre. Un moment d\u2019intercanvi, d\u2019observaci\u00f3 i de connexi\u00f3 amb nosaltres mateixos i amb els altres. Va ser un espai on les idees van fluir, on les emocions van estar presents i on, m\u00e9s que mai, v\u00e0rem aprendre a &hellip; <\/p>\n<p class=\"link-more\"><a href=\"\/torrevicens2026\/reflexions-sobre-la-sessio-oberta-plasmant-lexperiencia-al-quadern-dartista\/\" class=\"more-link\">Continua llegint <span class=\"screen-reader-text\">\u00abReflexions sobre la Sessi\u00f3 Oberta: Plasmant l&#8217;experi\u00e8ncia al quadern d&#8217;artista\u00bb<\/span><\/a><\/p>\n","protected":false},"author":4,"featured_media":0,"comment_status":"closed","ping_status":"","sticky":false,"template":"","format":"standard","meta":{"footnotes":""},"categories":[1],"tags":[],"class_list":["post-212","post","type-post","status-publish","format-standard","hentry","category-general"],"_links":{"self":[{"href":"\/torrevicens2026\/wp-json\/wp\/v2\/posts\/212","targetHints":{"allow":["GET"]}}],"collection":[{"href":"\/torrevicens2026\/wp-json\/wp\/v2\/posts"}],"about":[{"href":"\/torrevicens2026\/wp-json\/wp\/v2\/types\/post"}],"author":[{"embeddable":true,"href":"\/torrevicens2026\/wp-json\/wp\/v2\/users\/4"}],"replies":[{"embeddable":true,"href":"\/torrevicens2026\/wp-json\/wp\/v2\/comments?post=212"}],"version-history":[{"count":1,"href":"\/torrevicens2026\/wp-json\/wp\/v2\/posts\/212\/revisions"}],"predecessor-version":[{"id":213,"href":"\/torrevicens2026\/wp-json\/wp\/v2\/posts\/212\/revisions\/213"}],"wp:attachment":[{"href":"\/torrevicens2026\/wp-json\/wp\/v2\/media?parent=212"}],"wp:term":[{"taxonomy":"category","embeddable":true,"href":"\/torrevicens2026\/wp-json\/wp\/v2\/categories?post=212"},{"taxonomy":"post_tag","embeddable":true,"href":"\/torrevicens2026\/wp-json\/wp\/v2\/tags?post=212"}],"curies":[{"name":"wp","href":"https:\/\/api.w.org\/{rel}","templated":true}]}}