{"id":218,"date":"2026-02-10T14:39:11","date_gmt":"2026-02-10T12:39:11","guid":{"rendered":"\/torrevicens2026\/?p=218"},"modified":"2026-02-10T14:39:11","modified_gmt":"2026-02-10T12:39:11","slug":"introspeccio-amb-la-llana-un-viatge-interior-al-quadern-dartista","status":"publish","type":"post","link":"\/torrevicens2026\/introspeccio-amb-la-llana-un-viatge-interior-al-quadern-dartista\/","title":{"rendered":"Introspecci\u00f3 amb la llana: Un viatge interior al quadern d&#8217;artista"},"content":{"rendered":"\n<p class=\"wp-block-paragraph\">Avui hem viscut una experi\u00e8ncia que ens ha portat des de la connexi\u00f3 amb els altres cap a la profunditat del nostre propi m\u00f3n interior. La llana, que primer ens va unir a trav\u00e9s del treball en grup, es va convertir, a poc a poc, en el fil conductor que ens va permetre endinsar-nos dins d&#8217;un proc\u00e9s m\u00e9s personal, m\u00e9s \u00edntim. Hem apr\u00e8s que, a vegades, per comprendre el que realment som i sentim, cal fer un pas enrere i sentir-nos a nosaltres mateixos.<\/p>\n\n\n\n<p class=\"wp-block-paragraph\">Despr\u00e9s de treballar amb la llana en grup, compartint espai i moments amb els companys i companyes, ens hem retrobat amb nosaltres mateixos en la intimitat del nostre quadern d&#8217;artista. Aquest moment no ha estat nom\u00e9s de creaci\u00f3, sin\u00f3 tamb\u00e9 de reflexi\u00f3. Hem passat de l\u2019espai compartit a l\u2019espai individual, on la llana ja no era un element de connexi\u00f3 amb els altres, sin\u00f3 una eina per expressar-nos a trav\u00e9s de les nostres pr\u00f2pies emocions.<\/p>\n\n\n\n<p class=\"wp-block-paragraph\">El nostre quadern d&#8217;artista ha estat el nostre refugi. Un espai on, amb calma, hem anat teixint les nostres pr\u00f2pies hist\u00f2ries i viv\u00e8ncies, ara a trav\u00e9s d\u2019imatges, paraules o fins i tot en els silencis que deixem sobre les p\u00e0gines. La llana, que abans era un element visible, s\u2019ha transformat en un s\u00edmbol de les emocions que hem volgut traslladar al paper. Les seves fibres, que han passat per les nostres mans, ara s&#8217;han convertit en tra\u00e7os, l\u00ednies, paraules que hem escrit amb la tinta de la nostra introspecci\u00f3, el fet de retallar els papers del quadern, doblegar-los i cosir-los ens ha fet experimentar i jugar.<\/p>\n\n\n\n<p class=\"wp-block-paragraph\">Aquest proc\u00e9s ha estat profundament emp\u00e0tic, perqu\u00e8 ens hem perm\u00e8s estar en contacte amb els nostres propis sentiments i pensaments, sense pressa, sense judici. La llana, en la seva simplicitat, ens ha ajudat a desconnectar de l\u2019exterior per endinsar-nos en el nostre m\u00f3n interior, on la creativitat \u00e9s el mitj\u00e0 per comprendre\u2019ns millor.<\/p>\n\n\n\n<p class=\"wp-block-paragraph\">Al quadern, hem deixat const\u00e0ncia de tot aix\u00f2. Alguns de nosaltres hem escrit sobre la connexi\u00f3 que hem trobat en l\u2019espai compartit, d\u2019altres hem expressat la necessitat de trobar un moment per a nosaltres mateixos, per a connectar amb all\u00f2 que som realment. Hem utilitzat la llana com a s\u00edmbol, com a llenguatge propi per dibuixar, escriure i, fins i tot, per deixar que els nostres sentiments parlin en forma de caos o ordre, com la mateixa textura de la llana.<\/p>\n\n\n\n<p class=\"wp-block-paragraph\">Aquest viatge interior, acompanyat de la llana, ens ha recordat que la creativitat no \u00e9s nom\u00e9s un acte de produir, sin\u00f3 tamb\u00e9 un acte de comprendre, de parar-nos a observar-nos i a donar forma a tot all\u00f2 que ens passa pel cap i el cor. El nostre quadern d&#8217;artista s\u2019ha convertit en una finestra a les nostres emocions, un espai on podem ser honestos amb nosaltres mateixos, on la creativitat no t\u00e9 l\u00edmits i on el fil de la llana ens ajuda a fer m\u00e9s visible all\u00f2 que, de vegades, ens costa expressar.<\/p>\n\n\n\n<p class=\"wp-block-paragraph\">Aquesta introspecci\u00f3 no nom\u00e9s ha estat un exercici art\u00edstic, sin\u00f3 tamb\u00e9 un recordatori de la import\u00e0ncia de cuidar-nos i donar-nos l&#8217;espai per entendre\u2019ns, per poder seguir creant amb tot el nostre ser. Gr\u00e0cies a la llana i al quadern, hem apr\u00e8s a mirar-nos des de dins, amb paci\u00e8ncia i complicitat, per continuar teixint el nostre cam\u00ed, amb les nostres pr\u00f2pies mans.<\/p>\n\n\n\n<figure class=\"wp-block-gallery has-nested-images columns-default is-cropped wp-block-gallery-1 is-layout-flex wp-block-gallery-is-layout-flex\">\n<figure class=\"wp-block-image size-large\"><img loading=\"lazy\" decoding=\"async\" width=\"768\" height=\"1024\" data-id=\"198\" src=\"\/torrevicens2026\/wp-content\/uploads\/2026\/02\/20260205_135354-768x1024.jpg\" alt=\"\" class=\"wp-image-198\" srcset=\"\/torrevicens2026\/wp-content\/uploads\/2026\/02\/20260205_135354-768x1024.jpg 768w, \/torrevicens2026\/wp-content\/uploads\/2026\/02\/20260205_135354-225x300.jpg 225w, \/torrevicens2026\/wp-content\/uploads\/2026\/02\/20260205_135354-1152x1536.jpg 1152w, \/torrevicens2026\/wp-content\/uploads\/2026\/02\/20260205_135354-1536x2048.jpg 1536w, \/torrevicens2026\/wp-content\/uploads\/2026\/02\/20260205_135354-scaled.jpg 1920w\" sizes=\"auto, (max-width: 767px) 89vw, (max-width: 1000px) 54vw, (max-width: 1071px) 543px, 580px\" \/><\/figure>\n\n\n\n<figure class=\"wp-block-image size-large\"><img loading=\"lazy\" decoding=\"async\" width=\"768\" height=\"1024\" data-id=\"196\" src=\"\/torrevicens2026\/wp-content\/uploads\/2026\/02\/20260205_135949-768x1024.jpg\" alt=\"\" class=\"wp-image-196\" srcset=\"\/torrevicens2026\/wp-content\/uploads\/2026\/02\/20260205_135949-768x1024.jpg 768w, \/torrevicens2026\/wp-content\/uploads\/2026\/02\/20260205_135949-225x300.jpg 225w, \/torrevicens2026\/wp-content\/uploads\/2026\/02\/20260205_135949-1152x1536.jpg 1152w, \/torrevicens2026\/wp-content\/uploads\/2026\/02\/20260205_135949-1536x2048.jpg 1536w, \/torrevicens2026\/wp-content\/uploads\/2026\/02\/20260205_135949-scaled.jpg 1920w\" sizes=\"auto, (max-width: 767px) 89vw, (max-width: 1000px) 54vw, (max-width: 1071px) 543px, 580px\" \/><\/figure>\n\n\n\n<figure class=\"wp-block-image size-large\"><img loading=\"lazy\" decoding=\"async\" width=\"768\" height=\"1024\" data-id=\"199\" src=\"\/torrevicens2026\/wp-content\/uploads\/2026\/02\/20260205_140021-768x1024.jpg\" alt=\"\" class=\"wp-image-199\" srcset=\"\/torrevicens2026\/wp-content\/uploads\/2026\/02\/20260205_140021-768x1024.jpg 768w, \/torrevicens2026\/wp-content\/uploads\/2026\/02\/20260205_140021-225x300.jpg 225w, \/torrevicens2026\/wp-content\/uploads\/2026\/02\/20260205_140021-1152x1536.jpg 1152w, \/torrevicens2026\/wp-content\/uploads\/2026\/02\/20260205_140021-1536x2048.jpg 1536w, \/torrevicens2026\/wp-content\/uploads\/2026\/02\/20260205_140021-scaled.jpg 1920w\" sizes=\"auto, (max-width: 767px) 89vw, (max-width: 1000px) 54vw, (max-width: 1071px) 543px, 580px\" \/><\/figure>\n\n\n\n<figure class=\"wp-block-image size-large\"><img loading=\"lazy\" decoding=\"async\" width=\"768\" height=\"1024\" data-id=\"201\" src=\"\/torrevicens2026\/wp-content\/uploads\/2026\/02\/20260205_145112-768x1024.jpg\" alt=\"\" class=\"wp-image-201\" srcset=\"\/torrevicens2026\/wp-content\/uploads\/2026\/02\/20260205_145112-768x1024.jpg 768w, \/torrevicens2026\/wp-content\/uploads\/2026\/02\/20260205_145112-225x300.jpg 225w, \/torrevicens2026\/wp-content\/uploads\/2026\/02\/20260205_145112-1152x1536.jpg 1152w, \/torrevicens2026\/wp-content\/uploads\/2026\/02\/20260205_145112-1536x2048.jpg 1536w, \/torrevicens2026\/wp-content\/uploads\/2026\/02\/20260205_145112-scaled.jpg 1920w\" sizes=\"auto, (max-width: 767px) 89vw, (max-width: 1000px) 54vw, (max-width: 1071px) 543px, 580px\" \/><\/figure>\n\n\n\n<figure class=\"wp-block-image size-large\"><img loading=\"lazy\" decoding=\"async\" width=\"768\" height=\"1024\" data-id=\"200\" src=\"\/torrevicens2026\/wp-content\/uploads\/2026\/02\/20260205_145127-768x1024.jpg\" alt=\"\" class=\"wp-image-200\" srcset=\"\/torrevicens2026\/wp-content\/uploads\/2026\/02\/20260205_145127-768x1024.jpg 768w, \/torrevicens2026\/wp-content\/uploads\/2026\/02\/20260205_145127-225x300.jpg 225w, \/torrevicens2026\/wp-content\/uploads\/2026\/02\/20260205_145127-1152x1536.jpg 1152w, \/torrevicens2026\/wp-content\/uploads\/2026\/02\/20260205_145127-1536x2048.jpg 1536w, \/torrevicens2026\/wp-content\/uploads\/2026\/02\/20260205_145127-scaled.jpg 1920w\" sizes=\"auto, (max-width: 767px) 89vw, (max-width: 1000px) 54vw, (max-width: 1071px) 543px, 580px\" \/><\/figure>\n\n\n\n<figure class=\"wp-block-image size-large\"><img loading=\"lazy\" decoding=\"async\" width=\"768\" height=\"1024\" data-id=\"197\" src=\"\/torrevicens2026\/wp-content\/uploads\/2026\/02\/20260205_145140-768x1024.jpg\" alt=\"\" class=\"wp-image-197\" srcset=\"\/torrevicens2026\/wp-content\/uploads\/2026\/02\/20260205_145140-768x1024.jpg 768w, \/torrevicens2026\/wp-content\/uploads\/2026\/02\/20260205_145140-225x300.jpg 225w, \/torrevicens2026\/wp-content\/uploads\/2026\/02\/20260205_145140-1152x1536.jpg 1152w, \/torrevicens2026\/wp-content\/uploads\/2026\/02\/20260205_145140-1536x2048.jpg 1536w, \/torrevicens2026\/wp-content\/uploads\/2026\/02\/20260205_145140-scaled.jpg 1920w\" sizes=\"auto, (max-width: 767px) 89vw, (max-width: 1000px) 54vw, (max-width: 1071px) 543px, 580px\" \/><\/figure>\n\n\n\n<figure class=\"wp-block-image size-large\"><img loading=\"lazy\" decoding=\"async\" width=\"768\" height=\"1024\" data-id=\"204\" src=\"\/torrevicens2026\/wp-content\/uploads\/2026\/02\/20260205_145148-768x1024.jpg\" alt=\"\" class=\"wp-image-204\" srcset=\"\/torrevicens2026\/wp-content\/uploads\/2026\/02\/20260205_145148-768x1024.jpg 768w, \/torrevicens2026\/wp-content\/uploads\/2026\/02\/20260205_145148-225x300.jpg 225w, \/torrevicens2026\/wp-content\/uploads\/2026\/02\/20260205_145148-1152x1536.jpg 1152w, \/torrevicens2026\/wp-content\/uploads\/2026\/02\/20260205_145148-1536x2048.jpg 1536w, \/torrevicens2026\/wp-content\/uploads\/2026\/02\/20260205_145148-scaled.jpg 1920w\" sizes=\"auto, (max-width: 767px) 89vw, (max-width: 1000px) 54vw, (max-width: 1071px) 543px, 580px\" \/><\/figure>\n\n\n\n<figure class=\"wp-block-image size-large\"><img loading=\"lazy\" decoding=\"async\" width=\"768\" height=\"1024\" data-id=\"202\" src=\"\/torrevicens2026\/wp-content\/uploads\/2026\/02\/20260205_145306-768x1024.jpg\" alt=\"\" class=\"wp-image-202\" srcset=\"\/torrevicens2026\/wp-content\/uploads\/2026\/02\/20260205_145306-768x1024.jpg 768w, \/torrevicens2026\/wp-content\/uploads\/2026\/02\/20260205_145306-225x300.jpg 225w, \/torrevicens2026\/wp-content\/uploads\/2026\/02\/20260205_145306-1152x1536.jpg 1152w, \/torrevicens2026\/wp-content\/uploads\/2026\/02\/20260205_145306-1536x2048.jpg 1536w, \/torrevicens2026\/wp-content\/uploads\/2026\/02\/20260205_145306-scaled.jpg 1920w\" sizes=\"auto, (max-width: 767px) 89vw, (max-width: 1000px) 54vw, (max-width: 1071px) 543px, 580px\" \/><\/figure>\n\n\n\n<figure class=\"wp-block-image size-large\"><img loading=\"lazy\" decoding=\"async\" width=\"768\" height=\"1024\" data-id=\"203\" src=\"\/torrevicens2026\/wp-content\/uploads\/2026\/02\/20260205_145311-768x1024.jpg\" alt=\"\" class=\"wp-image-203\" srcset=\"\/torrevicens2026\/wp-content\/uploads\/2026\/02\/20260205_145311-768x1024.jpg 768w, \/torrevicens2026\/wp-content\/uploads\/2026\/02\/20260205_145311-225x300.jpg 225w, \/torrevicens2026\/wp-content\/uploads\/2026\/02\/20260205_145311-1152x1536.jpg 1152w, \/torrevicens2026\/wp-content\/uploads\/2026\/02\/20260205_145311-1536x2048.jpg 1536w, \/torrevicens2026\/wp-content\/uploads\/2026\/02\/20260205_145311-scaled.jpg 1920w\" sizes=\"auto, (max-width: 767px) 89vw, (max-width: 1000px) 54vw, (max-width: 1071px) 543px, 580px\" \/><\/figure>\n<\/figure>\n\n\n\n<figure class=\"wp-block-gallery has-nested-images columns-default is-cropped wp-block-gallery-2 is-layout-flex wp-block-gallery-is-layout-flex\">\n<figure class=\"wp-block-image size-large\"><img loading=\"lazy\" decoding=\"async\" width=\"1024\" height=\"768\" data-id=\"222\" src=\"\/torrevicens2026\/wp-content\/uploads\/2026\/02\/20260210_123643-1024x768.jpg\" alt=\"\" class=\"wp-image-222\" srcset=\"\/torrevicens2026\/wp-content\/uploads\/2026\/02\/20260210_123643-1024x768.jpg 1024w, \/torrevicens2026\/wp-content\/uploads\/2026\/02\/20260210_123643-300x225.jpg 300w, \/torrevicens2026\/wp-content\/uploads\/2026\/02\/20260210_123643-768x576.jpg 768w, \/torrevicens2026\/wp-content\/uploads\/2026\/02\/20260210_123643-1536x1152.jpg 1536w, \/torrevicens2026\/wp-content\/uploads\/2026\/02\/20260210_123643-2048x1536.jpg 2048w\" sizes=\"auto, (max-width: 767px) 89vw, (max-width: 1000px) 54vw, (max-width: 1071px) 543px, 580px\" \/><\/figure>\n\n\n\n<figure class=\"wp-block-image size-large\"><img loading=\"lazy\" decoding=\"async\" width=\"768\" height=\"1024\" data-id=\"223\" src=\"\/torrevicens2026\/wp-content\/uploads\/2026\/02\/20260210_123721-768x1024.jpg\" alt=\"\" class=\"wp-image-223\" srcset=\"\/torrevicens2026\/wp-content\/uploads\/2026\/02\/20260210_123721-768x1024.jpg 768w, \/torrevicens2026\/wp-content\/uploads\/2026\/02\/20260210_123721-225x300.jpg 225w, \/torrevicens2026\/wp-content\/uploads\/2026\/02\/20260210_123721-1152x1536.jpg 1152w, \/torrevicens2026\/wp-content\/uploads\/2026\/02\/20260210_123721-1536x2048.jpg 1536w, \/torrevicens2026\/wp-content\/uploads\/2026\/02\/20260210_123721-scaled.jpg 1920w\" sizes=\"auto, (max-width: 767px) 89vw, (max-width: 1000px) 54vw, (max-width: 1071px) 543px, 580px\" \/><\/figure>\n\n\n\n<figure class=\"wp-block-image size-large\"><img loading=\"lazy\" decoding=\"async\" width=\"1024\" height=\"768\" data-id=\"221\" src=\"\/torrevicens2026\/wp-content\/uploads\/2026\/02\/20260210_123728-1024x768.jpg\" alt=\"\" class=\"wp-image-221\" srcset=\"\/torrevicens2026\/wp-content\/uploads\/2026\/02\/20260210_123728-1024x768.jpg 1024w, \/torrevicens2026\/wp-content\/uploads\/2026\/02\/20260210_123728-300x225.jpg 300w, \/torrevicens2026\/wp-content\/uploads\/2026\/02\/20260210_123728-768x576.jpg 768w, \/torrevicens2026\/wp-content\/uploads\/2026\/02\/20260210_123728-1536x1152.jpg 1536w, \/torrevicens2026\/wp-content\/uploads\/2026\/02\/20260210_123728-2048x1536.jpg 2048w\" sizes=\"auto, (max-width: 767px) 89vw, (max-width: 1000px) 54vw, (max-width: 1071px) 543px, 580px\" \/><\/figure>\n\n\n\n<figure class=\"wp-block-image size-large\"><img loading=\"lazy\" decoding=\"async\" width=\"1024\" height=\"768\" data-id=\"220\" src=\"\/torrevicens2026\/wp-content\/uploads\/2026\/02\/20260210_123733-1024x768.jpg\" alt=\"\" class=\"wp-image-220\" srcset=\"\/torrevicens2026\/wp-content\/uploads\/2026\/02\/20260210_123733-1024x768.jpg 1024w, \/torrevicens2026\/wp-content\/uploads\/2026\/02\/20260210_123733-300x225.jpg 300w, \/torrevicens2026\/wp-content\/uploads\/2026\/02\/20260210_123733-768x576.jpg 768w, \/torrevicens2026\/wp-content\/uploads\/2026\/02\/20260210_123733-1536x1152.jpg 1536w, \/torrevicens2026\/wp-content\/uploads\/2026\/02\/20260210_123733-2048x1536.jpg 2048w\" sizes=\"auto, (max-width: 767px) 89vw, (max-width: 1000px) 54vw, (max-width: 1071px) 543px, 580px\" \/><\/figure>\n<\/figure>\n","protected":false},"excerpt":{"rendered":"<p>Avui hem viscut una experi\u00e8ncia que ens ha portat des de la connexi\u00f3 amb els altres cap a la profunditat del nostre propi m\u00f3n interior. La llana, que primer ens va unir a trav\u00e9s del treball en grup, es va convertir, a poc a poc, en el fil conductor que ens va permetre endinsar-nos dins &hellip; <\/p>\n<p class=\"link-more\"><a href=\"\/torrevicens2026\/introspeccio-amb-la-llana-un-viatge-interior-al-quadern-dartista\/\" class=\"more-link\">Continua llegint <span class=\"screen-reader-text\">\u00abIntrospecci\u00f3 amb la llana: Un viatge interior al quadern d&#8217;artista\u00bb<\/span><\/a><\/p>\n","protected":false},"author":4,"featured_media":0,"comment_status":"closed","ping_status":"","sticky":false,"template":"","format":"standard","meta":{"footnotes":""},"categories":[1],"tags":[],"class_list":["post-218","post","type-post","status-publish","format-standard","hentry","category-general"],"_links":{"self":[{"href":"\/torrevicens2026\/wp-json\/wp\/v2\/posts\/218","targetHints":{"allow":["GET"]}}],"collection":[{"href":"\/torrevicens2026\/wp-json\/wp\/v2\/posts"}],"about":[{"href":"\/torrevicens2026\/wp-json\/wp\/v2\/types\/post"}],"author":[{"embeddable":true,"href":"\/torrevicens2026\/wp-json\/wp\/v2\/users\/4"}],"replies":[{"embeddable":true,"href":"\/torrevicens2026\/wp-json\/wp\/v2\/comments?post=218"}],"version-history":[{"count":3,"href":"\/torrevicens2026\/wp-json\/wp\/v2\/posts\/218\/revisions"}],"predecessor-version":[{"id":225,"href":"\/torrevicens2026\/wp-json\/wp\/v2\/posts\/218\/revisions\/225"}],"wp:attachment":[{"href":"\/torrevicens2026\/wp-json\/wp\/v2\/media?parent=218"}],"wp:term":[{"taxonomy":"category","embeddable":true,"href":"\/torrevicens2026\/wp-json\/wp\/v2\/categories?post=218"},{"taxonomy":"post_tag","embeddable":true,"href":"\/torrevicens2026\/wp-json\/wp\/v2\/tags?post=218"}],"curies":[{"name":"wp","href":"https:\/\/api.w.org\/{rel}","templated":true}]}}