{"id":245,"date":"2026-05-28T11:26:54","date_gmt":"2026-05-28T09:26:54","guid":{"rendered":"\/torrevicens2026\/?p=245"},"modified":"2026-05-28T11:26:54","modified_gmt":"2026-05-28T09:26:54","slug":"preparant-els-objectes-per-explicar-una-historia","status":"publish","type":"post","link":"\/torrevicens2026\/preparant-els-objectes-per-explicar-una-historia\/","title":{"rendered":"Preparant els objectes per explicar una hist\u00f2ria"},"content":{"rendered":"\n<p class=\"wp-block-paragraph\">Durant aquest curs, els objectes han deixat de ser simples objectes. A poc a poc, entre converses, mirades, proves, errors, descobertes i transformacions, s\u2019han anat convertint en fragments d\u2019hist\u00f2ries, emocions i identitats compartides.<\/p>\n\n\n\n<p class=\"wp-block-paragraph\">Cada pe\u00e7a que hem treballat porta dins seu una part del proc\u00e9s viscut: les mans que l\u2019han modificat, les idees que l\u2019han fet evolucionar, els dubtes, les preguntes i tamb\u00e9 les petites revelacions que han anat apareixent pel cam\u00ed. Hem apr\u00e8s que crear no \u00e9s nom\u00e9s construir un resultat final, sin\u00f3 mirar el que \u00e9s quotidi\u00e0 amb uns altres ulls i donar-li un nou significat.<\/p>\n\n\n\n<p class=\"wp-block-paragraph\">Ara iniciem una nova etapa del projecte: la preparaci\u00f3 dels objectes per a la seva catalogaci\u00f3 i presentaci\u00f3 final. Amb molta cura, estem ordenant, documentant i pensant com mostrar totes aquestes peces perqu\u00e8 puguin dialogar tamb\u00e9 amb les persones que visitaran l\u2019exposici\u00f3.<\/p>\n\n\n\n<p class=\"wp-block-paragraph\">Aquest proc\u00e9s ens est\u00e0 fent prendre consci\u00e8ncia de tot el recorregut fet. Els objectes ja no expliquen nom\u00e9s una idea art\u00edstica; expliquen tamb\u00e9 una experi\u00e8ncia col\u00b7lectiva, una manera de treballar plegats i una forma diferent d\u2019habitar l&#8217;institut i la creaci\u00f3.<\/p>\n\n\n\n<p class=\"wp-block-paragraph\">La culminaci\u00f3 d\u2019aquest cam\u00ed arribar\u00e0 amb l\u2019exposici\u00f3 final al Museu Morera de Lleida, un espai que ens emociona especialment perqu\u00e8 permetr\u00e0 compartir el projecte m\u00e9s enll\u00e0 de l\u2019aula i donar valor als processos de creaci\u00f3 contempor\u00e0nia que hem anat construint durant el curs.<\/p>\n\n\n\n<p class=\"wp-block-paragraph\">Ens fa il\u00b7lusi\u00f3 pensar que, ben aviat, totes aquestes peces sortiran del taller i ocuparan un nou espai, carregades de preguntes, significats i mirades.<\/p>\n\n\n\n<p class=\"wp-block-paragraph\">Perqu\u00e8, al cap i a la fi, transformar objectes tamb\u00e9 \u00e9s una manera de transformar-nos nosaltres.<\/p>\n\n\n\n<figure class=\"wp-block-gallery has-nested-images columns-default is-cropped wp-block-gallery-1 is-layout-flex wp-block-gallery-is-layout-flex\">\n<figure class=\"wp-block-image size-large\"><img loading=\"lazy\" decoding=\"async\" width=\"768\" height=\"1024\" data-id=\"253\" src=\"\/torrevicens2026\/wp-content\/uploads\/2026\/05\/Preparacio-catalogacio02-768x1024.jpg\" alt=\"\" class=\"wp-image-253\" srcset=\"\/torrevicens2026\/wp-content\/uploads\/2026\/05\/Preparacio-catalogacio02-768x1024.jpg 768w, \/torrevicens2026\/wp-content\/uploads\/2026\/05\/Preparacio-catalogacio02-225x300.jpg 225w, \/torrevicens2026\/wp-content\/uploads\/2026\/05\/Preparacio-catalogacio02-1152x1536.jpg 1152w, \/torrevicens2026\/wp-content\/uploads\/2026\/05\/Preparacio-catalogacio02-1536x2048.jpg 1536w, \/torrevicens2026\/wp-content\/uploads\/2026\/05\/Preparacio-catalogacio02-scaled.jpg 1920w\" sizes=\"auto, (max-width: 767px) 89vw, (max-width: 1000px) 54vw, (max-width: 1071px) 543px, 580px\" \/><\/figure>\n\n\n\n<figure class=\"wp-block-image size-large\"><img loading=\"lazy\" decoding=\"async\" width=\"768\" height=\"1024\" data-id=\"254\" src=\"\/torrevicens2026\/wp-content\/uploads\/2026\/05\/Preparacio-catalogacio03-768x1024.jpg\" alt=\"\" class=\"wp-image-254\" srcset=\"\/torrevicens2026\/wp-content\/uploads\/2026\/05\/Preparacio-catalogacio03-768x1024.jpg 768w, \/torrevicens2026\/wp-content\/uploads\/2026\/05\/Preparacio-catalogacio03-225x300.jpg 225w, \/torrevicens2026\/wp-content\/uploads\/2026\/05\/Preparacio-catalogacio03-1152x1536.jpg 1152w, \/torrevicens2026\/wp-content\/uploads\/2026\/05\/Preparacio-catalogacio03-1536x2048.jpg 1536w, \/torrevicens2026\/wp-content\/uploads\/2026\/05\/Preparacio-catalogacio03-scaled.jpg 1920w\" sizes=\"auto, (max-width: 767px) 89vw, (max-width: 1000px) 54vw, (max-width: 1071px) 543px, 580px\" \/><\/figure>\n\n\n\n<figure class=\"wp-block-image size-large\"><img loading=\"lazy\" decoding=\"async\" width=\"768\" height=\"1024\" data-id=\"247\" src=\"\/torrevicens2026\/wp-content\/uploads\/2026\/05\/Preparacio-catalogacio05-768x1024.jpg\" alt=\"\" class=\"wp-image-247\" srcset=\"\/torrevicens2026\/wp-content\/uploads\/2026\/05\/Preparacio-catalogacio05-768x1024.jpg 768w, \/torrevicens2026\/wp-content\/uploads\/2026\/05\/Preparacio-catalogacio05-225x300.jpg 225w, \/torrevicens2026\/wp-content\/uploads\/2026\/05\/Preparacio-catalogacio05-1152x1536.jpg 1152w, \/torrevicens2026\/wp-content\/uploads\/2026\/05\/Preparacio-catalogacio05-1536x2048.jpg 1536w, \/torrevicens2026\/wp-content\/uploads\/2026\/05\/Preparacio-catalogacio05-scaled.jpg 1920w\" sizes=\"auto, (max-width: 767px) 89vw, (max-width: 1000px) 54vw, (max-width: 1071px) 543px, 580px\" \/><\/figure>\n\n\n\n<figure class=\"wp-block-image size-large\"><img loading=\"lazy\" decoding=\"async\" width=\"1024\" height=\"768\" data-id=\"250\" src=\"\/torrevicens2026\/wp-content\/uploads\/2026\/05\/Preparacio-catalogacio07-1024x768.jpg\" alt=\"\" class=\"wp-image-250\" srcset=\"\/torrevicens2026\/wp-content\/uploads\/2026\/05\/Preparacio-catalogacio07-1024x768.jpg 1024w, \/torrevicens2026\/wp-content\/uploads\/2026\/05\/Preparacio-catalogacio07-300x225.jpg 300w, \/torrevicens2026\/wp-content\/uploads\/2026\/05\/Preparacio-catalogacio07-768x576.jpg 768w, \/torrevicens2026\/wp-content\/uploads\/2026\/05\/Preparacio-catalogacio07-1536x1152.jpg 1536w, \/torrevicens2026\/wp-content\/uploads\/2026\/05\/Preparacio-catalogacio07-2048x1536.jpg 2048w\" sizes=\"auto, (max-width: 767px) 89vw, (max-width: 1000px) 54vw, (max-width: 1071px) 543px, 580px\" \/><\/figure>\n\n\n\n<figure class=\"wp-block-image size-large\"><img loading=\"lazy\" decoding=\"async\" width=\"1024\" height=\"768\" data-id=\"249\" src=\"\/torrevicens2026\/wp-content\/uploads\/2026\/05\/Preparacio-catalogacio08-1024x768.jpg\" alt=\"\" class=\"wp-image-249\" srcset=\"\/torrevicens2026\/wp-content\/uploads\/2026\/05\/Preparacio-catalogacio08-1024x768.jpg 1024w, \/torrevicens2026\/wp-content\/uploads\/2026\/05\/Preparacio-catalogacio08-300x225.jpg 300w, \/torrevicens2026\/wp-content\/uploads\/2026\/05\/Preparacio-catalogacio08-768x576.jpg 768w, \/torrevicens2026\/wp-content\/uploads\/2026\/05\/Preparacio-catalogacio08-1536x1152.jpg 1536w, \/torrevicens2026\/wp-content\/uploads\/2026\/05\/Preparacio-catalogacio08-2048x1536.jpg 2048w\" sizes=\"auto, (max-width: 767px) 89vw, (max-width: 1000px) 54vw, (max-width: 1071px) 543px, 580px\" \/><\/figure>\n\n\n\n<figure class=\"wp-block-image size-large\"><img loading=\"lazy\" decoding=\"async\" width=\"1024\" height=\"768\" data-id=\"248\" src=\"\/torrevicens2026\/wp-content\/uploads\/2026\/05\/Preparacio-catalogacio09-1024x768.jpg\" alt=\"\" class=\"wp-image-248\" srcset=\"\/torrevicens2026\/wp-content\/uploads\/2026\/05\/Preparacio-catalogacio09-1024x768.jpg 1024w, \/torrevicens2026\/wp-content\/uploads\/2026\/05\/Preparacio-catalogacio09-300x225.jpg 300w, \/torrevicens2026\/wp-content\/uploads\/2026\/05\/Preparacio-catalogacio09-768x576.jpg 768w, \/torrevicens2026\/wp-content\/uploads\/2026\/05\/Preparacio-catalogacio09-1536x1152.jpg 1536w, \/torrevicens2026\/wp-content\/uploads\/2026\/05\/Preparacio-catalogacio09-2048x1536.jpg 2048w\" sizes=\"auto, (max-width: 767px) 89vw, (max-width: 1000px) 54vw, (max-width: 1071px) 543px, 580px\" \/><\/figure>\n\n\n\n<figure class=\"wp-block-image size-large\"><img loading=\"lazy\" decoding=\"async\" width=\"1024\" height=\"768\" data-id=\"252\" src=\"\/torrevicens2026\/wp-content\/uploads\/2026\/05\/Preparacio-catalogacio10-1024x768.jpg\" alt=\"\" class=\"wp-image-252\" srcset=\"\/torrevicens2026\/wp-content\/uploads\/2026\/05\/Preparacio-catalogacio10-1024x768.jpg 1024w, \/torrevicens2026\/wp-content\/uploads\/2026\/05\/Preparacio-catalogacio10-300x225.jpg 300w, \/torrevicens2026\/wp-content\/uploads\/2026\/05\/Preparacio-catalogacio10-768x576.jpg 768w, \/torrevicens2026\/wp-content\/uploads\/2026\/05\/Preparacio-catalogacio10-1536x1152.jpg 1536w, \/torrevicens2026\/wp-content\/uploads\/2026\/05\/Preparacio-catalogacio10-2048x1536.jpg 2048w\" sizes=\"auto, (max-width: 767px) 89vw, (max-width: 1000px) 54vw, (max-width: 1071px) 543px, 580px\" \/><\/figure>\n\n\n\n<figure class=\"wp-block-image size-large\"><img loading=\"lazy\" decoding=\"async\" width=\"1024\" height=\"768\" data-id=\"255\" src=\"\/torrevicens2026\/wp-content\/uploads\/2026\/05\/Preparacio-catalogacio11-1024x768.jpg\" alt=\"\" class=\"wp-image-255\" srcset=\"\/torrevicens2026\/wp-content\/uploads\/2026\/05\/Preparacio-catalogacio11-1024x768.jpg 1024w, \/torrevicens2026\/wp-content\/uploads\/2026\/05\/Preparacio-catalogacio11-300x225.jpg 300w, \/torrevicens2026\/wp-content\/uploads\/2026\/05\/Preparacio-catalogacio11-768x576.jpg 768w, \/torrevicens2026\/wp-content\/uploads\/2026\/05\/Preparacio-catalogacio11-1536x1152.jpg 1536w, \/torrevicens2026\/wp-content\/uploads\/2026\/05\/Preparacio-catalogacio11-2048x1536.jpg 2048w\" sizes=\"auto, (max-width: 767px) 89vw, (max-width: 1000px) 54vw, (max-width: 1071px) 543px, 580px\" \/><\/figure>\n\n\n\n<figure class=\"wp-block-image size-large\"><img loading=\"lazy\" decoding=\"async\" width=\"768\" height=\"1024\" data-id=\"251\" src=\"\/torrevicens2026\/wp-content\/uploads\/2026\/05\/Preparacio-catalogacio12-768x1024.jpg\" alt=\"\" class=\"wp-image-251\" srcset=\"\/torrevicens2026\/wp-content\/uploads\/2026\/05\/Preparacio-catalogacio12-768x1024.jpg 768w, \/torrevicens2026\/wp-content\/uploads\/2026\/05\/Preparacio-catalogacio12-225x300.jpg 225w, \/torrevicens2026\/wp-content\/uploads\/2026\/05\/Preparacio-catalogacio12-1152x1536.jpg 1152w, \/torrevicens2026\/wp-content\/uploads\/2026\/05\/Preparacio-catalogacio12-1536x2048.jpg 1536w, \/torrevicens2026\/wp-content\/uploads\/2026\/05\/Preparacio-catalogacio12-scaled.jpg 1920w\" sizes=\"auto, (max-width: 767px) 89vw, (max-width: 1000px) 54vw, (max-width: 1071px) 543px, 580px\" \/><\/figure>\n<\/figure>\n","protected":false},"excerpt":{"rendered":"<p>Durant aquest curs, els objectes han deixat de ser simples objectes. A poc a poc, entre converses, mirades, proves, errors, descobertes i transformacions, s\u2019han anat convertint en fragments d\u2019hist\u00f2ries, emocions i identitats compartides. Cada pe\u00e7a que hem treballat porta dins seu una part del proc\u00e9s viscut: les mans que l\u2019han modificat, les idees que l\u2019han &hellip; <\/p>\n<p class=\"link-more\"><a href=\"\/torrevicens2026\/preparant-els-objectes-per-explicar-una-historia\/\" class=\"more-link\">Continua llegint <span class=\"screen-reader-text\">\u00abPreparant els objectes per explicar una hist\u00f2ria\u00bb<\/span><\/a><\/p>\n","protected":false},"author":4,"featured_media":0,"comment_status":"closed","ping_status":"","sticky":false,"template":"","format":"standard","meta":{"footnotes":""},"categories":[1],"tags":[],"class_list":["post-245","post","type-post","status-publish","format-standard","hentry","category-general"],"_links":{"self":[{"href":"\/torrevicens2026\/wp-json\/wp\/v2\/posts\/245","targetHints":{"allow":["GET"]}}],"collection":[{"href":"\/torrevicens2026\/wp-json\/wp\/v2\/posts"}],"about":[{"href":"\/torrevicens2026\/wp-json\/wp\/v2\/types\/post"}],"author":[{"embeddable":true,"href":"\/torrevicens2026\/wp-json\/wp\/v2\/users\/4"}],"replies":[{"embeddable":true,"href":"\/torrevicens2026\/wp-json\/wp\/v2\/comments?post=245"}],"version-history":[{"count":1,"href":"\/torrevicens2026\/wp-json\/wp\/v2\/posts\/245\/revisions"}],"predecessor-version":[{"id":256,"href":"\/torrevicens2026\/wp-json\/wp\/v2\/posts\/245\/revisions\/256"}],"wp:attachment":[{"href":"\/torrevicens2026\/wp-json\/wp\/v2\/media?parent=245"}],"wp:term":[{"taxonomy":"category","embeddable":true,"href":"\/torrevicens2026\/wp-json\/wp\/v2\/categories?post=245"},{"taxonomy":"post_tag","embeddable":true,"href":"\/torrevicens2026\/wp-json\/wp\/v2\/tags?post=245"}],"curies":[{"name":"wp","href":"https:\/\/api.w.org\/{rel}","templated":true}]}}