{"id":257,"date":"2026-05-28T12:03:01","date_gmt":"2026-05-28T10:03:01","guid":{"rendered":"\/torrevicens2026\/?p=257"},"modified":"2026-05-28T12:03:01","modified_gmt":"2026-05-28T10:03:01","slug":"descobrint-lespai-que-acollira-les-nostres-peces","status":"publish","type":"post","link":"\/torrevicens2026\/descobrint-lespai-que-acollira-les-nostres-peces\/","title":{"rendered":"Descobrint l\u2019espai que acollir\u00e0 les nostres peces"},"content":{"rendered":"\n<p class=\"wp-block-paragraph\">Aquests dies hem tingut l\u2019oportunitat de comen\u00e7ar a con\u00e8ixer el Museu Morera, l\u2019espai que acollir\u00e0 la mostra final del nostre projecte. Entrar-hi per primera vegada amb la mirada de qui hi exposar\u00e0 ha estat una experi\u00e8ncia emocionant i plena de preguntes.<\/p>\n\n\n\n<p class=\"wp-block-paragraph\">Hem recorregut les sales imaginant com dialogaran els nostres objectes amb l\u2019espai, amb la llum, amb els recorreguts i amb les persones que visitaran l\u2019exposici\u00f3. A poc a poc, hem comen\u00e7at a entendre que exposar no \u00e9s nom\u00e9s col\u00b7locar peces en un lloc, sin\u00f3 pensar com aquestes habiten l\u2019espai i com l\u2019espai tamb\u00e9 transforma la manera de mirar-les.<\/p>\n\n\n\n<p class=\"wp-block-paragraph\">Durant la visita hem descobert moltes de les possibilitats materials i museogr\u00e0fiques que ens ofereix el Museu Morera: peanyes, vitrines, suports, il\u00b7luminaci\u00f3, formes de disposar les peces i maneres de construir un recorregut coherent per a la mostra. Tot aix\u00f2 ens ha ajudat a prendre consci\u00e8ncia de la import\u00e0ncia de cada decisi\u00f3 expositiva i de com els petits detalls poden modificar la percepci\u00f3 d\u2019una obra.<\/p>\n\n\n\n<p class=\"wp-block-paragraph\">Per nosaltres, aquest proc\u00e9s \u00e9s tamb\u00e9 una manera d\u2019aprendre a mirar els museus des de dins. No nom\u00e9s com a visitants, sin\u00f3 com a creadors i creadores que comencen a pensar com volen comunicar all\u00f2 que han constru\u00eft durant el curs.<\/p>\n\n\n\n<p class=\"wp-block-paragraph\">Ara els objectes entren en una nova fase: passen del taller a l\u2019espai expositiu. I en aquest canvi apareixen noves preguntes, noves idees i noves possibilitats creatives.<\/p>\n\n\n\n<p class=\"wp-block-paragraph\">Ens emociona pensar que les peces que van comen\u00e7ar com simples objectes quotidians trobaran aviat un lloc dins del museu, compartint espai amb altres mirades, altres hist\u00f2ries i altres formes d\u2019entendre l\u2019art.<\/p>\n\n\n\n<p class=\"wp-block-paragraph\">Aquest primer contacte amb el Museu Morera ens ha ajudat a entendre que una exposici\u00f3 no \u00e9s nom\u00e9s un final, sin\u00f3 tamb\u00e9 una nova manera de donar vida als processos que hem compartit.<\/p>\n\n\n\n<figure class=\"wp-block-gallery has-nested-images columns-default is-cropped wp-block-gallery-1 is-layout-flex wp-block-gallery-is-layout-flex\">\n<figure class=\"wp-block-image size-large\"><img loading=\"lazy\" decoding=\"async\" width=\"1024\" height=\"768\" data-id=\"258\" src=\"\/torrevicens2026\/wp-content\/uploads\/2026\/05\/20260514_130115_R5-1024x768.jpg\" alt=\"\" class=\"wp-image-258\" srcset=\"\/torrevicens2026\/wp-content\/uploads\/2026\/05\/20260514_130115_R5-1024x768.jpg 1024w, \/torrevicens2026\/wp-content\/uploads\/2026\/05\/20260514_130115_R5-300x225.jpg 300w, \/torrevicens2026\/wp-content\/uploads\/2026\/05\/20260514_130115_R5-768x576.jpg 768w, \/torrevicens2026\/wp-content\/uploads\/2026\/05\/20260514_130115_R5-1536x1152.jpg 1536w, \/torrevicens2026\/wp-content\/uploads\/2026\/05\/20260514_130115_R5-2048x1536.jpg 2048w\" sizes=\"auto, (max-width: 767px) 89vw, (max-width: 1000px) 54vw, (max-width: 1071px) 543px, 580px\" \/><\/figure>\n\n\n\n<figure class=\"wp-block-image size-large\"><img loading=\"lazy\" decoding=\"async\" width=\"1024\" height=\"768\" data-id=\"259\" src=\"\/torrevicens2026\/wp-content\/uploads\/2026\/05\/20260514_131427_R4-1024x768.jpg\" alt=\"\" class=\"wp-image-259\" srcset=\"\/torrevicens2026\/wp-content\/uploads\/2026\/05\/20260514_131427_R4-1024x768.jpg 1024w, \/torrevicens2026\/wp-content\/uploads\/2026\/05\/20260514_131427_R4-300x225.jpg 300w, \/torrevicens2026\/wp-content\/uploads\/2026\/05\/20260514_131427_R4-768x576.jpg 768w, \/torrevicens2026\/wp-content\/uploads\/2026\/05\/20260514_131427_R4-1536x1152.jpg 1536w, \/torrevicens2026\/wp-content\/uploads\/2026\/05\/20260514_131427_R4-2048x1536.jpg 2048w\" sizes=\"auto, (max-width: 767px) 89vw, (max-width: 1000px) 54vw, (max-width: 1071px) 543px, 580px\" \/><\/figure>\n\n\n\n<figure class=\"wp-block-image size-large\"><img loading=\"lazy\" decoding=\"async\" width=\"1024\" height=\"768\" data-id=\"262\" src=\"\/torrevicens2026\/wp-content\/uploads\/2026\/05\/20260514_132100_R3-1024x768.jpg\" alt=\"\" class=\"wp-image-262\" srcset=\"\/torrevicens2026\/wp-content\/uploads\/2026\/05\/20260514_132100_R3-1024x768.jpg 1024w, \/torrevicens2026\/wp-content\/uploads\/2026\/05\/20260514_132100_R3-300x225.jpg 300w, \/torrevicens2026\/wp-content\/uploads\/2026\/05\/20260514_132100_R3-768x576.jpg 768w, \/torrevicens2026\/wp-content\/uploads\/2026\/05\/20260514_132100_R3-1536x1152.jpg 1536w, \/torrevicens2026\/wp-content\/uploads\/2026\/05\/20260514_132100_R3-2048x1536.jpg 2048w\" sizes=\"auto, (max-width: 767px) 89vw, (max-width: 1000px) 54vw, (max-width: 1071px) 543px, 580px\" \/><\/figure>\n\n\n\n<figure class=\"wp-block-image size-large\"><img loading=\"lazy\" decoding=\"async\" width=\"1024\" height=\"768\" data-id=\"260\" src=\"\/torrevicens2026\/wp-content\/uploads\/2026\/05\/20260514_135912_R2-1024x768.jpg\" alt=\"\" class=\"wp-image-260\" srcset=\"\/torrevicens2026\/wp-content\/uploads\/2026\/05\/20260514_135912_R2-1024x768.jpg 1024w, \/torrevicens2026\/wp-content\/uploads\/2026\/05\/20260514_135912_R2-300x225.jpg 300w, \/torrevicens2026\/wp-content\/uploads\/2026\/05\/20260514_135912_R2-768x576.jpg 768w, \/torrevicens2026\/wp-content\/uploads\/2026\/05\/20260514_135912_R2-1536x1152.jpg 1536w, \/torrevicens2026\/wp-content\/uploads\/2026\/05\/20260514_135912_R2-2048x1536.jpg 2048w\" sizes=\"auto, (max-width: 767px) 89vw, (max-width: 1000px) 54vw, (max-width: 1071px) 543px, 580px\" \/><\/figure>\n\n\n\n<figure class=\"wp-block-image size-large\"><img loading=\"lazy\" decoding=\"async\" width=\"768\" height=\"1024\" data-id=\"261\" src=\"\/torrevicens2026\/wp-content\/uploads\/2026\/05\/20260514_140000_R1-768x1024.jpg\" alt=\"\" class=\"wp-image-261\" srcset=\"\/torrevicens2026\/wp-content\/uploads\/2026\/05\/20260514_140000_R1-768x1024.jpg 768w, \/torrevicens2026\/wp-content\/uploads\/2026\/05\/20260514_140000_R1-225x300.jpg 225w, \/torrevicens2026\/wp-content\/uploads\/2026\/05\/20260514_140000_R1-1152x1536.jpg 1152w, \/torrevicens2026\/wp-content\/uploads\/2026\/05\/20260514_140000_R1-1536x2048.jpg 1536w, \/torrevicens2026\/wp-content\/uploads\/2026\/05\/20260514_140000_R1-scaled.jpg 1920w\" sizes=\"auto, (max-width: 767px) 89vw, (max-width: 1000px) 54vw, (max-width: 1071px) 543px, 580px\" \/><\/figure>\n<\/figure>\n","protected":false},"excerpt":{"rendered":"<p>Aquests dies hem tingut l\u2019oportunitat de comen\u00e7ar a con\u00e8ixer el Museu Morera, l\u2019espai que acollir\u00e0 la mostra final del nostre projecte. Entrar-hi per primera vegada amb la mirada de qui hi exposar\u00e0 ha estat una experi\u00e8ncia emocionant i plena de preguntes. Hem recorregut les sales imaginant com dialogaran els nostres objectes amb l\u2019espai, amb la &hellip; <\/p>\n<p class=\"link-more\"><a href=\"\/torrevicens2026\/descobrint-lespai-que-acollira-les-nostres-peces\/\" class=\"more-link\">Continua llegint <span class=\"screen-reader-text\">\u00abDescobrint l\u2019espai que acollir\u00e0 les nostres peces\u00bb<\/span><\/a><\/p>\n","protected":false},"author":4,"featured_media":0,"comment_status":"closed","ping_status":"","sticky":false,"template":"","format":"standard","meta":{"footnotes":""},"categories":[1],"tags":[],"class_list":["post-257","post","type-post","status-publish","format-standard","hentry","category-general"],"_links":{"self":[{"href":"\/torrevicens2026\/wp-json\/wp\/v2\/posts\/257","targetHints":{"allow":["GET"]}}],"collection":[{"href":"\/torrevicens2026\/wp-json\/wp\/v2\/posts"}],"about":[{"href":"\/torrevicens2026\/wp-json\/wp\/v2\/types\/post"}],"author":[{"embeddable":true,"href":"\/torrevicens2026\/wp-json\/wp\/v2\/users\/4"}],"replies":[{"embeddable":true,"href":"\/torrevicens2026\/wp-json\/wp\/v2\/comments?post=257"}],"version-history":[{"count":1,"href":"\/torrevicens2026\/wp-json\/wp\/v2\/posts\/257\/revisions"}],"predecessor-version":[{"id":263,"href":"\/torrevicens2026\/wp-json\/wp\/v2\/posts\/257\/revisions\/263"}],"wp:attachment":[{"href":"\/torrevicens2026\/wp-json\/wp\/v2\/media?parent=257"}],"wp:term":[{"taxonomy":"category","embeddable":true,"href":"\/torrevicens2026\/wp-json\/wp\/v2\/categories?post=257"},{"taxonomy":"post_tag","embeddable":true,"href":"\/torrevicens2026\/wp-json\/wp\/v2\/tags?post=257"}],"curies":[{"name":"wp","href":"https:\/\/api.w.org\/{rel}","templated":true}]}}