{"id":264,"date":"2026-05-29T12:30:44","date_gmt":"2026-05-29T10:30:44","guid":{"rendered":"\/torrevicens2026\/?p=264"},"modified":"2026-05-29T12:30:44","modified_gmt":"2026-05-29T10:30:44","slug":"quan-els-objectes-comencen-a-conversar","status":"publish","type":"post","link":"\/torrevicens2026\/quan-els-objectes-comencen-a-conversar\/","title":{"rendered":"Quan els objectes comencen a conversar"},"content":{"rendered":"\n<p class=\"wp-block-paragraph\">El Museu Morera s\u2019ha convertit aquests dies en un espai de proves, decisions i descobertes. Les peces que hem anat treballant durant el curs han comen\u00e7at a ocupar espai i, amb aquest moviment, han aparegut noves maneres d\u2019entendre-les.<\/p>\n\n\n\n<p class=\"wp-block-paragraph\">No es tracta nom\u00e9s de decidir on va cada objecte. El treball dins el museu ens est\u00e0 fent pensar en com les peces es relacionen entre elles, quines connexions generen i com poden construir una experi\u00e8ncia compartida per a les persones que recorreran l\u2019exposici\u00f3.<\/p>\n\n\n\n<p class=\"wp-block-paragraph\">Alguns objectes necessiten espai i silenci al seu voltant. Altres funcionen millor en grup, creant petits di\u00e0legs visuals. Tamb\u00e9 hem descobert que els materials del museu \u2014les estructures, els suports, les vitrines o la il\u00b7luminaci\u00f3\u2014 no nom\u00e9s serveixen per exposar, sin\u00f3 que ajuden a donar una nova lectura a les obres.<\/p>\n\n\n\n<p class=\"wp-block-paragraph\">Treballar aquest muntatge ens est\u00e0 apropant a una part del proc\u00e9s art\u00edstic que sovint no es veu: la construcci\u00f3 del relat expositiu. Estem aprenent que una exposici\u00f3 tamb\u00e9 explica una hist\u00f2ria a trav\u00e9s dels recorreguts, les relacions entre peces i les sensacions que genera l\u2019espai.<\/p>\n\n\n\n<p class=\"wp-block-paragraph\">Cada decisi\u00f3 que prenem modifica la manera com es perceben els objectes. I aix\u00f2 ens obliga a observar, escoltar opinions, provar alternatives i repensar constantment all\u00f2 que hav\u00edem imaginat.<\/p>\n\n\n\n<p class=\"wp-block-paragraph\">A poc a poc, el museu deixa de ser nom\u00e9s el lloc on exposarem el projecte i es converteix en part activa del proc\u00e9s creatiu. L&#8217;espai, la llum i els materials del Morera entren en di\u00e0leg amb les nostres peces i fan que tot all\u00f2 que hem constru\u00eft durant el curs adquireixi noves dimensions.<\/p>\n\n\n\n<p class=\"wp-block-paragraph\">Ens agrada pensar que aquesta mostra no ser\u00e0 nom\u00e9s una acumulaci\u00f3 d\u2019objectes, sin\u00f3 una experi\u00e8ncia constru\u00efda col\u00b7lectivament, on cada element tindr\u00e0 un perqu\u00e8 i un lloc dins del conjunt.<\/p>\n\n\n\n<figure class=\"wp-block-gallery has-nested-images columns-default is-cropped wp-block-gallery-1 is-layout-flex wp-block-gallery-is-layout-flex\">\n<figure class=\"wp-block-image size-large\"><img loading=\"lazy\" decoding=\"async\" width=\"1024\" height=\"829\" data-id=\"266\" src=\"\/torrevicens2026\/wp-content\/uploads\/2026\/05\/01_20260521_132125-1024x829.jpg\" alt=\"\" class=\"wp-image-266\" srcset=\"\/torrevicens2026\/wp-content\/uploads\/2026\/05\/01_20260521_132125-1024x829.jpg 1024w, \/torrevicens2026\/wp-content\/uploads\/2026\/05\/01_20260521_132125-300x243.jpg 300w, \/torrevicens2026\/wp-content\/uploads\/2026\/05\/01_20260521_132125-768x622.jpg 768w, \/torrevicens2026\/wp-content\/uploads\/2026\/05\/01_20260521_132125-1536x1243.jpg 1536w, \/torrevicens2026\/wp-content\/uploads\/2026\/05\/01_20260521_132125-2048x1658.jpg 2048w\" sizes=\"auto, (max-width: 767px) 89vw, (max-width: 1000px) 54vw, (max-width: 1071px) 543px, 580px\" \/><\/figure>\n\n\n\n<figure class=\"wp-block-image size-large\"><img loading=\"lazy\" decoding=\"async\" width=\"727\" height=\"1024\" data-id=\"267\" src=\"\/torrevicens2026\/wp-content\/uploads\/2026\/05\/02_20260521_135011-727x1024.jpg\" alt=\"\" class=\"wp-image-267\" srcset=\"\/torrevicens2026\/wp-content\/uploads\/2026\/05\/02_20260521_135011-727x1024.jpg 727w, \/torrevicens2026\/wp-content\/uploads\/2026\/05\/02_20260521_135011-213x300.jpg 213w, \/torrevicens2026\/wp-content\/uploads\/2026\/05\/02_20260521_135011-768x1082.jpg 768w, \/torrevicens2026\/wp-content\/uploads\/2026\/05\/02_20260521_135011-1090x1536.jpg 1090w, \/torrevicens2026\/wp-content\/uploads\/2026\/05\/02_20260521_135011-1454x2048.jpg 1454w, \/torrevicens2026\/wp-content\/uploads\/2026\/05\/02_20260521_135011-scaled.jpg 1817w\" sizes=\"auto, (max-width: 727px) 100vw, 727px\" \/><\/figure>\n\n\n\n<figure class=\"wp-block-image size-large\"><img loading=\"lazy\" decoding=\"async\" width=\"768\" height=\"1024\" data-id=\"268\" src=\"\/torrevicens2026\/wp-content\/uploads\/2026\/05\/03_20260521_134156-768x1024.jpg\" alt=\"\" class=\"wp-image-268\" srcset=\"\/torrevicens2026\/wp-content\/uploads\/2026\/05\/03_20260521_134156-768x1024.jpg 768w, \/torrevicens2026\/wp-content\/uploads\/2026\/05\/03_20260521_134156-225x300.jpg 225w, \/torrevicens2026\/wp-content\/uploads\/2026\/05\/03_20260521_134156-1152x1536.jpg 1152w, \/torrevicens2026\/wp-content\/uploads\/2026\/05\/03_20260521_134156-1536x2048.jpg 1536w, \/torrevicens2026\/wp-content\/uploads\/2026\/05\/03_20260521_134156-scaled.jpg 1920w\" sizes=\"auto, (max-width: 767px) 89vw, (max-width: 1000px) 54vw, (max-width: 1071px) 543px, 580px\" \/><\/figure>\n\n\n\n<figure class=\"wp-block-image size-large\"><img loading=\"lazy\" decoding=\"async\" width=\"768\" height=\"1024\" data-id=\"269\" src=\"\/torrevicens2026\/wp-content\/uploads\/2026\/05\/O7_20260521_135022-768x1024.jpg\" alt=\"\" class=\"wp-image-269\" srcset=\"\/torrevicens2026\/wp-content\/uploads\/2026\/05\/O7_20260521_135022-768x1024.jpg 768w, \/torrevicens2026\/wp-content\/uploads\/2026\/05\/O7_20260521_135022-225x300.jpg 225w, \/torrevicens2026\/wp-content\/uploads\/2026\/05\/O7_20260521_135022-1152x1536.jpg 1152w, \/torrevicens2026\/wp-content\/uploads\/2026\/05\/O7_20260521_135022-1536x2048.jpg 1536w, \/torrevicens2026\/wp-content\/uploads\/2026\/05\/O7_20260521_135022-scaled.jpg 1920w\" sizes=\"auto, (max-width: 767px) 89vw, (max-width: 1000px) 54vw, (max-width: 1071px) 543px, 580px\" \/><\/figure>\n\n\n\n<figure class=\"wp-block-image size-large\"><img loading=\"lazy\" decoding=\"async\" width=\"768\" height=\"1024\" data-id=\"270\" src=\"\/torrevicens2026\/wp-content\/uploads\/2026\/05\/04_20260521_131223-768x1024.jpg\" alt=\"\" class=\"wp-image-270\" srcset=\"\/torrevicens2026\/wp-content\/uploads\/2026\/05\/04_20260521_131223-768x1024.jpg 768w, \/torrevicens2026\/wp-content\/uploads\/2026\/05\/04_20260521_131223-225x300.jpg 225w, \/torrevicens2026\/wp-content\/uploads\/2026\/05\/04_20260521_131223-1152x1536.jpg 1152w, \/torrevicens2026\/wp-content\/uploads\/2026\/05\/04_20260521_131223-1536x2048.jpg 1536w, \/torrevicens2026\/wp-content\/uploads\/2026\/05\/04_20260521_131223-scaled.jpg 1920w\" sizes=\"auto, (max-width: 767px) 89vw, (max-width: 1000px) 54vw, (max-width: 1071px) 543px, 580px\" \/><\/figure>\n\n\n\n<figure class=\"wp-block-image size-large\"><img loading=\"lazy\" decoding=\"async\" width=\"1024\" height=\"633\" data-id=\"271\" src=\"\/torrevicens2026\/wp-content\/uploads\/2026\/05\/05_20260521_132226-1024x633.jpg\" alt=\"\" class=\"wp-image-271\" srcset=\"\/torrevicens2026\/wp-content\/uploads\/2026\/05\/05_20260521_132226-1024x633.jpg 1024w, \/torrevicens2026\/wp-content\/uploads\/2026\/05\/05_20260521_132226-300x185.jpg 300w, \/torrevicens2026\/wp-content\/uploads\/2026\/05\/05_20260521_132226-768x474.jpg 768w, \/torrevicens2026\/wp-content\/uploads\/2026\/05\/05_20260521_132226-1536x949.jpg 1536w, \/torrevicens2026\/wp-content\/uploads\/2026\/05\/05_20260521_132226-2048x1265.jpg 2048w\" sizes=\"auto, (max-width: 767px) 89vw, (max-width: 1000px) 54vw, (max-width: 1071px) 543px, 580px\" \/><\/figure>\n\n\n\n<figure class=\"wp-block-image size-large\"><img loading=\"lazy\" decoding=\"async\" width=\"1024\" height=\"601\" data-id=\"272\" src=\"\/torrevicens2026\/wp-content\/uploads\/2026\/05\/06_20260521_132226-1024x601.jpg\" alt=\"\" class=\"wp-image-272\" srcset=\"\/torrevicens2026\/wp-content\/uploads\/2026\/05\/06_20260521_132226-1024x601.jpg 1024w, \/torrevicens2026\/wp-content\/uploads\/2026\/05\/06_20260521_132226-300x176.jpg 300w, \/torrevicens2026\/wp-content\/uploads\/2026\/05\/06_20260521_132226-768x451.jpg 768w, \/torrevicens2026\/wp-content\/uploads\/2026\/05\/06_20260521_132226-1536x902.jpg 1536w, \/torrevicens2026\/wp-content\/uploads\/2026\/05\/06_20260521_132226-2048x1203.jpg 2048w\" sizes=\"auto, (max-width: 767px) 89vw, (max-width: 1000px) 54vw, (max-width: 1071px) 543px, 580px\" \/><\/figure>\n<\/figure>\n","protected":false},"excerpt":{"rendered":"<p>El Museu Morera s\u2019ha convertit aquests dies en un espai de proves, decisions i descobertes. Les peces que hem anat treballant durant el curs han comen\u00e7at a ocupar espai i, amb aquest moviment, han aparegut noves maneres d\u2019entendre-les. No es tracta nom\u00e9s de decidir on va cada objecte. El treball dins el museu ens est\u00e0 &hellip; <\/p>\n<p class=\"link-more\"><a href=\"\/torrevicens2026\/quan-els-objectes-comencen-a-conversar\/\" class=\"more-link\">Continua llegint <span class=\"screen-reader-text\">\u00abQuan els objectes comencen a conversar\u00bb<\/span><\/a><\/p>\n","protected":false},"author":4,"featured_media":0,"comment_status":"closed","ping_status":"","sticky":false,"template":"","format":"standard","meta":{"footnotes":""},"categories":[1],"tags":[],"class_list":["post-264","post","type-post","status-publish","format-standard","hentry","category-general"],"_links":{"self":[{"href":"\/torrevicens2026\/wp-json\/wp\/v2\/posts\/264","targetHints":{"allow":["GET"]}}],"collection":[{"href":"\/torrevicens2026\/wp-json\/wp\/v2\/posts"}],"about":[{"href":"\/torrevicens2026\/wp-json\/wp\/v2\/types\/post"}],"author":[{"embeddable":true,"href":"\/torrevicens2026\/wp-json\/wp\/v2\/users\/4"}],"replies":[{"embeddable":true,"href":"\/torrevicens2026\/wp-json\/wp\/v2\/comments?post=264"}],"version-history":[{"count":2,"href":"\/torrevicens2026\/wp-json\/wp\/v2\/posts\/264\/revisions"}],"predecessor-version":[{"id":273,"href":"\/torrevicens2026\/wp-json\/wp\/v2\/posts\/264\/revisions\/273"}],"wp:attachment":[{"href":"\/torrevicens2026\/wp-json\/wp\/v2\/media?parent=264"}],"wp:term":[{"taxonomy":"category","embeddable":true,"href":"\/torrevicens2026\/wp-json\/wp\/v2\/categories?post=264"},{"taxonomy":"post_tag","embeddable":true,"href":"\/torrevicens2026\/wp-json\/wp\/v2\/tags?post=264"}],"curies":[{"name":"wp","href":"https:\/\/api.w.org\/{rel}","templated":true}]}}