{"id":275,"date":"2026-06-11T15:36:08","date_gmt":"2026-06-11T13:36:08","guid":{"rendered":"\/torrevicens2026\/?p=275"},"modified":"2026-06-11T15:36:34","modified_gmt":"2026-06-11T13:36:34","slug":"preparant-els-protagonistes-de-lexposicio","status":"publish","type":"post","link":"\/torrevicens2026\/preparant-els-protagonistes-de-lexposicio\/","title":{"rendered":"Preparant els protagonistes de l\u2019exposici\u00f3"},"content":{"rendered":"\n<p class=\"wp-block-paragraph\">Aquests dies, l&#8217;aula s\u2019ha omplert d\u2019una calma especial. Despr\u00e9s de mesos d\u2019experimentaci\u00f3, transformacions, proves i descobertes, ha arribat el moment de dedicar-nos a una tasca aparentment discreta, per\u00f2 fonamental: documentar i catalogar els objectes que formaran part de la nostra exposici\u00f3 al Museu Morera.<\/p>\n\n\n\n<p class=\"wp-block-paragraph\">Hem comen\u00e7at observant-los amb atenci\u00f3. Alguns encara conserven rastres del seu passat; d\u2019altres gaireb\u00e9 ja no recorden all\u00f2 que havien estat abans de passar per les nostres mans. Ara, per\u00f2, tots comparteixen una nova identitat constru\u00efda al llarg del proc\u00e9s creatiu.<\/p>\n\n\n\n<p class=\"wp-block-paragraph\">Amb cura i paci\u00e8ncia, els hem netejat, preparant-los per al seu nou viatge. Tamb\u00e9 els hem mesurat, registrant les seves dimensions i caracter\u00edstiques. Aquest gest, que podria semblar purament t\u00e8cnic, ens ha fet prendre consci\u00e8ncia de la seva pres\u00e8ncia f\u00edsica, del lloc que ocuparan dins l\u2019exposici\u00f3 i de la relaci\u00f3 que establiran amb l\u2019espai i amb les persones visitants.<\/p>\n\n\n\n<p class=\"wp-block-paragraph\">Despr\u00e9s ha arribat el moment de fotografiar-los. Davant la c\u00e0mera, cada objecte ens ha obligat a mirar-lo una vegada m\u00e9s. La llum, els angles, les textures i les ombres ens han revelat detalls que sovint passen desapercebuts. Fotografiar-los ha estat una altra manera d\u2019escoltar-los.<\/p>\n\n\n\n<p class=\"wp-block-paragraph\">A poc a poc, hem anat construint el seu registre: una mena de carnet d\u2019identitat que permet conservar la mem\u00f2ria del treball fet. Cada fotografia, cada mesura i cada anotaci\u00f3 formen part d\u2019una documentaci\u00f3 que acompanya els objectes i explica, de manera silenciosa, una part de la seva hist\u00f2ria.<\/p>\n\n\n\n<p class=\"wp-block-paragraph\">Aquest proc\u00e9s ens ha fet entendre que una exposici\u00f3 no comen\u00e7a el dia de la inauguraci\u00f3. Es construeix molt abans, en tots aquests gestos de cura, observaci\u00f3 i responsabilitat que sovint queden amagats darrere les peces exposades.<\/p>\n\n\n\n<p class=\"wp-block-paragraph\">Ben aviat aquests objectes ocuparan les sales del Museu Morera. Per\u00f2 abans de convertir-se en protagonistes de l\u2019exposici\u00f3, han passat per les nostres mans una vegada m\u00e9s, recordant-nos que crear tamb\u00e9 \u00e9s cuidar, observar i donar valor a tot el cam\u00ed recorregut.<\/p>\n\n\n\n<figure class=\"wp-block-gallery has-nested-images columns-default is-cropped wp-block-gallery-1 is-layout-flex wp-block-gallery-is-layout-flex\">\n<figure class=\"wp-block-image size-large\"><img loading=\"lazy\" decoding=\"async\" width=\"768\" height=\"1024\" data-id=\"283\" src=\"\/torrevicens2026\/wp-content\/uploads\/2026\/06\/Preparacio-catalogacio03-768x1024.jpg\" alt=\"\" class=\"wp-image-283\" srcset=\"\/torrevicens2026\/wp-content\/uploads\/2026\/06\/Preparacio-catalogacio03-768x1024.jpg 768w, \/torrevicens2026\/wp-content\/uploads\/2026\/06\/Preparacio-catalogacio03-225x300.jpg 225w, \/torrevicens2026\/wp-content\/uploads\/2026\/06\/Preparacio-catalogacio03-1152x1536.jpg 1152w, \/torrevicens2026\/wp-content\/uploads\/2026\/06\/Preparacio-catalogacio03-1536x2048.jpg 1536w, \/torrevicens2026\/wp-content\/uploads\/2026\/06\/Preparacio-catalogacio03-scaled.jpg 1920w\" sizes=\"auto, (max-width: 767px) 89vw, (max-width: 1000px) 54vw, (max-width: 1071px) 543px, 580px\" \/><\/figure>\n\n\n\n<figure class=\"wp-block-image size-large\"><img loading=\"lazy\" decoding=\"async\" width=\"768\" height=\"1024\" data-id=\"278\" src=\"\/torrevicens2026\/wp-content\/uploads\/2026\/06\/Preparacio-catalogacio05-768x1024.jpg\" alt=\"\" class=\"wp-image-278\" srcset=\"\/torrevicens2026\/wp-content\/uploads\/2026\/06\/Preparacio-catalogacio05-768x1024.jpg 768w, \/torrevicens2026\/wp-content\/uploads\/2026\/06\/Preparacio-catalogacio05-225x300.jpg 225w, \/torrevicens2026\/wp-content\/uploads\/2026\/06\/Preparacio-catalogacio05-1152x1536.jpg 1152w, \/torrevicens2026\/wp-content\/uploads\/2026\/06\/Preparacio-catalogacio05-1536x2048.jpg 1536w, \/torrevicens2026\/wp-content\/uploads\/2026\/06\/Preparacio-catalogacio05-scaled.jpg 1920w\" sizes=\"auto, (max-width: 767px) 89vw, (max-width: 1000px) 54vw, (max-width: 1071px) 543px, 580px\" \/><\/figure>\n\n\n\n<figure class=\"wp-block-image size-large\"><img loading=\"lazy\" decoding=\"async\" width=\"768\" height=\"1024\" data-id=\"282\" src=\"\/torrevicens2026\/wp-content\/uploads\/2026\/06\/Preparacio-catalogacio06-768x1024.jpg\" alt=\"\" class=\"wp-image-282\" srcset=\"\/torrevicens2026\/wp-content\/uploads\/2026\/06\/Preparacio-catalogacio06-768x1024.jpg 768w, \/torrevicens2026\/wp-content\/uploads\/2026\/06\/Preparacio-catalogacio06-225x300.jpg 225w, \/torrevicens2026\/wp-content\/uploads\/2026\/06\/Preparacio-catalogacio06-1152x1536.jpg 1152w, \/torrevicens2026\/wp-content\/uploads\/2026\/06\/Preparacio-catalogacio06-1536x2048.jpg 1536w, \/torrevicens2026\/wp-content\/uploads\/2026\/06\/Preparacio-catalogacio06-scaled.jpg 1920w\" sizes=\"auto, (max-width: 767px) 89vw, (max-width: 1000px) 54vw, (max-width: 1071px) 543px, 580px\" \/><\/figure>\n\n\n\n<figure class=\"wp-block-image size-large\"><img loading=\"lazy\" decoding=\"async\" width=\"1024\" height=\"768\" data-id=\"280\" src=\"\/torrevicens2026\/wp-content\/uploads\/2026\/06\/Preparacio-catalogacio07-1024x768.jpg\" alt=\"\" class=\"wp-image-280\" srcset=\"\/torrevicens2026\/wp-content\/uploads\/2026\/06\/Preparacio-catalogacio07-1024x768.jpg 1024w, \/torrevicens2026\/wp-content\/uploads\/2026\/06\/Preparacio-catalogacio07-300x225.jpg 300w, \/torrevicens2026\/wp-content\/uploads\/2026\/06\/Preparacio-catalogacio07-768x576.jpg 768w, \/torrevicens2026\/wp-content\/uploads\/2026\/06\/Preparacio-catalogacio07-1536x1152.jpg 1536w, \/torrevicens2026\/wp-content\/uploads\/2026\/06\/Preparacio-catalogacio07-2048x1536.jpg 2048w\" sizes=\"auto, (max-width: 767px) 89vw, (max-width: 1000px) 54vw, (max-width: 1071px) 543px, 580px\" \/><\/figure>\n\n\n\n<figure class=\"wp-block-image size-large\"><img loading=\"lazy\" decoding=\"async\" width=\"1024\" height=\"768\" data-id=\"279\" src=\"\/torrevicens2026\/wp-content\/uploads\/2026\/06\/Preparacio-catalogacio08-1024x768.jpg\" alt=\"\" class=\"wp-image-279\" srcset=\"\/torrevicens2026\/wp-content\/uploads\/2026\/06\/Preparacio-catalogacio08-1024x768.jpg 1024w, \/torrevicens2026\/wp-content\/uploads\/2026\/06\/Preparacio-catalogacio08-300x225.jpg 300w, \/torrevicens2026\/wp-content\/uploads\/2026\/06\/Preparacio-catalogacio08-768x576.jpg 768w, \/torrevicens2026\/wp-content\/uploads\/2026\/06\/Preparacio-catalogacio08-1536x1152.jpg 1536w, \/torrevicens2026\/wp-content\/uploads\/2026\/06\/Preparacio-catalogacio08-2048x1536.jpg 2048w\" sizes=\"auto, (max-width: 767px) 89vw, (max-width: 1000px) 54vw, (max-width: 1071px) 543px, 580px\" \/><\/figure>\n\n\n\n<figure class=\"wp-block-image size-large\"><img loading=\"lazy\" decoding=\"async\" width=\"768\" height=\"1024\" data-id=\"281\" src=\"\/torrevicens2026\/wp-content\/uploads\/2026\/06\/Preparacio-catalogacio13-768x1024.jpg\" alt=\"\" class=\"wp-image-281\" srcset=\"\/torrevicens2026\/wp-content\/uploads\/2026\/06\/Preparacio-catalogacio13-768x1024.jpg 768w, \/torrevicens2026\/wp-content\/uploads\/2026\/06\/Preparacio-catalogacio13-225x300.jpg 225w, \/torrevicens2026\/wp-content\/uploads\/2026\/06\/Preparacio-catalogacio13-1152x1536.jpg 1152w, \/torrevicens2026\/wp-content\/uploads\/2026\/06\/Preparacio-catalogacio13-1536x2048.jpg 1536w, \/torrevicens2026\/wp-content\/uploads\/2026\/06\/Preparacio-catalogacio13-scaled.jpg 1920w\" sizes=\"auto, (max-width: 767px) 89vw, (max-width: 1000px) 54vw, (max-width: 1071px) 543px, 580px\" \/><\/figure>\n\n\n\n<figure class=\"wp-block-image size-large\"><img loading=\"lazy\" decoding=\"async\" width=\"768\" height=\"1024\" data-id=\"277\" src=\"\/torrevicens2026\/wp-content\/uploads\/2026\/06\/Preparacio-catalogacio14-768x1024.jpg\" alt=\"\" class=\"wp-image-277\" srcset=\"\/torrevicens2026\/wp-content\/uploads\/2026\/06\/Preparacio-catalogacio14-768x1024.jpg 768w, \/torrevicens2026\/wp-content\/uploads\/2026\/06\/Preparacio-catalogacio14-225x300.jpg 225w, \/torrevicens2026\/wp-content\/uploads\/2026\/06\/Preparacio-catalogacio14-1152x1536.jpg 1152w, \/torrevicens2026\/wp-content\/uploads\/2026\/06\/Preparacio-catalogacio14.jpg 1200w\" sizes=\"auto, (max-width: 767px) 89vw, (max-width: 1000px) 54vw, (max-width: 1071px) 543px, 580px\" \/><\/figure>\n\n\n\n<figure class=\"wp-block-image size-large\"><img loading=\"lazy\" decoding=\"async\" width=\"768\" height=\"1024\" data-id=\"276\" src=\"\/torrevicens2026\/wp-content\/uploads\/2026\/06\/Preparacio-catalogacio15-768x1024.jpg\" alt=\"\" class=\"wp-image-276\" srcset=\"\/torrevicens2026\/wp-content\/uploads\/2026\/06\/Preparacio-catalogacio15-768x1024.jpg 768w, \/torrevicens2026\/wp-content\/uploads\/2026\/06\/Preparacio-catalogacio15-225x300.jpg 225w, \/torrevicens2026\/wp-content\/uploads\/2026\/06\/Preparacio-catalogacio15-1152x1536.jpg 1152w, \/torrevicens2026\/wp-content\/uploads\/2026\/06\/Preparacio-catalogacio15.jpg 1200w\" sizes=\"auto, (max-width: 767px) 89vw, (max-width: 1000px) 54vw, (max-width: 1071px) 543px, 580px\" \/><\/figure>\n<\/figure>\n","protected":false},"excerpt":{"rendered":"<p>Aquests dies, l&#8217;aula s\u2019ha omplert d\u2019una calma especial. Despr\u00e9s de mesos d\u2019experimentaci\u00f3, transformacions, proves i descobertes, ha arribat el moment de dedicar-nos a una tasca aparentment discreta, per\u00f2 fonamental: documentar i catalogar els objectes que formaran part de la nostra exposici\u00f3 al Museu Morera. Hem comen\u00e7at observant-los amb atenci\u00f3. Alguns encara conserven rastres del seu &hellip; <\/p>\n<p class=\"link-more\"><a href=\"\/torrevicens2026\/preparant-els-protagonistes-de-lexposicio\/\" class=\"more-link\">Continua llegint <span class=\"screen-reader-text\">\u00abPreparant els protagonistes de l\u2019exposici\u00f3\u00bb<\/span><\/a><\/p>\n","protected":false},"author":4,"featured_media":0,"comment_status":"closed","ping_status":"","sticky":false,"template":"","format":"standard","meta":{"footnotes":""},"categories":[1],"tags":[],"class_list":["post-275","post","type-post","status-publish","format-standard","hentry","category-general"],"_links":{"self":[{"href":"\/torrevicens2026\/wp-json\/wp\/v2\/posts\/275","targetHints":{"allow":["GET"]}}],"collection":[{"href":"\/torrevicens2026\/wp-json\/wp\/v2\/posts"}],"about":[{"href":"\/torrevicens2026\/wp-json\/wp\/v2\/types\/post"}],"author":[{"embeddable":true,"href":"\/torrevicens2026\/wp-json\/wp\/v2\/users\/4"}],"replies":[{"embeddable":true,"href":"\/torrevicens2026\/wp-json\/wp\/v2\/comments?post=275"}],"version-history":[{"count":1,"href":"\/torrevicens2026\/wp-json\/wp\/v2\/posts\/275\/revisions"}],"predecessor-version":[{"id":284,"href":"\/torrevicens2026\/wp-json\/wp\/v2\/posts\/275\/revisions\/284"}],"wp:attachment":[{"href":"\/torrevicens2026\/wp-json\/wp\/v2\/media?parent=275"}],"wp:term":[{"taxonomy":"category","embeddable":true,"href":"\/torrevicens2026\/wp-json\/wp\/v2\/categories?post=275"},{"taxonomy":"post_tag","embeddable":true,"href":"\/torrevicens2026\/wp-json\/wp\/v2\/tags?post=275"}],"curies":[{"name":"wp","href":"https:\/\/api.w.org\/{rel}","templated":true}]}}