{"id":285,"date":"2026-06-11T15:57:56","date_gmt":"2026-06-11T13:57:56","guid":{"rendered":"\/torrevicens2026\/?p=285"},"modified":"2026-06-11T15:57:56","modified_gmt":"2026-06-11T13:57:56","slug":"donant-forma-al-relat-de-lexposicio","status":"publish","type":"post","link":"\/torrevicens2026\/donant-forma-al-relat-de-lexposicio\/","title":{"rendered":"Donant forma al relat de l\u2019exposici\u00f3"},"content":{"rendered":"\n<p class=\"wp-block-paragraph\">Quan pensem en una exposici\u00f3, sovint imaginem les peces acabades ocupant el seu lloc dins el museu. Per\u00f2 abans que arribi aquest moment, hi ha moltes decisions invisibles que tamb\u00e9 formen part de la creaci\u00f3.<\/p>\n\n\n\n<p class=\"wp-block-paragraph\">Aquests dies hem estat immersos en la preparaci\u00f3 de la sessi\u00f3 final del projecte. D\u2019una banda, hem comen\u00e7at a construir l\u2019escaleta de la presentaci\u00f3: pensar qu\u00e8 volem explicar, en quin ordre fer-ho i quines experi\u00e8ncies volem compartir amb les persones que ens acompanyaran. No es tracta nom\u00e9s de parlar del que hem fet, sin\u00f3 d\u2019explicar el cam\u00ed recorregut, les preguntes que ens han acompanyat i tot all\u00f2 que hem descobert al llarg del proc\u00e9s.<\/p>\n\n\n\n<p class=\"wp-block-paragraph\">Al mateix temps, hem continuat treballant dins l\u2019espai expositiu. Els objectes han anat trobant el seu lloc, per\u00f2 no de manera immediata. Hem mogut peces, hem provat diferents distribucions i hem observat com canviava la percepci\u00f3 del conjunt cada vegada que modific\u00e0vem algun element.<\/p>\n\n\n\n<p class=\"wp-block-paragraph\">A poc a poc hem descobert que els objectes no ocupen simplement un espai: estableixen relacions. Alguns semblen buscar-se. D\u2019altres generen contrastos o complementarietats. Entre tots construeixen una mena de conversa silenciosa que nom\u00e9s es fa visible quan els observem conjuntament.<\/p>\n\n\n\n<p class=\"wp-block-paragraph\">Aquesta feina ens ha ajudat a entendre que una exposici\u00f3 tamb\u00e9 \u00e9s una forma de narraci\u00f3. Igual que les paraules formen frases i les frases formen hist\u00f2ries, les peces formen recorreguts, connexions i significats que van m\u00e9s enll\u00e0 de cada objecte individual.<\/p>\n\n\n\n<p class=\"wp-block-paragraph\">La preparaci\u00f3 de la presentaci\u00f3 i la construcci\u00f3 de l\u2019espai expositiu estan avan\u00e7ant de manera paral\u00b7lela. D\u2019alguna manera, mentre organitzem els objectes tamb\u00e9 organitzem els records, les experi\u00e8ncies i els aprenentatges que volem compartir.<\/p>\n\n\n\n<p class=\"wp-block-paragraph\">Cada decisi\u00f3 ens apropa una mica m\u00e9s al moment final. Per\u00f2, sobretot, ens permet prendre consci\u00e8ncia de tot el que hem viscut durant aquest curs. Perqu\u00e8 l\u2019exposici\u00f3 no ser\u00e0 nom\u00e9s un conjunt de peces dins d\u2019un museu; ser\u00e0 la materialitzaci\u00f3 d\u2019un proc\u00e9s col\u00b7lectiu fet de mirades, preguntes, idees i descobertes compartides.<\/p>\n\n\n\n<p class=\"wp-block-paragraph\">I \u00e9s precisament en aquest di\u00e0leg entre objectes, espais i persones on el projecte continua prenent forma.<\/p>\n\n\n\n<figure class=\"wp-block-gallery has-nested-images columns-default is-cropped wp-block-gallery-1 is-layout-flex wp-block-gallery-is-layout-flex\">\n<figure class=\"wp-block-image size-large\"><img loading=\"lazy\" decoding=\"async\" width=\"1024\" height=\"768\" data-id=\"287\" src=\"\/torrevicens2026\/wp-content\/uploads\/2026\/06\/20260108_145111-1024x768.jpg\" alt=\"\" class=\"wp-image-287\" srcset=\"\/torrevicens2026\/wp-content\/uploads\/2026\/06\/20260108_145111-1024x768.jpg 1024w, \/torrevicens2026\/wp-content\/uploads\/2026\/06\/20260108_145111-300x225.jpg 300w, \/torrevicens2026\/wp-content\/uploads\/2026\/06\/20260108_145111-768x576.jpg 768w, \/torrevicens2026\/wp-content\/uploads\/2026\/06\/20260108_145111-1536x1152.jpg 1536w, \/torrevicens2026\/wp-content\/uploads\/2026\/06\/20260108_145111-2048x1536.jpg 2048w\" sizes=\"auto, (max-width: 767px) 89vw, (max-width: 1000px) 54vw, (max-width: 1071px) 543px, 580px\" \/><\/figure>\n\n\n\n<figure class=\"wp-block-image size-large\"><img loading=\"lazy\" decoding=\"async\" width=\"1024\" height=\"508\" data-id=\"286\" src=\"\/torrevicens2026\/wp-content\/uploads\/2026\/06\/20260108_150053-1024x508.jpg\" alt=\"\" class=\"wp-image-286\" srcset=\"\/torrevicens2026\/wp-content\/uploads\/2026\/06\/20260108_150053-1024x508.jpg 1024w, \/torrevicens2026\/wp-content\/uploads\/2026\/06\/20260108_150053-300x149.jpg 300w, \/torrevicens2026\/wp-content\/uploads\/2026\/06\/20260108_150053-768x381.jpg 768w, \/torrevicens2026\/wp-content\/uploads\/2026\/06\/20260108_150053-1536x762.jpg 1536w, \/torrevicens2026\/wp-content\/uploads\/2026\/06\/20260108_150053-2048x1016.jpg 2048w\" sizes=\"auto, (max-width: 767px) 89vw, (max-width: 1000px) 54vw, (max-width: 1071px) 543px, 580px\" \/><\/figure>\n<\/figure>\n\n\n\n<figure class=\"wp-block-gallery has-nested-images columns-default is-cropped wp-block-gallery-2 is-layout-flex wp-block-gallery-is-layout-flex\">\n<figure class=\"wp-block-image size-large\"><img loading=\"lazy\" decoding=\"async\" width=\"1024\" height=\"768\" data-id=\"288\" src=\"\/torrevicens2026\/wp-content\/uploads\/2026\/06\/IMG-20260601-WA0013_01-1024x768.jpg\" alt=\"\" class=\"wp-image-288\" srcset=\"\/torrevicens2026\/wp-content\/uploads\/2026\/06\/IMG-20260601-WA0013_01-1024x768.jpg 1024w, \/torrevicens2026\/wp-content\/uploads\/2026\/06\/IMG-20260601-WA0013_01-300x225.jpg 300w, \/torrevicens2026\/wp-content\/uploads\/2026\/06\/IMG-20260601-WA0013_01-768x576.jpg 768w, \/torrevicens2026\/wp-content\/uploads\/2026\/06\/IMG-20260601-WA0013_01-1536x1152.jpg 1536w, \/torrevicens2026\/wp-content\/uploads\/2026\/06\/IMG-20260601-WA0013_01.jpg 2048w\" sizes=\"auto, (max-width: 767px) 89vw, (max-width: 1000px) 54vw, (max-width: 1071px) 543px, 580px\" \/><\/figure>\n\n\n\n<figure class=\"wp-block-image size-large\"><img loading=\"lazy\" decoding=\"async\" width=\"1024\" height=\"768\" data-id=\"289\" src=\"\/torrevicens2026\/wp-content\/uploads\/2026\/06\/IMG-20260611-WA0003_03-1024x768.jpg\" alt=\"\" class=\"wp-image-289\" srcset=\"\/torrevicens2026\/wp-content\/uploads\/2026\/06\/IMG-20260611-WA0003_03-1024x768.jpg 1024w, \/torrevicens2026\/wp-content\/uploads\/2026\/06\/IMG-20260611-WA0003_03-300x225.jpg 300w, \/torrevicens2026\/wp-content\/uploads\/2026\/06\/IMG-20260611-WA0003_03-768x576.jpg 768w, \/torrevicens2026\/wp-content\/uploads\/2026\/06\/IMG-20260611-WA0003_03-1536x1152.jpg 1536w, \/torrevicens2026\/wp-content\/uploads\/2026\/06\/IMG-20260611-WA0003_03.jpg 2048w\" sizes=\"auto, (max-width: 767px) 89vw, (max-width: 1000px) 54vw, (max-width: 1071px) 543px, 580px\" \/><\/figure>\n\n\n\n<figure class=\"wp-block-image size-large\"><img loading=\"lazy\" decoding=\"async\" width=\"768\" height=\"1024\" data-id=\"290\" src=\"\/torrevicens2026\/wp-content\/uploads\/2026\/06\/IMG-20260611-WA0004_04-768x1024.jpg\" alt=\"\" class=\"wp-image-290\" srcset=\"\/torrevicens2026\/wp-content\/uploads\/2026\/06\/IMG-20260611-WA0004_04-768x1024.jpg 768w, \/torrevicens2026\/wp-content\/uploads\/2026\/06\/IMG-20260611-WA0004_04-225x300.jpg 225w, \/torrevicens2026\/wp-content\/uploads\/2026\/06\/IMG-20260611-WA0004_04-1152x1536.jpg 1152w, \/torrevicens2026\/wp-content\/uploads\/2026\/06\/IMG-20260611-WA0004_04.jpg 1536w\" sizes=\"auto, (max-width: 767px) 89vw, (max-width: 1000px) 54vw, (max-width: 1071px) 543px, 580px\" \/><\/figure>\n\n\n\n<figure class=\"wp-block-image size-large\"><img loading=\"lazy\" decoding=\"async\" width=\"768\" height=\"1024\" data-id=\"291\" src=\"\/torrevicens2026\/wp-content\/uploads\/2026\/06\/IMG-20260611-WA0006_02-768x1024.jpg\" alt=\"\" class=\"wp-image-291\" srcset=\"\/torrevicens2026\/wp-content\/uploads\/2026\/06\/IMG-20260611-WA0006_02-768x1024.jpg 768w, \/torrevicens2026\/wp-content\/uploads\/2026\/06\/IMG-20260611-WA0006_02-225x300.jpg 225w, \/torrevicens2026\/wp-content\/uploads\/2026\/06\/IMG-20260611-WA0006_02-1152x1536.jpg 1152w, \/torrevicens2026\/wp-content\/uploads\/2026\/06\/IMG-20260611-WA0006_02.jpg 1536w\" sizes=\"auto, (max-width: 767px) 89vw, (max-width: 1000px) 54vw, (max-width: 1071px) 543px, 580px\" \/><\/figure>\n<\/figure>\n","protected":false},"excerpt":{"rendered":"<p>Quan pensem en una exposici\u00f3, sovint imaginem les peces acabades ocupant el seu lloc dins el museu. Per\u00f2 abans que arribi aquest moment, hi ha moltes decisions invisibles que tamb\u00e9 formen part de la creaci\u00f3. Aquests dies hem estat immersos en la preparaci\u00f3 de la sessi\u00f3 final del projecte. D\u2019una banda, hem comen\u00e7at a construir &hellip; <\/p>\n<p class=\"link-more\"><a href=\"\/torrevicens2026\/donant-forma-al-relat-de-lexposicio\/\" class=\"more-link\">Continua llegint <span class=\"screen-reader-text\">\u00abDonant forma al relat de l\u2019exposici\u00f3\u00bb<\/span><\/a><\/p>\n","protected":false},"author":4,"featured_media":0,"comment_status":"closed","ping_status":"","sticky":false,"template":"","format":"standard","meta":{"footnotes":""},"categories":[1],"tags":[],"class_list":["post-285","post","type-post","status-publish","format-standard","hentry","category-general"],"_links":{"self":[{"href":"\/torrevicens2026\/wp-json\/wp\/v2\/posts\/285","targetHints":{"allow":["GET"]}}],"collection":[{"href":"\/torrevicens2026\/wp-json\/wp\/v2\/posts"}],"about":[{"href":"\/torrevicens2026\/wp-json\/wp\/v2\/types\/post"}],"author":[{"embeddable":true,"href":"\/torrevicens2026\/wp-json\/wp\/v2\/users\/4"}],"replies":[{"embeddable":true,"href":"\/torrevicens2026\/wp-json\/wp\/v2\/comments?post=285"}],"version-history":[{"count":1,"href":"\/torrevicens2026\/wp-json\/wp\/v2\/posts\/285\/revisions"}],"predecessor-version":[{"id":292,"href":"\/torrevicens2026\/wp-json\/wp\/v2\/posts\/285\/revisions\/292"}],"wp:attachment":[{"href":"\/torrevicens2026\/wp-json\/wp\/v2\/media?parent=285"}],"wp:term":[{"taxonomy":"category","embeddable":true,"href":"\/torrevicens2026\/wp-json\/wp\/v2\/categories?post=285"},{"taxonomy":"post_tag","embeddable":true,"href":"\/torrevicens2026\/wp-json\/wp\/v2\/tags?post=285"}],"curies":[{"name":"wp","href":"https:\/\/api.w.org\/{rel}","templated":true}]}}