{"id":52,"date":"2025-10-30T12:22:00","date_gmt":"2025-10-30T10:22:00","guid":{"rendered":"\/torrevicens2026\/?p=52"},"modified":"2025-10-30T12:22:00","modified_gmt":"2025-10-30T10:22:00","slug":"explorant-les-arrels-de-lart-una-visita-a-lexposicio-origen","status":"publish","type":"post","link":"\/torrevicens2026\/explorant-les-arrels-de-lart-una-visita-a-lexposicio-origen\/","title":{"rendered":"Explorant les arrels de l&#8217;art: una visita a l&#8217;exposici\u00f3 \u00abOrigen\u00bb"},"content":{"rendered":"\n<p class=\"wp-block-paragraph\"><strong>Una Experi\u00e8ncia Inoblidable a l\u2019Exposici\u00f3 \u00abOr\u00edgens\u00bb del Museu de Lleida<\/strong><\/p>\n\n\n\n<p class=\"wp-block-paragraph\">El dijous 2 d\u2019octubre, els alumnes de 3r d\u2019ESO de l\u2019Institut Torre Vicens van gaudir d\u2019una visita a l\u2019exposici\u00f3 <em>Or\u00edgens<\/em> al Museu de Lleida, una proposta cultural fascinant que fusiona el passat hist\u00f2ric amb l\u2019art contemporani, gr\u00e0cies a la col\u00b7laboraci\u00f3 amb la Fundaci\u00f3 Sorigu\u00e9. Aquesta exposici\u00f3 crea un di\u00e0leg entre peces antigues i obres modernes, convidant els visitants a reflexionar sobre el vincle entre la nostra hist\u00f2ria i el m\u00f3n actual.<\/p>\n\n\n\n<p class=\"wp-block-paragraph\"><strong>Un viatge entre el passat i el present<\/strong><\/p>\n\n\n\n<p class=\"wp-block-paragraph\"><em>Or\u00edgens<\/em> no \u00e9s nom\u00e9s una exposici\u00f3 de quadres i escultures; \u00e9s una immersi\u00f3 profunda en les nostres arrels. Les obres, tant contempor\u00e0nies com antigues, aborden temes com el canvi clim\u00e0tic, la condici\u00f3 humana, l\u2019habitatge, les cures i l\u2019alimentaci\u00f3. Els alumnes van poder observar com aquests temes universals connecten el passat amb el present, i com l\u2019art pot ser una eina per comprendre els grans reptes de la societat actual.<\/p>\n\n\n\n<p class=\"wp-block-paragraph\"><strong>Aprenentatge viu i participatiu<\/strong><\/p>\n\n\n\n<p class=\"wp-block-paragraph\">Aquesta no va ser una visita passiva. Els alumnes van participar activament en diverses activitats interactives, com debats i treballs en grup, que els van permetre analitzar les obres i reflexionar sobre com aquestes q\u00fcestions afecten la seva pr\u00f2pia realitat. Mitjan\u00e7ant aquestes din\u00e0miques, van poder connectar els coneixements de l\u2019aula amb la vida real, fent de l\u2019aprenentatge una experi\u00e8ncia viva i emocionant.<\/p>\n\n\n\n<p class=\"wp-block-paragraph\"><strong>Una reflexi\u00f3 sobre el futur<\/strong><\/p>\n\n\n\n<p class=\"wp-block-paragraph\">Una de les grans qualitats d\u2019aquesta exposici\u00f3 va ser la seva capacitat per convidar els alumnes a pensar no nom\u00e9s en el passat, sin\u00f3 tamb\u00e9 en el futur. Qu\u00e8 hem apr\u00e8s de les generacions que ens han precedit? Com els seus desafiaments es reflecteixen en els nostres? Aquestes preguntes van quedar flotant a l\u2019aire mentre els alumnes reflexionaven sobre el seu paper en un m\u00f3n en constant canvi.<\/p>\n\n\n\n<p class=\"wp-block-paragraph\"><strong>Un record durador<\/strong><\/p>\n\n\n\n<p class=\"wp-block-paragraph\">M\u00e9s enll\u00e0 de l\u2019aprenentatge acad\u00e8mic, aquesta sortida va ser una oportunitat perqu\u00e8 els alumnes connectessin amb la seva pr\u00f2pia identitat i responsabilitat social. Cada pe\u00e7a d&#8217;art va actuar com un recordatori de com la hist\u00f2ria, lluny de ser una s\u00e8rie de fets passats, \u00e9s un cont\u00ednuum que influ\u00e8ncia el present i projecta el futur.<\/p>\n\n\n\n<p class=\"wp-block-paragraph\">Aquesta visita a <em>Or\u00edgens<\/em> va ser una experi\u00e8ncia inoblidable per als alumnes, que no nom\u00e9s van aprendre sobre hist\u00f2ria i art, sin\u00f3 tamb\u00e9 sobre el m\u00f3n en qu\u00e8 vivim i com podem contribuir a millorar-lo. Amb l&#8217;aprenentatge actiu com a motor del projecte \u00abEn Resid\u00e8ncia\u00bb, aquesta sortida va aconseguir connectar els estudiants amb el seu entorn d&#8217;una manera profunda i significativa.<\/p>\n\n\n\n<p class=\"wp-block-paragraph\"><strong>Fins a la pr\u00f2xima aventura educativa!<\/strong><\/p>\n\n\n\n<p class=\"wp-block-paragraph\">Des de l\u2019Institut Torre Vicens, estem compromesos amb el creixement personal i acad\u00e8mic dels nostres alumnes, i activitats com aquesta s\u00f3n les que ajuden al fet que l\u2019aprenentatge sigui una aut\u00e8ntica aventura. Ens esperen m\u00e9s experi\u00e8ncies com aquesta, que sens dubte marcaran la seva visi\u00f3 del m\u00f3n.<\/p>\n\n\n\n<figure class=\"wp-block-gallery has-nested-images columns-default is-cropped wp-block-gallery-1 is-layout-flex wp-block-gallery-is-layout-flex\">\n<figure class=\"wp-block-image size-large\"><img loading=\"lazy\" decoding=\"async\" width=\"768\" height=\"1024\" data-id=\"54\" src=\"\/torrevicens2026\/wp-content\/uploads\/2025\/10\/Foto-sortida-lleida-06_red-768x1024.jpg\" alt=\"\" class=\"wp-image-54\" srcset=\"\/torrevicens2026\/wp-content\/uploads\/2025\/10\/Foto-sortida-lleida-06_red-768x1024.jpg 768w, \/torrevicens2026\/wp-content\/uploads\/2025\/10\/Foto-sortida-lleida-06_red-225x300.jpg 225w, \/torrevicens2026\/wp-content\/uploads\/2025\/10\/Foto-sortida-lleida-06_red-1152x1536.jpg 1152w, \/torrevicens2026\/wp-content\/uploads\/2025\/10\/Foto-sortida-lleida-06_red-rotated.jpg 1512w\" sizes=\"auto, (max-width: 767px) 89vw, (max-width: 1000px) 54vw, (max-width: 1071px) 543px, 580px\" \/><\/figure>\n\n\n\n<figure class=\"wp-block-image size-large\"><img loading=\"lazy\" decoding=\"async\" width=\"1024\" height=\"768\" data-id=\"55\" src=\"\/torrevicens2026\/wp-content\/uploads\/2025\/10\/Foto-sortida-lleida-07-1024x768.jpg\" alt=\"\" class=\"wp-image-55\" srcset=\"\/torrevicens2026\/wp-content\/uploads\/2025\/10\/Foto-sortida-lleida-07-1024x768.jpg 1024w, \/torrevicens2026\/wp-content\/uploads\/2025\/10\/Foto-sortida-lleida-07-300x225.jpg 300w, \/torrevicens2026\/wp-content\/uploads\/2025\/10\/Foto-sortida-lleida-07-768x576.jpg 768w, \/torrevicens2026\/wp-content\/uploads\/2025\/10\/Foto-sortida-lleida-07-1536x1152.jpg 1536w, \/torrevicens2026\/wp-content\/uploads\/2025\/10\/Foto-sortida-lleida-07-2048x1536.jpg 2048w\" sizes=\"auto, (max-width: 767px) 89vw, (max-width: 1000px) 54vw, (max-width: 1071px) 543px, 580px\" \/><\/figure>\n\n\n\n<figure class=\"wp-block-image size-large\"><img loading=\"lazy\" decoding=\"async\" width=\"1024\" height=\"768\" data-id=\"56\" src=\"\/torrevicens2026\/wp-content\/uploads\/2025\/10\/Foto-sortida-lleida-05-1024x768.jpg\" alt=\"\" class=\"wp-image-56\" srcset=\"\/torrevicens2026\/wp-content\/uploads\/2025\/10\/Foto-sortida-lleida-05-1024x768.jpg 1024w, \/torrevicens2026\/wp-content\/uploads\/2025\/10\/Foto-sortida-lleida-05-300x225.jpg 300w, \/torrevicens2026\/wp-content\/uploads\/2025\/10\/Foto-sortida-lleida-05-768x576.jpg 768w, \/torrevicens2026\/wp-content\/uploads\/2025\/10\/Foto-sortida-lleida-05-1536x1152.jpg 1536w, \/torrevicens2026\/wp-content\/uploads\/2025\/10\/Foto-sortida-lleida-05-2048x1536.jpg 2048w\" sizes=\"auto, (max-width: 767px) 89vw, (max-width: 1000px) 54vw, (max-width: 1071px) 543px, 580px\" \/><\/figure>\n\n\n\n<figure class=\"wp-block-image size-large\"><img loading=\"lazy\" decoding=\"async\" width=\"768\" height=\"1024\" data-id=\"57\" src=\"\/torrevicens2026\/wp-content\/uploads\/2025\/10\/Foto-sortida-lleida-04-768x1024.jpg\" alt=\"\" class=\"wp-image-57\" srcset=\"\/torrevicens2026\/wp-content\/uploads\/2025\/10\/Foto-sortida-lleida-04-768x1024.jpg 768w, \/torrevicens2026\/wp-content\/uploads\/2025\/10\/Foto-sortida-lleida-04-225x300.jpg 225w, \/torrevicens2026\/wp-content\/uploads\/2025\/10\/Foto-sortida-lleida-04-1152x1536.jpg 1152w, \/torrevicens2026\/wp-content\/uploads\/2025\/10\/Foto-sortida-lleida-04-1536x2048.jpg 1536w, \/torrevicens2026\/wp-content\/uploads\/2025\/10\/Foto-sortida-lleida-04-scaled.jpg 1920w\" sizes=\"auto, (max-width: 767px) 89vw, (max-width: 1000px) 54vw, (max-width: 1071px) 543px, 580px\" \/><\/figure>\n\n\n\n<figure class=\"wp-block-image size-large\"><img loading=\"lazy\" decoding=\"async\" width=\"1024\" height=\"768\" data-id=\"58\" src=\"\/torrevicens2026\/wp-content\/uploads\/2025\/10\/Foto-sortida-lleida-08-1024x768.jpg\" alt=\"\" class=\"wp-image-58\" srcset=\"\/torrevicens2026\/wp-content\/uploads\/2025\/10\/Foto-sortida-lleida-08-1024x768.jpg 1024w, \/torrevicens2026\/wp-content\/uploads\/2025\/10\/Foto-sortida-lleida-08-300x225.jpg 300w, \/torrevicens2026\/wp-content\/uploads\/2025\/10\/Foto-sortida-lleida-08-768x576.jpg 768w, \/torrevicens2026\/wp-content\/uploads\/2025\/10\/Foto-sortida-lleida-08-1536x1152.jpg 1536w, \/torrevicens2026\/wp-content\/uploads\/2025\/10\/Foto-sortida-lleida-08-2048x1536.jpg 2048w\" sizes=\"auto, (max-width: 767px) 89vw, (max-width: 1000px) 54vw, (max-width: 1071px) 543px, 580px\" \/><\/figure>\n<\/figure>\n","protected":false},"excerpt":{"rendered":"<p>Una Experi\u00e8ncia Inoblidable a l\u2019Exposici\u00f3 \u00abOr\u00edgens\u00bb del Museu de Lleida El dijous 2 d\u2019octubre, els alumnes de 3r d\u2019ESO de l\u2019Institut Torre Vicens van gaudir d\u2019una visita a l\u2019exposici\u00f3 Or\u00edgens al Museu de Lleida, una proposta cultural fascinant que fusiona el passat hist\u00f2ric amb l\u2019art contemporani, gr\u00e0cies a la col\u00b7laboraci\u00f3 amb la Fundaci\u00f3 Sorigu\u00e9. Aquesta &hellip; <\/p>\n<p class=\"link-more\"><a href=\"\/torrevicens2026\/explorant-les-arrels-de-lart-una-visita-a-lexposicio-origen\/\" class=\"more-link\">Continua llegint <span class=\"screen-reader-text\">\u00abExplorant les arrels de l&#8217;art: una visita a l&#8217;exposici\u00f3 \u00abOrigen\u00bb\u00bb<\/span><\/a><\/p>\n","protected":false},"author":4,"featured_media":0,"comment_status":"closed","ping_status":"","sticky":false,"template":"","format":"standard","meta":{"footnotes":""},"categories":[1],"tags":[],"class_list":["post-52","post","type-post","status-publish","format-standard","hentry","category-general"],"_links":{"self":[{"href":"\/torrevicens2026\/wp-json\/wp\/v2\/posts\/52","targetHints":{"allow":["GET"]}}],"collection":[{"href":"\/torrevicens2026\/wp-json\/wp\/v2\/posts"}],"about":[{"href":"\/torrevicens2026\/wp-json\/wp\/v2\/types\/post"}],"author":[{"embeddable":true,"href":"\/torrevicens2026\/wp-json\/wp\/v2\/users\/4"}],"replies":[{"embeddable":true,"href":"\/torrevicens2026\/wp-json\/wp\/v2\/comments?post=52"}],"version-history":[{"count":2,"href":"\/torrevicens2026\/wp-json\/wp\/v2\/posts\/52\/revisions"}],"predecessor-version":[{"id":59,"href":"\/torrevicens2026\/wp-json\/wp\/v2\/posts\/52\/revisions\/59"}],"wp:attachment":[{"href":"\/torrevicens2026\/wp-json\/wp\/v2\/media?parent=52"}],"wp:term":[{"taxonomy":"category","embeddable":true,"href":"\/torrevicens2026\/wp-json\/wp\/v2\/categories?post=52"},{"taxonomy":"post_tag","embeddable":true,"href":"\/torrevicens2026\/wp-json\/wp\/v2\/tags?post=52"}],"curies":[{"name":"wp","href":"https:\/\/api.w.org\/{rel}","templated":true}]}}