{"id":60,"date":"2025-10-30T13:09:26","date_gmt":"2025-10-30T11:09:26","guid":{"rendered":"\/torrevicens2026\/?p=60"},"modified":"2025-10-30T13:09:26","modified_gmt":"2025-10-30T11:09:26","slug":"un-primer-dia-inoblidable-amb-marta-bisbal-descobrint-la-maleta-del-leandre-cristofol-a-laula-de-3r-deso","status":"publish","type":"post","link":"\/torrevicens2026\/un-primer-dia-inoblidable-amb-marta-bisbal-descobrint-la-maleta-del-leandre-cristofol-a-laula-de-3r-deso\/","title":{"rendered":"Un Primer Dia Inoblidable amb Marta Bisbal: Descobrint la Maleta del Leandre Crist\u00f2fol a l&#8217;Aula de 3r d&#8217;ESO"},"content":{"rendered":"\n<p class=\"wp-block-paragraph\">El projecte <em>En Resid\u00e8ncia<\/em> va comen\u00e7ar amb una gran expectaci\u00f3 i emoci\u00f3 quan la Marta Bisbal va aterrar a l\u2019aula de 3r d\u2019ESO per compartir amb els alumnes un m\u00f3n ple de significats, hist\u00f2ries i objectes carregats de valor. Aquell primer dia no nom\u00e9s es va obrir una maleta f\u00edsica, sin\u00f3 tamb\u00e9 una porta a un univers de reflexions i descobriments que van captivar els estudiants des del primer moment.<\/p>\n\n\n\n<p class=\"wp-block-paragraph\"><strong>La maleta de Leandre Crist\u00f2fol: una eina de connexi\u00f3<\/strong><\/p>\n\n\n\n<p class=\"wp-block-paragraph\">La Marta va entrar a l\u2019aula com un paquet embolicat i protegir que els mateixos alumnes van haver de desembolicar i anar descobrint el que era, una pe\u00e7a aparentment senzilla, per\u00f2 que contenia dins un m\u00f3n de viv\u00e8ncies, records i objectes simb\u00f2lics. La maleta de Leandre Crist\u00f2fol, un artista vinculat a la hist\u00f2ria de l\u2019art i la cultura de Lleida, es va convertir en el punt de partida per a una aventura de descoberta. La Marta va convidar els alumnes a obrir-la amb la mateixa curiositat amb qu\u00e8 s\u2019obren les p\u00e0gines d\u2019un llibre antic, i aix\u00ed va comen\u00e7ar una sessi\u00f3 \u00fanica.<\/p>\n\n\n\n<p class=\"wp-block-paragraph\">Els objectes que es trobaven dins la maleta eren molt m\u00e9s que simples peces materials; eren testimonis d\u2019hist\u00f2ries, records i idees. Cada objecte era com una clau que obria un rac\u00f3 del passat i de l\u2019imaginari. Amb cada element, els alumnes van poder entendre com l&#8217;artista i el seu context social es reflectien en aquests objectes, com cada pe\u00e7a era una part d\u2019una hist\u00f2ria m\u00e9s gran.<\/p>\n\n\n\n<p class=\"wp-block-paragraph\"><strong>Un viatge al passat amb els objectes com a protagonistes<\/strong><\/p>\n\n\n\n<p class=\"wp-block-paragraph\">Una de les coses m\u00e9s fascinants va ser la manera com la Marta va convidar els alumnes a veure aquests objectes des d\u2019una nova perspectiva. No es tractava nom\u00e9s de saber qu\u00e8 eren, sin\u00f3 de comprendre qu\u00e8 representaven. Per exemple, algun objecte com un rellotge de butxaca antic, que actualment est\u00e0 amb des\u00fas va traslladar els estudiants a \u00e8poques passades, permetent-los imaginar com es vivia en aquell moment. Uns objectes quotidians de l&#8217;\u00e8poca, van ajudar a recrear el m\u00f3n de Leandre Crist\u00f2fol, des de les seves arrels fins als seus somnis art\u00edstics.<\/p>\n\n\n\n<p class=\"wp-block-paragraph\"><strong>Reflexi\u00f3 i connexi\u00f3 a trav\u00e9s de l&#8217;art<\/strong><\/p>\n\n\n\n<p class=\"wp-block-paragraph\">A mesura que es desgranaven els objectes, els alumnes comen\u00e7aven a entendre la connexi\u00f3 entre l&#8217;artista i els seus objectes. Cada pe\u00e7a tenia un significat profund que anava m\u00e9s enll\u00e0 del simple objecte f\u00edsic. L\u2019artista havia creat, guardat i preservat aquests objectes per tal de narrar la seva pr\u00f2pia hist\u00f2ria, les seves inquietuds, i les seves passes a trav\u00e9s del temps.<\/p>\n\n\n\n<p class=\"wp-block-paragraph\">Aquest primer dia va ser molt m\u00e9s que una presentaci\u00f3 d\u2019objectes; va ser un espai per a l\u2019expressi\u00f3 personal i la creativitat. Els alumnes van comen\u00e7ar a reflexionar sobre els seus propis objectes i el significat que aquests tenen en les seves vides. La Marta va aconseguir despertar en ells la curiositat per saber qu\u00e8 hi ha darrere de cada objecte, cada hist\u00f2ria, cada pe\u00e7a d\u2019art.<\/p>\n\n\n\n<p class=\"wp-block-paragraph\"><strong>Un dia que deixar\u00e0 empremta<\/strong><\/p>\n\n\n\n<p class=\"wp-block-paragraph\">La maleta de Leandre Crist\u00f2fol va obrir la porta a un m\u00f3n de reflexi\u00f3, descobriment i creativitat, i va marcar el comen\u00e7ament d\u2019un viatge que els alumnes de 3r d\u2019ESO no oblidaran. Aquell primer dia amb Marta Bisbal va ser el primer pas d\u2019una experi\u00e8ncia educativa que els permetr\u00e0 explorar l\u2019art i la hist\u00f2ria a trav\u00e9s de les seves pr\u00f2pies viv\u00e8ncies i creacions.<\/p>\n\n\n\n<p class=\"wp-block-paragraph\">Amb la maleta com a testimoni, els alumnes han apr\u00e8s a veure els objectes de manera diferent, a comprendre que, m\u00e9s enll\u00e0 del seu aspecte extern, porten amb ells un univers d\u2019hist\u00f2ries, emocions i significats. Sens dubte, aquest primer dia va ser nom\u00e9s l\u2019inici d\u2019una gran aventura educativa que seguir\u00e0 deixant rastre en el seu aprenentatge i les seves vides.<\/p>\n\n\n\n<p class=\"wp-block-paragraph\">Estem emocionats de seguir veient com es desplega aquest projecte i de seguir compartint les seves viv\u00e8ncies a l\u2019aula!<\/p>\n\n\n\n<figure class=\"wp-block-gallery has-nested-images columns-default is-cropped wp-block-gallery-1 is-layout-flex wp-block-gallery-is-layout-flex\">\n<figure class=\"wp-block-image size-large\"><img loading=\"lazy\" decoding=\"async\" width=\"1024\" height=\"768\" data-id=\"65\" src=\"\/torrevicens2026\/wp-content\/uploads\/2025\/10\/1r-dia-Marta-amb-Cristofol-01-1024x768.jpg\" alt=\"\" class=\"wp-image-65\" srcset=\"\/torrevicens2026\/wp-content\/uploads\/2025\/10\/1r-dia-Marta-amb-Cristofol-01-1024x768.jpg 1024w, \/torrevicens2026\/wp-content\/uploads\/2025\/10\/1r-dia-Marta-amb-Cristofol-01-300x225.jpg 300w, \/torrevicens2026\/wp-content\/uploads\/2025\/10\/1r-dia-Marta-amb-Cristofol-01-768x576.jpg 768w, \/torrevicens2026\/wp-content\/uploads\/2025\/10\/1r-dia-Marta-amb-Cristofol-01-1536x1152.jpg 1536w, \/torrevicens2026\/wp-content\/uploads\/2025\/10\/1r-dia-Marta-amb-Cristofol-01.jpg 2048w\" sizes=\"auto, (max-width: 767px) 89vw, (max-width: 1000px) 54vw, (max-width: 1071px) 543px, 580px\" \/><\/figure>\n\n\n\n<figure class=\"wp-block-image size-large\"><img loading=\"lazy\" decoding=\"async\" width=\"1024\" height=\"768\" data-id=\"66\" src=\"\/torrevicens2026\/wp-content\/uploads\/2025\/10\/1r-dia-Marta-amb-Cristofol-02-1024x768.jpg\" alt=\"\" class=\"wp-image-66\" srcset=\"\/torrevicens2026\/wp-content\/uploads\/2025\/10\/1r-dia-Marta-amb-Cristofol-02-1024x768.jpg 1024w, \/torrevicens2026\/wp-content\/uploads\/2025\/10\/1r-dia-Marta-amb-Cristofol-02-300x225.jpg 300w, \/torrevicens2026\/wp-content\/uploads\/2025\/10\/1r-dia-Marta-amb-Cristofol-02-768x576.jpg 768w, \/torrevicens2026\/wp-content\/uploads\/2025\/10\/1r-dia-Marta-amb-Cristofol-02-1536x1152.jpg 1536w, \/torrevicens2026\/wp-content\/uploads\/2025\/10\/1r-dia-Marta-amb-Cristofol-02.jpg 2048w\" sizes=\"auto, (max-width: 767px) 89vw, (max-width: 1000px) 54vw, (max-width: 1071px) 543px, 580px\" \/><\/figure>\n\n\n\n<figure class=\"wp-block-image size-large\"><img loading=\"lazy\" decoding=\"async\" width=\"768\" height=\"1024\" data-id=\"67\" src=\"\/torrevicens2026\/wp-content\/uploads\/2025\/10\/1r-dia-Marta-amb-Cristofol-03-768x1024.jpg\" alt=\"\" class=\"wp-image-67\" srcset=\"\/torrevicens2026\/wp-content\/uploads\/2025\/10\/1r-dia-Marta-amb-Cristofol-03-768x1024.jpg 768w, \/torrevicens2026\/wp-content\/uploads\/2025\/10\/1r-dia-Marta-amb-Cristofol-03-225x300.jpg 225w, \/torrevicens2026\/wp-content\/uploads\/2025\/10\/1r-dia-Marta-amb-Cristofol-03-1152x1536.jpg 1152w, \/torrevicens2026\/wp-content\/uploads\/2025\/10\/1r-dia-Marta-amb-Cristofol-03.jpg 1200w\" sizes=\"auto, (max-width: 767px) 89vw, (max-width: 1000px) 54vw, (max-width: 1071px) 543px, 580px\" \/><\/figure>\n\n\n\n<figure class=\"wp-block-image size-large\"><img loading=\"lazy\" decoding=\"async\" width=\"768\" height=\"1024\" data-id=\"68\" src=\"\/torrevicens2026\/wp-content\/uploads\/2025\/10\/1r-dia-Marta-amb-Cristofol-04-768x1024.jpg\" alt=\"\" class=\"wp-image-68\" srcset=\"\/torrevicens2026\/wp-content\/uploads\/2025\/10\/1r-dia-Marta-amb-Cristofol-04-768x1024.jpg 768w, \/torrevicens2026\/wp-content\/uploads\/2025\/10\/1r-dia-Marta-amb-Cristofol-04-225x300.jpg 225w, \/torrevicens2026\/wp-content\/uploads\/2025\/10\/1r-dia-Marta-amb-Cristofol-04-1152x1536.jpg 1152w, \/torrevicens2026\/wp-content\/uploads\/2025\/10\/1r-dia-Marta-amb-Cristofol-04.jpg 1200w\" sizes=\"auto, (max-width: 767px) 89vw, (max-width: 1000px) 54vw, (max-width: 1071px) 543px, 580px\" \/><\/figure>\n<\/figure>\n","protected":false},"excerpt":{"rendered":"<p>El projecte En Resid\u00e8ncia va comen\u00e7ar amb una gran expectaci\u00f3 i emoci\u00f3 quan la Marta Bisbal va aterrar a l\u2019aula de 3r d\u2019ESO per compartir amb els alumnes un m\u00f3n ple de significats, hist\u00f2ries i objectes carregats de valor. Aquell primer dia no nom\u00e9s es va obrir una maleta f\u00edsica, sin\u00f3 tamb\u00e9 una porta a &hellip; <\/p>\n<p class=\"link-more\"><a href=\"\/torrevicens2026\/un-primer-dia-inoblidable-amb-marta-bisbal-descobrint-la-maleta-del-leandre-cristofol-a-laula-de-3r-deso\/\" class=\"more-link\">Continua llegint <span class=\"screen-reader-text\">\u00abUn Primer Dia Inoblidable amb Marta Bisbal: Descobrint la Maleta del Leandre Crist\u00f2fol a l&#8217;Aula de 3r d&#8217;ESO\u00bb<\/span><\/a><\/p>\n","protected":false},"author":4,"featured_media":0,"comment_status":"closed","ping_status":"","sticky":false,"template":"","format":"standard","meta":{"footnotes":""},"categories":[1],"tags":[],"class_list":["post-60","post","type-post","status-publish","format-standard","hentry","category-general"],"_links":{"self":[{"href":"\/torrevicens2026\/wp-json\/wp\/v2\/posts\/60","targetHints":{"allow":["GET"]}}],"collection":[{"href":"\/torrevicens2026\/wp-json\/wp\/v2\/posts"}],"about":[{"href":"\/torrevicens2026\/wp-json\/wp\/v2\/types\/post"}],"author":[{"embeddable":true,"href":"\/torrevicens2026\/wp-json\/wp\/v2\/users\/4"}],"replies":[{"embeddable":true,"href":"\/torrevicens2026\/wp-json\/wp\/v2\/comments?post=60"}],"version-history":[{"count":5,"href":"\/torrevicens2026\/wp-json\/wp\/v2\/posts\/60\/revisions"}],"predecessor-version":[{"id":69,"href":"\/torrevicens2026\/wp-json\/wp\/v2\/posts\/60\/revisions\/69"}],"wp:attachment":[{"href":"\/torrevicens2026\/wp-json\/wp\/v2\/media?parent=60"}],"wp:term":[{"taxonomy":"category","embeddable":true,"href":"\/torrevicens2026\/wp-json\/wp\/v2\/categories?post=60"},{"taxonomy":"post_tag","embeddable":true,"href":"\/torrevicens2026\/wp-json\/wp\/v2\/tags?post=60"}],"curies":[{"name":"wp","href":"https:\/\/api.w.org\/{rel}","templated":true}]}}