{"id":71,"date":"2025-11-20T18:31:50","date_gmt":"2025-11-20T16:31:50","guid":{"rendered":"\/torrevicens2026\/?p=71"},"modified":"2025-11-20T18:34:56","modified_gmt":"2025-11-20T16:34:56","slug":"sortida-al-museu-morera-descobrint-leandre-cristofol-amb-3r-deso","status":"publish","type":"post","link":"\/torrevicens2026\/sortida-al-museu-morera-descobrint-leandre-cristofol-amb-3r-deso\/","title":{"rendered":"Sortida al Museu Morera: Descobrint Leandre Crist\u00f2fol amb 3r d\u2019ESO"},"content":{"rendered":"\n<h3 class=\"wp-block-heading\">Alumnes que treballen el projecte En Resid\u00e8ncia.<\/h3>\n\n\n\n<p class=\"wp-block-paragraph\">El dia 13 de novembre, els alumnes de 3r d\u2019ESO van viure una experi\u00e8ncia art\u00edstica molt especial en la visita al Museu Morera de Lleida dins del projecte <strong>En Resid\u00e8ncia<\/strong>. Durant la sortida, l\u2019alumnat va tenir l\u2019oportunitat d\u2019endinsar-se en el m\u00f3n creatiu de <strong>Leandre Crist\u00f2fol<\/strong>, un dels artistes m\u00e9s destacats de l\u2019avantguarda catalana.<\/p>\n\n\n\n<p class=\"wp-block-paragraph\">Des del primer moment, els nostres estudiants es van mostrar curiosos i participatius. Van observar de prop les seves escultures, van descobrir les formes, volums i materials que caracteritzen la seva obra, i van poder reflexionar sobre com l\u2019art pot transformar objectes quotidians en peces plenes de significat. L\u2019equip educatiu del museu va guiar l\u2019activitat amb proximitat i passi\u00f3, ajudant els nois i noies a mirar amb ulls m\u00e9s atents, a fer-se preguntes i a connectar l\u2019art amb la mateixa creativitat.<\/p>\n\n\n\n<p class=\"wp-block-paragraph\">Aix\u00f2 ha estat un pas m\u00e9s d\u2019un projecte que s&#8217;ha iniciat a l&#8217;aula amb la maleta del Leandre Crist\u00f2fol i que continuar\u00e0 a l\u2019aula amb noves activitats experimentals, tallers i moments per crear, imaginar i descobrir. El projecte <strong>En Resid\u00e8ncia<\/strong> ens permet apropar l\u2019art contemporani a l\u2019alumnat d\u2019una manera real, viva i inspiradora.<\/p>\n\n\n\n<p class=\"wp-block-paragraph\">Tornem del Museu Morera amb moltes idees, emocions i ganes de continuar creant. Una experi\u00e8ncia enriquidora que ens confirma, un cop m\u00e9s, que l\u2019art \u00e9s una porta oberta a mirar el m\u00f3n d\u2019una manera diferent.<\/p>\n\n\n\n<figure class=\"wp-block-gallery has-nested-images columns-default is-cropped wp-block-gallery-1 is-layout-flex wp-block-gallery-is-layout-flex\">\n<figure class=\"wp-block-image size-large\"><img loading=\"lazy\" decoding=\"async\" width=\"1024\" height=\"768\" data-id=\"76\" src=\"\/torrevicens2026\/wp-content\/uploads\/2025\/11\/imatge04-1024x768.jpg\" alt=\"\" class=\"wp-image-76\" srcset=\"\/torrevicens2026\/wp-content\/uploads\/2025\/11\/imatge04-1024x768.jpg 1024w, \/torrevicens2026\/wp-content\/uploads\/2025\/11\/imatge04-300x225.jpg 300w, \/torrevicens2026\/wp-content\/uploads\/2025\/11\/imatge04-768x576.jpg 768w, \/torrevicens2026\/wp-content\/uploads\/2025\/11\/imatge04-1536x1152.jpg 1536w, \/torrevicens2026\/wp-content\/uploads\/2025\/11\/imatge04-2048x1536.jpg 2048w\" sizes=\"auto, (max-width: 767px) 89vw, (max-width: 1000px) 54vw, (max-width: 1071px) 543px, 580px\" \/><\/figure>\n\n\n\n<figure class=\"wp-block-image size-large\"><img loading=\"lazy\" decoding=\"async\" width=\"768\" height=\"1024\" data-id=\"73\" src=\"\/torrevicens2026\/wp-content\/uploads\/2025\/11\/imatge05-768x1024.jpg\" alt=\"\" class=\"wp-image-73\" srcset=\"\/torrevicens2026\/wp-content\/uploads\/2025\/11\/imatge05-768x1024.jpg 768w, \/torrevicens2026\/wp-content\/uploads\/2025\/11\/imatge05-225x300.jpg 225w, \/torrevicens2026\/wp-content\/uploads\/2025\/11\/imatge05-1152x1536.jpg 1152w, \/torrevicens2026\/wp-content\/uploads\/2025\/11\/imatge05-1536x2048.jpg 1536w, \/torrevicens2026\/wp-content\/uploads\/2025\/11\/imatge05-scaled.jpg 1920w\" sizes=\"auto, (max-width: 767px) 89vw, (max-width: 1000px) 54vw, (max-width: 1071px) 543px, 580px\" \/><\/figure>\n\n\n\n<figure class=\"wp-block-image size-large\"><img loading=\"lazy\" decoding=\"async\" width=\"1024\" height=\"800\" data-id=\"72\" src=\"\/torrevicens2026\/wp-content\/uploads\/2025\/11\/imatge08-1024x800.jpg\" alt=\"\" class=\"wp-image-72\" srcset=\"\/torrevicens2026\/wp-content\/uploads\/2025\/11\/imatge08-1024x800.jpg 1024w, \/torrevicens2026\/wp-content\/uploads\/2025\/11\/imatge08-300x234.jpg 300w, \/torrevicens2026\/wp-content\/uploads\/2025\/11\/imatge08-768x600.jpg 768w, \/torrevicens2026\/wp-content\/uploads\/2025\/11\/imatge08-1536x1201.jpg 1536w, \/torrevicens2026\/wp-content\/uploads\/2025\/11\/imatge08-2048x1601.jpg 2048w\" sizes=\"auto, (max-width: 767px) 89vw, (max-width: 1000px) 54vw, (max-width: 1071px) 543px, 580px\" \/><\/figure>\n\n\n\n<figure class=\"wp-block-image size-large\"><img loading=\"lazy\" decoding=\"async\" width=\"1024\" height=\"768\" data-id=\"74\" src=\"\/torrevicens2026\/wp-content\/uploads\/2025\/11\/imatge09-1024x768.jpg\" alt=\"\" class=\"wp-image-74\" srcset=\"\/torrevicens2026\/wp-content\/uploads\/2025\/11\/imatge09-1024x768.jpg 1024w, \/torrevicens2026\/wp-content\/uploads\/2025\/11\/imatge09-300x225.jpg 300w, \/torrevicens2026\/wp-content\/uploads\/2025\/11\/imatge09-768x576.jpg 768w, \/torrevicens2026\/wp-content\/uploads\/2025\/11\/imatge09-1536x1152.jpg 1536w, \/torrevicens2026\/wp-content\/uploads\/2025\/11\/imatge09-2048x1536.jpg 2048w\" sizes=\"auto, (max-width: 767px) 89vw, (max-width: 1000px) 54vw, (max-width: 1071px) 543px, 580px\" \/><\/figure>\n\n\n\n<figure class=\"wp-block-image size-large\"><img loading=\"lazy\" decoding=\"async\" width=\"1024\" height=\"768\" data-id=\"75\" src=\"\/torrevicens2026\/wp-content\/uploads\/2025\/11\/imatge10-1024x768.jpg\" alt=\"\" class=\"wp-image-75\" srcset=\"\/torrevicens2026\/wp-content\/uploads\/2025\/11\/imatge10-1024x768.jpg 1024w, \/torrevicens2026\/wp-content\/uploads\/2025\/11\/imatge10-300x225.jpg 300w, \/torrevicens2026\/wp-content\/uploads\/2025\/11\/imatge10-768x576.jpg 768w, \/torrevicens2026\/wp-content\/uploads\/2025\/11\/imatge10-1536x1152.jpg 1536w, \/torrevicens2026\/wp-content\/uploads\/2025\/11\/imatge10-2048x1536.jpg 2048w\" sizes=\"auto, (max-width: 767px) 89vw, (max-width: 1000px) 54vw, (max-width: 1071px) 543px, 580px\" \/><\/figure>\n<\/figure>\n","protected":false},"excerpt":{"rendered":"<p>Alumnes que treballen el projecte En Resid\u00e8ncia. El dia 13 de novembre, els alumnes de 3r d\u2019ESO van viure una experi\u00e8ncia art\u00edstica molt especial en la visita al Museu Morera de Lleida dins del projecte En Resid\u00e8ncia. Durant la sortida, l\u2019alumnat va tenir l\u2019oportunitat d\u2019endinsar-se en el m\u00f3n creatiu de Leandre Crist\u00f2fol, un dels artistes &hellip; <\/p>\n<p class=\"link-more\"><a href=\"\/torrevicens2026\/sortida-al-museu-morera-descobrint-leandre-cristofol-amb-3r-deso\/\" class=\"more-link\">Continua llegint <span class=\"screen-reader-text\">\u00abSortida al Museu Morera: Descobrint Leandre Crist\u00f2fol amb 3r d\u2019ESO\u00bb<\/span><\/a><\/p>\n","protected":false},"author":4,"featured_media":0,"comment_status":"closed","ping_status":"","sticky":false,"template":"","format":"standard","meta":{"footnotes":""},"categories":[1],"tags":[],"class_list":["post-71","post","type-post","status-publish","format-standard","hentry","category-general"],"_links":{"self":[{"href":"\/torrevicens2026\/wp-json\/wp\/v2\/posts\/71","targetHints":{"allow":["GET"]}}],"collection":[{"href":"\/torrevicens2026\/wp-json\/wp\/v2\/posts"}],"about":[{"href":"\/torrevicens2026\/wp-json\/wp\/v2\/types\/post"}],"author":[{"embeddable":true,"href":"\/torrevicens2026\/wp-json\/wp\/v2\/users\/4"}],"replies":[{"embeddable":true,"href":"\/torrevicens2026\/wp-json\/wp\/v2\/comments?post=71"}],"version-history":[{"count":3,"href":"\/torrevicens2026\/wp-json\/wp\/v2\/posts\/71\/revisions"}],"predecessor-version":[{"id":79,"href":"\/torrevicens2026\/wp-json\/wp\/v2\/posts\/71\/revisions\/79"}],"wp:attachment":[{"href":"\/torrevicens2026\/wp-json\/wp\/v2\/media?parent=71"}],"wp:term":[{"taxonomy":"category","embeddable":true,"href":"\/torrevicens2026\/wp-json\/wp\/v2\/categories?post=71"},{"taxonomy":"post_tag","embeddable":true,"href":"\/torrevicens2026\/wp-json\/wp\/v2\/tags?post=71"}],"curies":[{"name":"wp","href":"https:\/\/api.w.org\/{rel}","templated":true}]}}