{"id":80,"date":"2025-11-26T14:07:08","date_gmt":"2025-11-26T12:07:08","guid":{"rendered":"\/torrevicens2026\/?p=80"},"modified":"2025-11-26T14:07:08","modified_gmt":"2025-11-26T12:07:08","slug":"el-proces-creatiu-de-lespai-comu-amb-marta-bisbal","status":"publish","type":"post","link":"\/torrevicens2026\/el-proces-creatiu-de-lespai-comu-amb-marta-bisbal\/","title":{"rendered":"El proc\u00e9s creatiu de l&#8217;espai com\u00fa amb Marta Bisbal"},"content":{"rendered":"\n<p class=\"wp-block-paragraph\"><\/p>\n\n\n\n<p class=\"wp-block-paragraph\">Dijous 20 de novembre v\u00e0rem viure una experi\u00e8ncia molt especial dins del projecte <em>En Resid\u00e8ncia<\/em>, gr\u00e0cies a la proposta de la Marta Bisbal, que ens va convidar a intervindre un espai del centre d&#8217;una manera creativa i diferent. La seva idea era transformar un espai com\u00fa a trav\u00e9s de cabdells de llana, creant una xarxa que marcava un recorregut i que, a la vegada, esdevindria una met\u00e0fora del pas, de la connexi\u00f3, de l&#8217;intercanvi entre els diferents grups de l&#8217;institut.<\/p>\n\n\n\n<p class=\"wp-block-paragraph\">Els alumnes van donar forma a aquesta proposta, tot jugant amb el material, teixint un fil de complicitat que connectava no nom\u00e9s els cabdells de llana, sin\u00f3 tamb\u00e9 les persones que passaven per l&#8217;espai. En el moment en qu\u00e8 el recorregut comen\u00e7ava a crear-se, l&#8217;espai es convertia en un lloc de trobada i de comunicaci\u00f3 no verbal. Altres grups van entrar a l&#8217;espai, veient el que es feia, i la m\u00e0gia es va produir: els cabdells no nom\u00e9s havien marcat el recorregut, sin\u00f3 que tamb\u00e9 havien generat di\u00e0legs, reflexions i, fins i tot, somriures entre qui transitaven per aquell passatge improvisat.<\/p>\n\n\n\n<p class=\"wp-block-paragraph\">No era nom\u00e9s una xarxa f\u00edsica, era una xarxa de significats, una xarxa que, en el moment que es travessava, era tamb\u00e9 un recordatori que l&#8217;art pot ser un mitj\u00e0 poder\u00f3s per connectar-nos. Els alumnes van estar part\u00edcips d&#8217;un proc\u00e9s viu, on la creaci\u00f3 es fonia amb la interacci\u00f3 real entre ells i amb la comunitat educativa. La resposta dels altres grups va ser incre\u00efble, ja que no nom\u00e9s van passar pel mig d&#8217;aquesta obra ef\u00edmera, sin\u00f3 que tamb\u00e9 van aportar la seva energia i van enriquir la proposta.<\/p>\n\n\n\n<p class=\"wp-block-paragraph\">Va ser un proc\u00e9s molt enriquidor, tant per la seva dimensi\u00f3 creativa com pel seu impacte social. No es tractava nom\u00e9s de l&#8217;art que es fa, sin\u00f3 de l&#8217;art que es viu, que es comparteix i que, com una teranyina de llana, s&#8217;est\u00e9n entre tots, obrint converses i noves possibilitats. El projecte <em>En Resid\u00e8ncia<\/em> continua transformant el centre en un espai de reflexi\u00f3, expressi\u00f3 i, sobretot, connexi\u00f3.<\/p>\n\n\n\n<p class=\"wp-block-paragraph\">Avan\u00e7ant amb cada cabdell, un pas m\u00e9s en el nostre viatge creatiu.<\/p>\n\n\n\n<figure class=\"wp-block-gallery has-nested-images columns-default is-cropped wp-block-gallery-1 is-layout-flex wp-block-gallery-is-layout-flex\">\n<figure class=\"wp-block-image size-large\"><img loading=\"lazy\" decoding=\"async\" width=\"768\" height=\"1024\" data-id=\"90\" src=\"\/torrevicens2026\/wp-content\/uploads\/2025\/11\/20251120_llana03-2-768x1024.jpg\" alt=\"\" class=\"wp-image-90\" srcset=\"\/torrevicens2026\/wp-content\/uploads\/2025\/11\/20251120_llana03-2-768x1024.jpg 768w, \/torrevicens2026\/wp-content\/uploads\/2025\/11\/20251120_llana03-2-225x300.jpg 225w, \/torrevicens2026\/wp-content\/uploads\/2025\/11\/20251120_llana03-2-1152x1536.jpg 1152w, \/torrevicens2026\/wp-content\/uploads\/2025\/11\/20251120_llana03-2-1536x2048.jpg 1536w, \/torrevicens2026\/wp-content\/uploads\/2025\/11\/20251120_llana03-2-scaled.jpg 1920w\" sizes=\"auto, (max-width: 767px) 89vw, (max-width: 1000px) 54vw, (max-width: 1071px) 543px, 580px\" \/><\/figure>\n\n\n\n<figure class=\"wp-block-image size-large\"><img loading=\"lazy\" decoding=\"async\" width=\"768\" height=\"1024\" data-id=\"98\" src=\"\/torrevicens2026\/wp-content\/uploads\/2025\/11\/20251120_llana04-768x1024.jpg\" alt=\"\" class=\"wp-image-98\" srcset=\"\/torrevicens2026\/wp-content\/uploads\/2025\/11\/20251120_llana04-768x1024.jpg 768w, \/torrevicens2026\/wp-content\/uploads\/2025\/11\/20251120_llana04-225x300.jpg 225w, \/torrevicens2026\/wp-content\/uploads\/2025\/11\/20251120_llana04-1152x1536.jpg 1152w, \/torrevicens2026\/wp-content\/uploads\/2025\/11\/20251120_llana04-1536x2048.jpg 1536w, \/torrevicens2026\/wp-content\/uploads\/2025\/11\/20251120_llana04-scaled.jpg 1920w\" sizes=\"auto, (max-width: 767px) 89vw, (max-width: 1000px) 54vw, (max-width: 1071px) 543px, 580px\" \/><\/figure>\n\n\n\n<figure class=\"wp-block-image size-large\"><img loading=\"lazy\" decoding=\"async\" width=\"768\" height=\"1024\" data-id=\"97\" src=\"\/torrevicens2026\/wp-content\/uploads\/2025\/11\/20251120_llana07-1-768x1024.jpg\" alt=\"\" class=\"wp-image-97\" srcset=\"\/torrevicens2026\/wp-content\/uploads\/2025\/11\/20251120_llana07-1-768x1024.jpg 768w, \/torrevicens2026\/wp-content\/uploads\/2025\/11\/20251120_llana07-1-225x300.jpg 225w, \/torrevicens2026\/wp-content\/uploads\/2025\/11\/20251120_llana07-1-1152x1536.jpg 1152w, \/torrevicens2026\/wp-content\/uploads\/2025\/11\/20251120_llana07-1-1536x2048.jpg 1536w, \/torrevicens2026\/wp-content\/uploads\/2025\/11\/20251120_llana07-1-scaled.jpg 1920w\" sizes=\"auto, (max-width: 767px) 89vw, (max-width: 1000px) 54vw, (max-width: 1071px) 543px, 580px\" \/><\/figure>\n\n\n\n<figure class=\"wp-block-image size-large\"><img loading=\"lazy\" decoding=\"async\" width=\"768\" height=\"1024\" data-id=\"87\" src=\"\/torrevicens2026\/wp-content\/uploads\/2025\/11\/20251120_llana09-768x1024.jpg\" alt=\"\" class=\"wp-image-87\" srcset=\"\/torrevicens2026\/wp-content\/uploads\/2025\/11\/20251120_llana09-768x1024.jpg 768w, \/torrevicens2026\/wp-content\/uploads\/2025\/11\/20251120_llana09-225x300.jpg 225w, \/torrevicens2026\/wp-content\/uploads\/2025\/11\/20251120_llana09-1152x1536.jpg 1152w, \/torrevicens2026\/wp-content\/uploads\/2025\/11\/20251120_llana09-1536x2048.jpg 1536w, \/torrevicens2026\/wp-content\/uploads\/2025\/11\/20251120_llana09-scaled.jpg 1920w\" sizes=\"auto, (max-width: 767px) 89vw, (max-width: 1000px) 54vw, (max-width: 1071px) 543px, 580px\" \/><\/figure>\n\n\n\n<figure class=\"wp-block-image size-large\"><img loading=\"lazy\" decoding=\"async\" width=\"1024\" height=\"768\" data-id=\"89\" src=\"\/torrevicens2026\/wp-content\/uploads\/2025\/11\/20251120_llana13-1024x768.jpg\" alt=\"\" class=\"wp-image-89\" srcset=\"\/torrevicens2026\/wp-content\/uploads\/2025\/11\/20251120_llana13-1024x768.jpg 1024w, \/torrevicens2026\/wp-content\/uploads\/2025\/11\/20251120_llana13-300x225.jpg 300w, \/torrevicens2026\/wp-content\/uploads\/2025\/11\/20251120_llana13-768x576.jpg 768w, \/torrevicens2026\/wp-content\/uploads\/2025\/11\/20251120_llana13-1536x1152.jpg 1536w, \/torrevicens2026\/wp-content\/uploads\/2025\/11\/20251120_llana13-2048x1536.jpg 2048w\" sizes=\"auto, (max-width: 767px) 89vw, (max-width: 1000px) 54vw, (max-width: 1071px) 543px, 580px\" \/><\/figure>\n\n\n\n<figure class=\"wp-block-image size-large\"><img loading=\"lazy\" decoding=\"async\" width=\"768\" height=\"1024\" data-id=\"91\" src=\"\/torrevicens2026\/wp-content\/uploads\/2025\/11\/20251120_llana16-768x1024.jpg\" alt=\"\" class=\"wp-image-91\" srcset=\"\/torrevicens2026\/wp-content\/uploads\/2025\/11\/20251120_llana16-768x1024.jpg 768w, \/torrevicens2026\/wp-content\/uploads\/2025\/11\/20251120_llana16-225x300.jpg 225w, \/torrevicens2026\/wp-content\/uploads\/2025\/11\/20251120_llana16-1152x1536.jpg 1152w, \/torrevicens2026\/wp-content\/uploads\/2025\/11\/20251120_llana16-1536x2048.jpg 1536w, \/torrevicens2026\/wp-content\/uploads\/2025\/11\/20251120_llana16-scaled.jpg 1920w\" sizes=\"auto, (max-width: 767px) 89vw, (max-width: 1000px) 54vw, (max-width: 1071px) 543px, 580px\" \/><\/figure>\n\n\n\n<figure class=\"wp-block-image size-large\"><img loading=\"lazy\" decoding=\"async\" width=\"1024\" height=\"768\" data-id=\"92\" src=\"\/torrevicens2026\/wp-content\/uploads\/2025\/11\/20251120_llana02-1024x768.jpg\" alt=\"\" class=\"wp-image-92\" srcset=\"\/torrevicens2026\/wp-content\/uploads\/2025\/11\/20251120_llana02-1024x768.jpg 1024w, \/torrevicens2026\/wp-content\/uploads\/2025\/11\/20251120_llana02-300x225.jpg 300w, \/torrevicens2026\/wp-content\/uploads\/2025\/11\/20251120_llana02-768x576.jpg 768w, \/torrevicens2026\/wp-content\/uploads\/2025\/11\/20251120_llana02-1536x1152.jpg 1536w, \/torrevicens2026\/wp-content\/uploads\/2025\/11\/20251120_llana02-2048x1536.jpg 2048w\" sizes=\"auto, (max-width: 767px) 89vw, (max-width: 1000px) 54vw, (max-width: 1071px) 543px, 580px\" \/><\/figure>\n\n\n\n<figure class=\"wp-block-image size-large\"><img loading=\"lazy\" decoding=\"async\" width=\"1024\" height=\"768\" data-id=\"94\" src=\"\/torrevicens2026\/wp-content\/uploads\/2025\/11\/20251120_llana01-1024x768.jpg\" alt=\"\" class=\"wp-image-94\" srcset=\"\/torrevicens2026\/wp-content\/uploads\/2025\/11\/20251120_llana01-1024x768.jpg 1024w, \/torrevicens2026\/wp-content\/uploads\/2025\/11\/20251120_llana01-300x225.jpg 300w, \/torrevicens2026\/wp-content\/uploads\/2025\/11\/20251120_llana01-768x576.jpg 768w, \/torrevicens2026\/wp-content\/uploads\/2025\/11\/20251120_llana01-1536x1152.jpg 1536w, \/torrevicens2026\/wp-content\/uploads\/2025\/11\/20251120_llana01-2048x1536.jpg 2048w\" sizes=\"auto, (max-width: 767px) 89vw, (max-width: 1000px) 54vw, (max-width: 1071px) 543px, 580px\" \/><\/figure>\n\n\n\n<figure class=\"wp-block-image size-large\"><img loading=\"lazy\" decoding=\"async\" width=\"1024\" height=\"768\" data-id=\"95\" src=\"\/torrevicens2026\/wp-content\/uploads\/2025\/11\/20251120_llana05-1024x768.jpg\" alt=\"\" class=\"wp-image-95\" srcset=\"\/torrevicens2026\/wp-content\/uploads\/2025\/11\/20251120_llana05-1024x768.jpg 1024w, \/torrevicens2026\/wp-content\/uploads\/2025\/11\/20251120_llana05-300x225.jpg 300w, \/torrevicens2026\/wp-content\/uploads\/2025\/11\/20251120_llana05-768x576.jpg 768w, \/torrevicens2026\/wp-content\/uploads\/2025\/11\/20251120_llana05-1536x1152.jpg 1536w, \/torrevicens2026\/wp-content\/uploads\/2025\/11\/20251120_llana05-2048x1536.jpg 2048w\" sizes=\"auto, (max-width: 767px) 89vw, (max-width: 1000px) 54vw, (max-width: 1071px) 543px, 580px\" \/><\/figure>\n<\/figure>\n\n\n\n<p class=\"wp-block-paragraph\"><\/p>\n","protected":false},"excerpt":{"rendered":"<p>Dijous 20 de novembre v\u00e0rem viure una experi\u00e8ncia molt especial dins del projecte En Resid\u00e8ncia, gr\u00e0cies a la proposta de la Marta Bisbal, que ens va convidar a intervindre un espai del centre d&#8217;una manera creativa i diferent. La seva idea era transformar un espai com\u00fa a trav\u00e9s de cabdells de llana, creant una xarxa &hellip; <\/p>\n<p class=\"link-more\"><a href=\"\/torrevicens2026\/el-proces-creatiu-de-lespai-comu-amb-marta-bisbal\/\" class=\"more-link\">Continua llegint <span class=\"screen-reader-text\">\u00abEl proc\u00e9s creatiu de l&#8217;espai com\u00fa amb Marta Bisbal\u00bb<\/span><\/a><\/p>\n","protected":false},"author":4,"featured_media":0,"comment_status":"closed","ping_status":"","sticky":false,"template":"","format":"standard","meta":{"footnotes":""},"categories":[1],"tags":[],"class_list":["post-80","post","type-post","status-publish","format-standard","hentry","category-general"],"_links":{"self":[{"href":"\/torrevicens2026\/wp-json\/wp\/v2\/posts\/80","targetHints":{"allow":["GET"]}}],"collection":[{"href":"\/torrevicens2026\/wp-json\/wp\/v2\/posts"}],"about":[{"href":"\/torrevicens2026\/wp-json\/wp\/v2\/types\/post"}],"author":[{"embeddable":true,"href":"\/torrevicens2026\/wp-json\/wp\/v2\/users\/4"}],"replies":[{"embeddable":true,"href":"\/torrevicens2026\/wp-json\/wp\/v2\/comments?post=80"}],"version-history":[{"count":6,"href":"\/torrevicens2026\/wp-json\/wp\/v2\/posts\/80\/revisions"}],"predecessor-version":[{"id":99,"href":"\/torrevicens2026\/wp-json\/wp\/v2\/posts\/80\/revisions\/99"}],"wp:attachment":[{"href":"\/torrevicens2026\/wp-json\/wp\/v2\/media?parent=80"}],"wp:term":[{"taxonomy":"category","embeddable":true,"href":"\/torrevicens2026\/wp-json\/wp\/v2\/categories?post=80"},{"taxonomy":"post_tag","embeddable":true,"href":"\/torrevicens2026\/wp-json\/wp\/v2\/tags?post=80"}],"curies":[{"name":"wp","href":"https:\/\/api.w.org\/{rel}","templated":true}]}}