{"id":414,"date":"2025-01-20T12:00:08","date_gmt":"2025-01-20T10:00:08","guid":{"rendered":"\/trinitatnova2025\/?p=414"},"modified":"2025-01-20T12:00:08","modified_gmt":"2025-01-20T10:00:08","slug":"reflexions-de-les-sessions-a-lexterior","status":"publish","type":"post","link":"\/trinitatnova2025\/reflexions-de-les-sessions-a-lexterior\/","title":{"rendered":"Reflexions de les sessions a l&#8217;exterior"},"content":{"rendered":"\n<figure class=\"wp-block-image size-large\"><img loading=\"lazy\" decoding=\"async\" width=\"1024\" height=\"683\" src=\"\/trinitatnova2025\/wp-content\/uploads\/2025\/01\/241128_sortida_barri_68-1-1024x683.jpg\" alt=\"\" class=\"wp-image-421\" srcset=\"\/trinitatnova2025\/wp-content\/uploads\/2025\/01\/241128_sortida_barri_68-1-1024x683.jpg 1024w, \/trinitatnova2025\/wp-content\/uploads\/2025\/01\/241128_sortida_barri_68-1-300x200.jpg 300w, \/trinitatnova2025\/wp-content\/uploads\/2025\/01\/241128_sortida_barri_68-1-768x512.jpg 768w, \/trinitatnova2025\/wp-content\/uploads\/2025\/01\/241128_sortida_barri_68-1-1536x1024.jpg 1536w\" sizes=\"auto, (max-width: 767px) 89vw, (max-width: 1000px) 54vw, (max-width: 1071px) 543px, 580px\" \/><\/figure>\n\n\n\n<p class=\"wp-block-paragraph\">En aquestes primeres sessions hem fet les sessions a diferents localitzacions de l&#8217;entorn de l&#8217;institut.<\/p>\n\n\n\n<p class=\"wp-block-paragraph\">Vam anar a la muntanya i al mirador de Trinitat Nova. Tamb\u00e9 a la casa de l&#8217;Aigua de la Trinitat Nova.<\/p>\n\n\n\n<p class=\"wp-block-paragraph\"><em>Ten\u00edem pau i tranquil\u00b7litat, est\u00e0vem nosaltres sols. No hi havia soroll, l\u2019aire no estava contaminat, era fresc. Les vistes eren agradables i ens agradaven molt.<\/em><\/p>\n\n\n\n<p class=\"wp-block-paragraph\"><em>Era perfecte i vam sentir satisfacci\u00f3. Va ser molt divertit, era massa bonic.<\/em><\/p>\n\n\n\n<figure class=\"wp-block-image size-large\"><img loading=\"lazy\" decoding=\"async\" width=\"1024\" height=\"683\" src=\"\/trinitatnova2025\/wp-content\/uploads\/2025\/01\/241128_sortida_barri_51-1024x683.jpg\" alt=\"\" class=\"wp-image-418\" srcset=\"\/trinitatnova2025\/wp-content\/uploads\/2025\/01\/241128_sortida_barri_51-1024x683.jpg 1024w, \/trinitatnova2025\/wp-content\/uploads\/2025\/01\/241128_sortida_barri_51-300x200.jpg 300w, \/trinitatnova2025\/wp-content\/uploads\/2025\/01\/241128_sortida_barri_51-768x512.jpg 768w\" sizes=\"auto, (max-width: 767px) 89vw, (max-width: 1000px) 54vw, (max-width: 1071px) 543px, 580px\" \/><\/figure>\n\n\n\n<figure class=\"wp-block-gallery has-nested-images columns-default is-cropped wp-block-gallery-1 is-layout-flex wp-block-gallery-is-layout-flex\">\n<figure class=\"wp-block-image size-large\"><img loading=\"lazy\" decoding=\"async\" width=\"1024\" height=\"683\" data-id=\"416\" src=\"\/trinitatnova2025\/wp-content\/uploads\/2025\/01\/241128_sortida_barri_25-1024x683.jpg\" alt=\"\" class=\"wp-image-416\" srcset=\"\/trinitatnova2025\/wp-content\/uploads\/2025\/01\/241128_sortida_barri_25-1024x683.jpg 1024w, \/trinitatnova2025\/wp-content\/uploads\/2025\/01\/241128_sortida_barri_25-300x200.jpg 300w, \/trinitatnova2025\/wp-content\/uploads\/2025\/01\/241128_sortida_barri_25-768x512.jpg 768w\" sizes=\"auto, (max-width: 767px) 89vw, (max-width: 1000px) 54vw, (max-width: 1071px) 543px, 580px\" \/><\/figure>\n\n\n\n<figure class=\"wp-block-image size-large\"><img loading=\"lazy\" decoding=\"async\" width=\"1024\" height=\"683\" data-id=\"415\" src=\"\/trinitatnova2025\/wp-content\/uploads\/2025\/01\/241114_sortida_barri_019-1024x683.jpg\" alt=\"\" class=\"wp-image-415\" srcset=\"\/trinitatnova2025\/wp-content\/uploads\/2025\/01\/241114_sortida_barri_019-1024x683.jpg 1024w, \/trinitatnova2025\/wp-content\/uploads\/2025\/01\/241114_sortida_barri_019-300x200.jpg 300w, \/trinitatnova2025\/wp-content\/uploads\/2025\/01\/241114_sortida_barri_019-768x512.jpg 768w, \/trinitatnova2025\/wp-content\/uploads\/2025\/01\/241114_sortida_barri_019-1536x1024.jpg 1536w\" sizes=\"auto, (max-width: 767px) 89vw, (max-width: 1000px) 54vw, (max-width: 1071px) 543px, 580px\" \/><\/figure>\n<\/figure>\n\n\n\n<p class=\"wp-block-paragraph\"><em>Ensenyar el \u00abgraffitti\u00bb va ser \u00ablindo\u00bb, em va agradar molt perqu\u00e8 m\u2019agrada molt pintar.<\/em><\/p>\n\n\n\n<p class=\"wp-block-paragraph\"><em>Ens van sortir b\u00e9 les fotos, ens agrada m\u00e9s fer fotos perqu\u00e8 els dibuixos no se\u2019ns donen b\u00e9. Sentia tranquil\u00b7litat perqu\u00e8 no penso en mates. Tens llibertat d\u2019expressi\u00f3 i aix\u00f2 et tranquil\u00b7litza. Va ser molt interactiva. La part de baix de la casa de l\u2019aigua era enorme, estava buida i hi havia molt d\u2019espai. Era un lloc tranquil on no se sentia res. Es podrien jugar a moltes coses all\u00ed dins o fer activitats.<\/em><\/p>\n\n\n\n<p class=\"wp-block-paragraph\"><\/p>\n\n\n\n<figure class=\"wp-block-image size-large\"><img loading=\"lazy\" decoding=\"async\" width=\"1024\" height=\"768\" src=\"\/trinitatnova2025\/wp-content\/uploads\/2025\/01\/P1050569-1024x768.jpg\" alt=\"\" class=\"wp-image-423\" srcset=\"\/trinitatnova2025\/wp-content\/uploads\/2025\/01\/P1050569-1024x768.jpg 1024w, \/trinitatnova2025\/wp-content\/uploads\/2025\/01\/P1050569-300x225.jpg 300w, \/trinitatnova2025\/wp-content\/uploads\/2025\/01\/P1050569-768x576.jpg 768w, \/trinitatnova2025\/wp-content\/uploads\/2025\/01\/P1050569-1536x1152.jpg 1536w, \/trinitatnova2025\/wp-content\/uploads\/2025\/01\/P1050569-2048x1536.jpg 2048w\" sizes=\"auto, (max-width: 767px) 89vw, (max-width: 1000px) 54vw, (max-width: 1071px) 543px, 580px\" \/><\/figure>\n","protected":false},"excerpt":{"rendered":"<p>En aquestes primeres sessions hem fet les sessions a diferents localitzacions de l&#8217;entorn de l&#8217;institut. Vam anar a la muntanya i al mirador de Trinitat Nova. Tamb\u00e9 a la casa de l&#8217;Aigua de la Trinitat Nova. Ten\u00edem pau i tranquil\u00b7litat, est\u00e0vem nosaltres sols. No hi havia soroll, l\u2019aire no estava contaminat, era fresc. Les vistes &hellip; <\/p>\n<p class=\"link-more\"><a href=\"\/trinitatnova2025\/reflexions-de-les-sessions-a-lexterior\/\" class=\"more-link\">Continua llegint <span class=\"screen-reader-text\">\u00abReflexions de les sessions a l&#8217;exterior\u00bb<\/span><\/a><\/p>\n","protected":false},"author":16,"featured_media":0,"comment_status":"open","ping_status":"open","sticky":false,"template":"","format":"standard","meta":{"footnotes":""},"categories":[1],"tags":[],"class_list":["post-414","post","type-post","status-publish","format-standard","hentry","category-general"],"_links":{"self":[{"href":"\/trinitatnova2025\/wp-json\/wp\/v2\/posts\/414","targetHints":{"allow":["GET"]}}],"collection":[{"href":"\/trinitatnova2025\/wp-json\/wp\/v2\/posts"}],"about":[{"href":"\/trinitatnova2025\/wp-json\/wp\/v2\/types\/post"}],"author":[{"embeddable":true,"href":"\/trinitatnova2025\/wp-json\/wp\/v2\/users\/16"}],"replies":[{"embeddable":true,"href":"\/trinitatnova2025\/wp-json\/wp\/v2\/comments?post=414"}],"version-history":[{"count":1,"href":"\/trinitatnova2025\/wp-json\/wp\/v2\/posts\/414\/revisions"}],"predecessor-version":[{"id":426,"href":"\/trinitatnova2025\/wp-json\/wp\/v2\/posts\/414\/revisions\/426"}],"wp:attachment":[{"href":"\/trinitatnova2025\/wp-json\/wp\/v2\/media?parent=414"}],"wp:term":[{"taxonomy":"category","embeddable":true,"href":"\/trinitatnova2025\/wp-json\/wp\/v2\/categories?post=414"},{"taxonomy":"post_tag","embeddable":true,"href":"\/trinitatnova2025\/wp-json\/wp\/v2\/tags?post=414"}],"curies":[{"name":"wp","href":"https:\/\/api.w.org\/{rel}","templated":true}]}}