{"id":428,"date":"2025-03-18T16:34:19","date_gmt":"2025-03-18T14:34:19","guid":{"rendered":"\/trinitatnova2025\/?p=428"},"modified":"2025-03-18T16:53:09","modified_gmt":"2025-03-18T14:53:09","slug":"preparem-la-sessio-oberta","status":"publish","type":"post","link":"\/trinitatnova2025\/preparem-la-sessio-oberta\/","title":{"rendered":"Preparem la sessi\u00f3 oberta!"},"content":{"rendered":"\n<p class=\"wp-block-paragraph\"><strong>Conversem sobre com hauria de ser la nostra sessi\u00f3 oberta:<\/strong><\/p>\n\n\n\n<p class=\"wp-block-paragraph\">-Perqu\u00e8 no fem all\u00e0 al mirador la nostra sessi\u00f3 oberta amb el professorat?<\/p>\n\n\n\n<p class=\"wp-block-paragraph\">-Ens agradaria fer la sessi\u00f3 com  la que vam fer al riu. Una meditaci\u00f3 en un lloc tranquil.<\/p>\n\n\n\n<p class=\"wp-block-paragraph\">-I a la casa de l\u2019aigua? Escoltariem els cotxes, per\u00f2 \u00e9s un lloc tranquil.<\/p>\n\n\n\n<p class=\"wp-block-paragraph\">-Potser ho hauria d&#8217;explicar una sola persona que parli clar. Pot ser Soraya o Camilo. O potser la Maryuri.<\/p>\n\n\n\n<p class=\"wp-block-paragraph\">-De cam\u00ed cap al lloc els podem explicar el que hem fet fins ara. Tamb\u00e9 podr\u00edem explicar aix\u00f2 de les traject\u00f2ries, que \u00e9s una idea que est\u00e0 agafant import\u00e0ncia.<\/p>\n\n\n\n<p class=\"wp-block-paragraph\">-Tinc una idea: i si els donem un mapa amb traject\u00f2ries i que ells les hagin de seguir cap al lloc on farem la sessi\u00f3. Nosaltres els guiarem.<\/p>\n\n\n\n<p class=\"wp-block-paragraph\"><\/p>\n\n\n\n<p class=\"wp-block-paragraph\"><strong>Ens posem a preparar-la:<\/strong><\/p>\n\n\n\n<p class=\"wp-block-paragraph\">Primer fem la ruta que volem compartir. Caminar seguint el mapa. Marquem al mapa la ruta que vam decidir seguir. Vam fer dos grups.<\/p>\n\n\n\n<p class=\"wp-block-paragraph\">El requisit que ens va marcar el Pep era que ten\u00edem 30 minuts per anar i tornar.<\/p>\n\n\n\n<p class=\"wp-block-paragraph\">Un grup va anar al Parc de l\u2019Ateneu 9 barris.<\/p>\n\n\n\n<p class=\"wp-block-paragraph\"><\/p>\n\n\n\n<p class=\"wp-block-paragraph\"><strong>Us agradaria fer una proposta semblant a la que hem fet avui?<\/strong><\/p>\n\n\n\n<p class=\"wp-block-paragraph\">Serem les mestres per un dia. Els donarem un mapa i si no pregunten, no els explicarem res.&nbsp;<\/p>\n\n\n\n<p class=\"wp-block-paragraph\">Ells llegiran el mapa i nosaltres els acompanyarem. Estarem mudes.&nbsp;<\/p>\n\n\n\n<p class=\"wp-block-paragraph\"><strong>Si s\u2019equivoquen, qu\u00e8 farem?<\/strong><\/p>\n\n\n\n<p class=\"wp-block-paragraph\">No diem res i apuntem el recorregut que fem realment.<\/p>\n\n\n\n<p class=\"wp-block-paragraph\">Al final del tot els donem el mapa que han fet i els comparem.<\/p>\n\n\n\n<p class=\"wp-block-paragraph\"><strong>Els preguntem alguna cosa? En acabar podem preguntar-los algunes coses&#8230;<\/strong><\/p>\n\n\n\n<p class=\"wp-block-paragraph\">Com ha sigut de dif\u00edcil? Us ha agradat? Ho poden escriure en un paper.<\/p>\n\n\n\n<p class=\"wp-block-paragraph\"><strong>Molt important!!! Com ens organitzem amb el menjar?<\/strong><\/p>\n\n\n\n<p class=\"wp-block-paragraph\">Fem un picnic a la muntanya. Cadasc\u00fa porta coses.<\/p>\n\n\n\n<figure class=\"wp-block-image size-large\"><img loading=\"lazy\" decoding=\"async\" width=\"1024\" height=\"768\" src=\"\/trinitatnova2025\/wp-content\/uploads\/2025\/03\/WhatsApp-Image-2025-03-18-at-15.30.07-1024x768.jpeg\" alt=\"\" class=\"wp-image-429\" srcset=\"\/trinitatnova2025\/wp-content\/uploads\/2025\/03\/WhatsApp-Image-2025-03-18-at-15.30.07-1024x768.jpeg 1024w, \/trinitatnova2025\/wp-content\/uploads\/2025\/03\/WhatsApp-Image-2025-03-18-at-15.30.07-300x225.jpeg 300w, \/trinitatnova2025\/wp-content\/uploads\/2025\/03\/WhatsApp-Image-2025-03-18-at-15.30.07-768x576.jpeg 768w, \/trinitatnova2025\/wp-content\/uploads\/2025\/03\/WhatsApp-Image-2025-03-18-at-15.30.07-1536x1152.jpeg 1536w, \/trinitatnova2025\/wp-content\/uploads\/2025\/03\/WhatsApp-Image-2025-03-18-at-15.30.07.jpeg 1600w\" sizes=\"auto, (max-width: 767px) 89vw, (max-width: 1000px) 54vw, (max-width: 1071px) 543px, 580px\" \/><\/figure>\n\n\n\n<p class=\"wp-block-paragraph\"><\/p>\n","protected":false},"excerpt":{"rendered":"<p>Conversem sobre com hauria de ser la nostra sessi\u00f3 oberta: -Perqu\u00e8 no fem all\u00e0 al mirador la nostra sessi\u00f3 oberta amb el professorat? -Ens agradaria fer la sessi\u00f3 com la que vam fer al riu. Una meditaci\u00f3 en un lloc tranquil. -I a la casa de l\u2019aigua? Escoltariem els cotxes, per\u00f2 \u00e9s un lloc tranquil. &hellip; <\/p>\n<p class=\"link-more\"><a href=\"\/trinitatnova2025\/preparem-la-sessio-oberta\/\" class=\"more-link\">Continua llegint <span class=\"screen-reader-text\">\u00abPreparem la sessi\u00f3 oberta!\u00bb<\/span><\/a><\/p>\n","protected":false},"author":13,"featured_media":0,"comment_status":"open","ping_status":"open","sticky":false,"template":"","format":"standard","meta":{"footnotes":""},"categories":[1],"tags":[],"class_list":["post-428","post","type-post","status-publish","format-standard","hentry","category-general"],"_links":{"self":[{"href":"\/trinitatnova2025\/wp-json\/wp\/v2\/posts\/428","targetHints":{"allow":["GET"]}}],"collection":[{"href":"\/trinitatnova2025\/wp-json\/wp\/v2\/posts"}],"about":[{"href":"\/trinitatnova2025\/wp-json\/wp\/v2\/types\/post"}],"author":[{"embeddable":true,"href":"\/trinitatnova2025\/wp-json\/wp\/v2\/users\/13"}],"replies":[{"embeddable":true,"href":"\/trinitatnova2025\/wp-json\/wp\/v2\/comments?post=428"}],"version-history":[{"count":3,"href":"\/trinitatnova2025\/wp-json\/wp\/v2\/posts\/428\/revisions"}],"predecessor-version":[{"id":447,"href":"\/trinitatnova2025\/wp-json\/wp\/v2\/posts\/428\/revisions\/447"}],"wp:attachment":[{"href":"\/trinitatnova2025\/wp-json\/wp\/v2\/media?parent=428"}],"wp:term":[{"taxonomy":"category","embeddable":true,"href":"\/trinitatnova2025\/wp-json\/wp\/v2\/categories?post=428"},{"taxonomy":"post_tag","embeddable":true,"href":"\/trinitatnova2025\/wp-json\/wp\/v2\/tags?post=428"}],"curies":[{"name":"wp","href":"https:\/\/api.w.org\/{rel}","templated":true}]}}