{"id":431,"date":"2025-03-18T16:45:18","date_gmt":"2025-03-18T14:45:18","guid":{"rendered":"\/trinitatnova2025\/?p=431"},"modified":"2025-03-18T16:45:18","modified_gmt":"2025-03-18T14:45:18","slug":"sessio-oberta","status":"publish","type":"post","link":"\/trinitatnova2025\/sessio-oberta\/","title":{"rendered":"Sessi\u00f3 oberta"},"content":{"rendered":"\n<figure class=\"wp-block-gallery has-nested-images columns-default is-cropped wp-block-gallery-1 is-layout-flex wp-block-gallery-is-layout-flex\">\n<figure class=\"wp-block-image size-large\"><img loading=\"lazy\" decoding=\"async\" width=\"1024\" height=\"683\" data-id=\"432\" src=\"\/trinitatnova2025\/wp-content\/uploads\/2025\/03\/2502013_SESSIO-OBERTA_03-1024x683.jpg\" alt=\"\" class=\"wp-image-432\" srcset=\"\/trinitatnova2025\/wp-content\/uploads\/2025\/03\/2502013_SESSIO-OBERTA_03-1024x683.jpg 1024w, \/trinitatnova2025\/wp-content\/uploads\/2025\/03\/2502013_SESSIO-OBERTA_03-300x200.jpg 300w, \/trinitatnova2025\/wp-content\/uploads\/2025\/03\/2502013_SESSIO-OBERTA_03-768x512.jpg 768w, \/trinitatnova2025\/wp-content\/uploads\/2025\/03\/2502013_SESSIO-OBERTA_03-1536x1024.jpg 1536w\" sizes=\"auto, (max-width: 767px) 89vw, (max-width: 1000px) 54vw, (max-width: 1071px) 543px, 580px\" \/><\/figure>\n<\/figure>\n\n\n\n<p class=\"wp-block-paragraph\"><strong>Amina i Camilo:&nbsp;<\/strong><\/p>\n\n\n\n<p class=\"wp-block-paragraph\">Bon dia,\u00a0som l\u2019Amina i en Camilo, alumnes de 3r d\u2019ESO d\u2019en Resid\u00e8ncia, optativa que fem amb en Pep Vidal, artista i cient\u00edfic que ens acompanya durant tot el curs.\u00a0<\/p>\n\n\n\n<p class=\"wp-block-paragraph\">Cada dijous realitzem l\u2019optativa de en Resid\u00e8ncia juntament amb en Pep, l\u2019Ana, l\u2019Ester i l\u2019acompamyament de l\u2019Agn\u00e9s, mediadora d\u2019A BAO A QU.<\/p>\n\n\n\n<p class=\"wp-block-paragraph\">En les sessions explorem conceptes art\u00edstics i cient\u00edfics i posem paraules a all\u00f2 que fem.<\/p>\n\n\n\n<p class=\"wp-block-paragraph\"><strong>Soraya:<\/strong><\/p>\n\n\n\n<p class=\"wp-block-paragraph\">Durants varis dies hem sortit a caminar i descobrir espais especials per a nosaltres, alguns coneguts i alguns han sigut una sorpresa per nosaltres i hem reflexionat, entre altres coses sobre quin efecte t\u00e9 en nosaltres fer classe a espais diferents.&nbsp;<\/p>\n\n\n\n<p class=\"wp-block-paragraph\">Avui us farem una din\u00e0mica&nbsp; perqu\u00e8 experimenteu el mateix que hem experimentat nosaltres.<\/p>\n\n\n\n<p class=\"wp-block-paragraph\">Presentaci\u00f3 de la din\u00e0mica<\/p>\n\n\n\n<p class=\"wp-block-paragraph\"><strong>V\u00edctor:<\/strong><\/p>\n\n\n\n<p class=\"wp-block-paragraph\">Farem 6 grups. Us demanarem de posar-vos en fila india. Us donarem un n\u00famero, i \u00e9s important que el recordeu.<\/p>\n\n\n\n<p class=\"wp-block-paragraph\"><strong>Elena:<\/strong> (diu els n\u00fameros de l\u20191 al 6&nbsp; al professorat per fer els grups)<\/p>\n\n\n\n<p class=\"wp-block-paragraph\"><strong>Luisa:&nbsp;<\/strong><\/p>\n\n\n\n<p class=\"wp-block-paragraph\">Tenim una ruta preparada. Us donarem el mapa perqu\u00e8 us guieu i un de nosaltres us acompanyar\u00e0.&nbsp; Tamb\u00e9 us donarem un cron\u00f2metre per comprovar si el temps que hem calcultat per fer la ruta es correspon a la realitat. Si necessiteu ajuda, estem aqu\u00ed.&nbsp;<\/p>\n\n\n\n<p class=\"wp-block-paragraph\"><strong>Steysi:<\/strong> ( reparteix cron\u00f2metres a cada grup)<\/p>\n\n\n\n<p class=\"wp-block-paragraph\"><strong>Johan<\/strong>:<\/p>\n\n\n\n<p class=\"wp-block-paragraph\">Hem escollit diferents rutes perqu\u00e8 experimenteu diferents sensacions<\/p>\n\n\n\n<figure class=\"wp-block-gallery has-nested-images columns-default is-cropped wp-block-gallery-2 is-layout-flex wp-block-gallery-is-layout-flex\">\n<figure class=\"wp-block-image size-large\"><img loading=\"lazy\" decoding=\"async\" width=\"1024\" height=\"683\" data-id=\"434\" src=\"\/trinitatnova2025\/wp-content\/uploads\/2025\/03\/2502013_SESSIO-OBERTA_48-1024x683.jpg\" alt=\"\" class=\"wp-image-434\" srcset=\"\/trinitatnova2025\/wp-content\/uploads\/2025\/03\/2502013_SESSIO-OBERTA_48-1024x683.jpg 1024w, \/trinitatnova2025\/wp-content\/uploads\/2025\/03\/2502013_SESSIO-OBERTA_48-300x200.jpg 300w, \/trinitatnova2025\/wp-content\/uploads\/2025\/03\/2502013_SESSIO-OBERTA_48-768x512.jpg 768w, \/trinitatnova2025\/wp-content\/uploads\/2025\/03\/2502013_SESSIO-OBERTA_48-1536x1024.jpg 1536w\" sizes=\"auto, (max-width: 767px) 89vw, (max-width: 1000px) 54vw, (max-width: 1071px) 543px, 580px\" \/><\/figure>\n\n\n\n<figure class=\"wp-block-image size-large\"><img loading=\"lazy\" decoding=\"async\" width=\"1024\" height=\"683\" data-id=\"435\" src=\"\/trinitatnova2025\/wp-content\/uploads\/2025\/03\/2502013_SESSIO-OBERTA_57-1024x683.jpg\" alt=\"\" class=\"wp-image-435\" srcset=\"\/trinitatnova2025\/wp-content\/uploads\/2025\/03\/2502013_SESSIO-OBERTA_57-1024x683.jpg 1024w, \/trinitatnova2025\/wp-content\/uploads\/2025\/03\/2502013_SESSIO-OBERTA_57-300x200.jpg 300w, \/trinitatnova2025\/wp-content\/uploads\/2025\/03\/2502013_SESSIO-OBERTA_57-768x512.jpg 768w, \/trinitatnova2025\/wp-content\/uploads\/2025\/03\/2502013_SESSIO-OBERTA_57-1536x1024.jpg 1536w\" sizes=\"auto, (max-width: 767px) 89vw, (max-width: 1000px) 54vw, (max-width: 1071px) 543px, 580px\" \/><\/figure>\n\n\n\n<figure class=\"wp-block-image size-large\"><img loading=\"lazy\" decoding=\"async\" width=\"1024\" height=\"683\" data-id=\"433\" src=\"\/trinitatnova2025\/wp-content\/uploads\/2025\/03\/2502013_SESSIO-OBERTA_47-1024x683.jpg\" alt=\"\" class=\"wp-image-433\" srcset=\"\/trinitatnova2025\/wp-content\/uploads\/2025\/03\/2502013_SESSIO-OBERTA_47-1024x683.jpg 1024w, \/trinitatnova2025\/wp-content\/uploads\/2025\/03\/2502013_SESSIO-OBERTA_47-300x200.jpg 300w, \/trinitatnova2025\/wp-content\/uploads\/2025\/03\/2502013_SESSIO-OBERTA_47-768x512.jpg 768w, \/trinitatnova2025\/wp-content\/uploads\/2025\/03\/2502013_SESSIO-OBERTA_47-1536x1024.jpg 1536w\" sizes=\"auto, (max-width: 767px) 89vw, (max-width: 1000px) 54vw, (max-width: 1071px) 543px, 580px\" \/><\/figure>\n<\/figure>\n\n\n\n<p class=\"wp-block-paragraph\"><strong>Maryuri:<\/strong>&nbsp;<\/p>\n\n\n\n<p class=\"wp-block-paragraph\">Caminar t\u2019allibera la ment i penses en coses importants <\/p>\n\n\n\n<p class=\"wp-block-paragraph\"><strong>Jeshika:&nbsp;<\/strong><\/p>\n\n\n\n<p class=\"wp-block-paragraph\">Hem decidit escriure la ruta en un mapa perque experiment\u00e8ssiu com \u00e9s seguir una traject\u00f2ria ja dissenyada, i despr\u00e9s voliem comprovat si el temps que hem trigat correspon amb la mesura de cent\u00edmetres que hav\u00edem calculat en el mapa. El temps pensat era de 20 min.&nbsp;<\/p>\n\n\n\n<p class=\"wp-block-paragraph\"><strong>Samuel:<\/strong><\/p>\n\n\n\n<p class=\"wp-block-paragraph\">A l\u2019acabar la ruta, ens tornarem a trobar aqu\u00ed perqu\u00e8 compart\u00edssiu una paraula amb la sensaci\u00f3 que hem tingut&nbsp;<\/p>\n\n\n\n<p class=\"wp-block-paragraph\"><strong>Camilo:<\/strong><\/p>\n\n\n\n<p class=\"wp-block-paragraph\">Ens agradaria saber qu\u00e8 heu sentit mentres feieu el recorregut. Nosaltres vam sentir el cos i el cap relaxat, tranquil\u2026 com us heu sentit vosaltres?&nbsp;<\/p>\n\n\n\n<figure class=\"wp-block-image size-large\"><img loading=\"lazy\" decoding=\"async\" width=\"1024\" height=\"683\" src=\"\/trinitatnova2025\/wp-content\/uploads\/2025\/03\/2502013_SESSIO-OBERTA_70-1024x683.jpg\" alt=\"\" class=\"wp-image-438\" srcset=\"\/trinitatnova2025\/wp-content\/uploads\/2025\/03\/2502013_SESSIO-OBERTA_70-1024x683.jpg 1024w, \/trinitatnova2025\/wp-content\/uploads\/2025\/03\/2502013_SESSIO-OBERTA_70-300x200.jpg 300w, \/trinitatnova2025\/wp-content\/uploads\/2025\/03\/2502013_SESSIO-OBERTA_70-768x512.jpg 768w, \/trinitatnova2025\/wp-content\/uploads\/2025\/03\/2502013_SESSIO-OBERTA_70-1536x1024.jpg 1536w\" sizes=\"auto, (max-width: 767px) 89vw, (max-width: 1000px) 54vw, (max-width: 1071px) 543px, 580px\" \/><\/figure>\n\n\n\n<p class=\"wp-block-paragraph\"><strong>Atiqa:&nbsp;<\/strong><\/p>\n\n\n\n<p class=\"wp-block-paragraph\">Esperem que aquesta sessi\u00f3 us hagi agradat. Gr\u00e0cies a tots i totes per venir.<\/p>\n\n\n\n<p class=\"wp-block-paragraph\"><\/p>\n\n\n\n<p class=\"wp-block-paragraph\">Despr\u00e9s de la gran sessi\u00f3&#8230; fem un picnic en qu\u00e8 cadasc\u00fa ha portat coses bon\u00edssimes!!!<\/p>\n\n\n\n<figure class=\"wp-block-gallery has-nested-images columns-default is-cropped wp-block-gallery-3 is-layout-flex wp-block-gallery-is-layout-flex\">\n<figure class=\"wp-block-image size-large\"><img loading=\"lazy\" decoding=\"async\" width=\"1024\" height=\"768\" data-id=\"439\" src=\"\/trinitatnova2025\/wp-content\/uploads\/2025\/03\/WhatsApp-Image-2025-03-18-at-15.42.05-1024x768.jpeg\" alt=\"\" class=\"wp-image-439\" srcset=\"\/trinitatnova2025\/wp-content\/uploads\/2025\/03\/WhatsApp-Image-2025-03-18-at-15.42.05-1024x768.jpeg 1024w, \/trinitatnova2025\/wp-content\/uploads\/2025\/03\/WhatsApp-Image-2025-03-18-at-15.42.05-300x225.jpeg 300w, \/trinitatnova2025\/wp-content\/uploads\/2025\/03\/WhatsApp-Image-2025-03-18-at-15.42.05-768x576.jpeg 768w, \/trinitatnova2025\/wp-content\/uploads\/2025\/03\/WhatsApp-Image-2025-03-18-at-15.42.05-1536x1152.jpeg 1536w, \/trinitatnova2025\/wp-content\/uploads\/2025\/03\/WhatsApp-Image-2025-03-18-at-15.42.05.jpeg 1600w\" sizes=\"auto, (max-width: 767px) 89vw, (max-width: 1000px) 54vw, (max-width: 1071px) 543px, 580px\" \/><\/figure>\n\n\n\n<figure class=\"wp-block-image size-large\"><img loading=\"lazy\" decoding=\"async\" width=\"1024\" height=\"768\" data-id=\"440\" src=\"\/trinitatnova2025\/wp-content\/uploads\/2025\/03\/WhatsApp-Image-2025-03-18-at-15.42.04-2-1024x768.jpeg\" alt=\"\" class=\"wp-image-440\" srcset=\"\/trinitatnova2025\/wp-content\/uploads\/2025\/03\/WhatsApp-Image-2025-03-18-at-15.42.04-2-1024x768.jpeg 1024w, \/trinitatnova2025\/wp-content\/uploads\/2025\/03\/WhatsApp-Image-2025-03-18-at-15.42.04-2-300x225.jpeg 300w, \/trinitatnova2025\/wp-content\/uploads\/2025\/03\/WhatsApp-Image-2025-03-18-at-15.42.04-2-768x576.jpeg 768w, \/trinitatnova2025\/wp-content\/uploads\/2025\/03\/WhatsApp-Image-2025-03-18-at-15.42.04-2-1536x1152.jpeg 1536w, \/trinitatnova2025\/wp-content\/uploads\/2025\/03\/WhatsApp-Image-2025-03-18-at-15.42.04-2.jpeg 1600w\" sizes=\"auto, (max-width: 767px) 89vw, (max-width: 1000px) 54vw, (max-width: 1071px) 543px, 580px\" \/><\/figure>\n<\/figure>\n\n\n\n<p class=\"wp-block-paragraph\"><\/p>\n","protected":false},"excerpt":{"rendered":"<p>Amina i Camilo:&nbsp; Bon dia,\u00a0som l\u2019Amina i en Camilo, alumnes de 3r d\u2019ESO d\u2019en Resid\u00e8ncia, optativa que fem amb en Pep Vidal, artista i cient\u00edfic que ens acompanya durant tot el curs.\u00a0 Cada dijous realitzem l\u2019optativa de en Resid\u00e8ncia juntament amb en Pep, l\u2019Ana, l\u2019Ester i l\u2019acompamyament de l\u2019Agn\u00e9s, mediadora d\u2019A BAO A QU. En &hellip; <\/p>\n<p class=\"link-more\"><a href=\"\/trinitatnova2025\/sessio-oberta\/\" class=\"more-link\">Continua llegint <span class=\"screen-reader-text\">\u00abSessi\u00f3 oberta\u00bb<\/span><\/a><\/p>\n","protected":false},"author":13,"featured_media":0,"comment_status":"open","ping_status":"open","sticky":false,"template":"","format":"standard","meta":{"footnotes":""},"categories":[1],"tags":[],"class_list":["post-431","post","type-post","status-publish","format-standard","hentry","category-general"],"_links":{"self":[{"href":"\/trinitatnova2025\/wp-json\/wp\/v2\/posts\/431","targetHints":{"allow":["GET"]}}],"collection":[{"href":"\/trinitatnova2025\/wp-json\/wp\/v2\/posts"}],"about":[{"href":"\/trinitatnova2025\/wp-json\/wp\/v2\/types\/post"}],"author":[{"embeddable":true,"href":"\/trinitatnova2025\/wp-json\/wp\/v2\/users\/13"}],"replies":[{"embeddable":true,"href":"\/trinitatnova2025\/wp-json\/wp\/v2\/comments?post=431"}],"version-history":[{"count":1,"href":"\/trinitatnova2025\/wp-json\/wp\/v2\/posts\/431\/revisions"}],"predecessor-version":[{"id":443,"href":"\/trinitatnova2025\/wp-json\/wp\/v2\/posts\/431\/revisions\/443"}],"wp:attachment":[{"href":"\/trinitatnova2025\/wp-json\/wp\/v2\/media?parent=431"}],"wp:term":[{"taxonomy":"category","embeddable":true,"href":"\/trinitatnova2025\/wp-json\/wp\/v2\/categories?post=431"},{"taxonomy":"post_tag","embeddable":true,"href":"\/trinitatnova2025\/wp-json\/wp\/v2\/tags?post=431"}],"curies":[{"name":"wp","href":"https:\/\/api.w.org\/{rel}","templated":true}]}}