{"id":449,"date":"2025-03-31T17:59:45","date_gmt":"2025-03-31T15:59:45","guid":{"rendered":"\/trinitatnova2025\/?p=449"},"modified":"2025-03-31T17:59:45","modified_gmt":"2025-03-31T15:59:45","slug":"explorem-el-pont-de-sarajevo","status":"publish","type":"post","link":"\/trinitatnova2025\/explorem-el-pont-de-sarajevo\/","title":{"rendered":"Explorem&#8230; El pont de Sarajevo"},"content":{"rendered":"\n<p class=\"wp-block-paragraph\">Vam veure el cel, vam veure vehicles que circulaven per la Meridiana.<\/p>\n\n\n\n<figure class=\"wp-block-image size-large\"><img loading=\"lazy\" decoding=\"async\" width=\"1024\" height=\"768\" src=\"\/trinitatnova2025\/wp-content\/uploads\/2025\/03\/5cc89eca-d64e-4d63-b944-0646455baddf-1024x768.jpg\" alt=\"\" class=\"wp-image-460\" srcset=\"\/trinitatnova2025\/wp-content\/uploads\/2025\/03\/5cc89eca-d64e-4d63-b944-0646455baddf-1024x768.jpg 1024w, \/trinitatnova2025\/wp-content\/uploads\/2025\/03\/5cc89eca-d64e-4d63-b944-0646455baddf-300x225.jpg 300w, \/trinitatnova2025\/wp-content\/uploads\/2025\/03\/5cc89eca-d64e-4d63-b944-0646455baddf-768x576.jpg 768w, \/trinitatnova2025\/wp-content\/uploads\/2025\/03\/5cc89eca-d64e-4d63-b944-0646455baddf-1536x1152.jpg 1536w, \/trinitatnova2025\/wp-content\/uploads\/2025\/03\/5cc89eca-d64e-4d63-b944-0646455baddf.jpg 2000w\" sizes=\"auto, (max-width: 767px) 89vw, (max-width: 1000px) 54vw, (max-width: 1071px) 543px, 580px\" \/><\/figure>\n\n\n\n<figure class=\"wp-block-gallery has-nested-images columns-default is-cropped wp-block-gallery-1 is-layout-flex wp-block-gallery-is-layout-flex\">\n<figure class=\"wp-block-image size-large\"><img loading=\"lazy\" decoding=\"async\" width=\"1024\" height=\"768\" data-id=\"463\" src=\"\/trinitatnova2025\/wp-content\/uploads\/2025\/03\/a8019a5d-14a6-4d93-beed-615a90ca0313-1024x768.jpg\" alt=\"\" class=\"wp-image-463\" srcset=\"\/trinitatnova2025\/wp-content\/uploads\/2025\/03\/a8019a5d-14a6-4d93-beed-615a90ca0313-1024x768.jpg 1024w, \/trinitatnova2025\/wp-content\/uploads\/2025\/03\/a8019a5d-14a6-4d93-beed-615a90ca0313-300x225.jpg 300w, \/trinitatnova2025\/wp-content\/uploads\/2025\/03\/a8019a5d-14a6-4d93-beed-615a90ca0313-768x576.jpg 768w, \/trinitatnova2025\/wp-content\/uploads\/2025\/03\/a8019a5d-14a6-4d93-beed-615a90ca0313-1536x1152.jpg 1536w, \/trinitatnova2025\/wp-content\/uploads\/2025\/03\/a8019a5d-14a6-4d93-beed-615a90ca0313.jpg 2000w\" sizes=\"auto, (max-width: 767px) 89vw, (max-width: 1000px) 54vw, (max-width: 1071px) 543px, 580px\" \/><\/figure>\n\n\n\n<figure class=\"wp-block-image size-large\"><img loading=\"lazy\" decoding=\"async\" width=\"1024\" height=\"768\" data-id=\"464\" src=\"\/trinitatnova2025\/wp-content\/uploads\/2025\/03\/b7514ba5-c2f3-45a3-8b50-5c722fe05cff-1024x768.jpg\" alt=\"\" class=\"wp-image-464\" srcset=\"\/trinitatnova2025\/wp-content\/uploads\/2025\/03\/b7514ba5-c2f3-45a3-8b50-5c722fe05cff-1024x768.jpg 1024w, \/trinitatnova2025\/wp-content\/uploads\/2025\/03\/b7514ba5-c2f3-45a3-8b50-5c722fe05cff-300x225.jpg 300w, \/trinitatnova2025\/wp-content\/uploads\/2025\/03\/b7514ba5-c2f3-45a3-8b50-5c722fe05cff-768x576.jpg 768w, \/trinitatnova2025\/wp-content\/uploads\/2025\/03\/b7514ba5-c2f3-45a3-8b50-5c722fe05cff-1536x1152.jpg 1536w, \/trinitatnova2025\/wp-content\/uploads\/2025\/03\/b7514ba5-c2f3-45a3-8b50-5c722fe05cff.jpg 2000w\" sizes=\"auto, (max-width: 767px) 89vw, (max-width: 1000px) 54vw, (max-width: 1071px) 543px, 580px\" \/><\/figure>\n<\/figure>\n\n\n\n<p class=\"wp-block-paragraph\">En pujar a l&#8217;ascensor, vam canviar la perspectiva.<\/p>\n\n\n\n<p class=\"wp-block-paragraph\">Vam veure la difer\u00e8ncia entre els n\u00favols carregats de pluja i altres que no tenien molt a dir. <\/p>\n\n\n\n<p class=\"wp-block-paragraph\">El que m\u00e9s recordo \u00e9s all\u00f2 que diu Camilo: \u00e9s all\u00e0 on el cel es dividia en dos. <\/p>\n\n\n\n<p class=\"wp-block-paragraph\">Hem tret fotos des del pont i hem buscat la foto per veure si s&#8217;assemblava a la que ens havia ensenyat Camilo des de la seva casa a Santa Coloma<\/p>\n\n\n\n<figure class=\"wp-block-gallery has-nested-images columns-default is-cropped wp-block-gallery-2 is-layout-flex wp-block-gallery-is-layout-flex\">\n<figure class=\"wp-block-image size-large\"><img loading=\"lazy\" decoding=\"async\" width=\"1024\" height=\"576\" data-id=\"450\" src=\"\/trinitatnova2025\/wp-content\/uploads\/2025\/03\/P1490347-1024x576.jpg\" alt=\"\" class=\"wp-image-450\" srcset=\"\/trinitatnova2025\/wp-content\/uploads\/2025\/03\/P1490347-1024x576.jpg 1024w, \/trinitatnova2025\/wp-content\/uploads\/2025\/03\/P1490347-300x169.jpg 300w, \/trinitatnova2025\/wp-content\/uploads\/2025\/03\/P1490347-768x432.jpg 768w, \/trinitatnova2025\/wp-content\/uploads\/2025\/03\/P1490347-1536x864.jpg 1536w, \/trinitatnova2025\/wp-content\/uploads\/2025\/03\/P1490347-2048x1152.jpg 2048w\" sizes=\"auto, (max-width: 767px) 89vw, (max-width: 1000px) 54vw, (max-width: 1071px) 543px, 580px\" \/><\/figure>\n\n\n\n<figure class=\"wp-block-image size-large\"><img loading=\"lazy\" decoding=\"async\" width=\"1024\" height=\"576\" data-id=\"451\" src=\"\/trinitatnova2025\/wp-content\/uploads\/2025\/03\/P1490341-1024x576.jpg\" alt=\"\" class=\"wp-image-451\" srcset=\"\/trinitatnova2025\/wp-content\/uploads\/2025\/03\/P1490341-1024x576.jpg 1024w, \/trinitatnova2025\/wp-content\/uploads\/2025\/03\/P1490341-300x169.jpg 300w, \/trinitatnova2025\/wp-content\/uploads\/2025\/03\/P1490341-768x432.jpg 768w, \/trinitatnova2025\/wp-content\/uploads\/2025\/03\/P1490341-1536x864.jpg 1536w, \/trinitatnova2025\/wp-content\/uploads\/2025\/03\/P1490341-2048x1152.jpg 2048w\" sizes=\"auto, (max-width: 767px) 89vw, (max-width: 1000px) 54vw, (max-width: 1071px) 543px, 580px\" \/><\/figure>\n<\/figure>\n\n\n\n<p class=\"wp-block-paragraph\">I ens comencem a plantejar com connectarem aquest mirador amb el de les Quatre Estacions<\/p>\n","protected":false},"excerpt":{"rendered":"<p>Vam veure el cel, vam veure vehicles que circulaven per la Meridiana. En pujar a l&#8217;ascensor, vam canviar la perspectiva. Vam veure la difer\u00e8ncia entre els n\u00favols carregats de pluja i altres que no tenien molt a dir. El que m\u00e9s recordo \u00e9s all\u00f2 que diu Camilo: \u00e9s all\u00e0 on el cel es dividia en &hellip; <\/p>\n<p class=\"link-more\"><a href=\"\/trinitatnova2025\/explorem-el-pont-de-sarajevo\/\" class=\"more-link\">Continua llegint <span class=\"screen-reader-text\">\u00abExplorem&#8230; El pont de Sarajevo\u00bb<\/span><\/a><\/p>\n","protected":false},"author":16,"featured_media":0,"comment_status":"open","ping_status":"open","sticky":false,"template":"","format":"standard","meta":{"footnotes":""},"categories":[1],"tags":[],"class_list":["post-449","post","type-post","status-publish","format-standard","hentry","category-general"],"_links":{"self":[{"href":"\/trinitatnova2025\/wp-json\/wp\/v2\/posts\/449","targetHints":{"allow":["GET"]}}],"collection":[{"href":"\/trinitatnova2025\/wp-json\/wp\/v2\/posts"}],"about":[{"href":"\/trinitatnova2025\/wp-json\/wp\/v2\/types\/post"}],"author":[{"embeddable":true,"href":"\/trinitatnova2025\/wp-json\/wp\/v2\/users\/16"}],"replies":[{"embeddable":true,"href":"\/trinitatnova2025\/wp-json\/wp\/v2\/comments?post=449"}],"version-history":[{"count":3,"href":"\/trinitatnova2025\/wp-json\/wp\/v2\/posts\/449\/revisions"}],"predecessor-version":[{"id":466,"href":"\/trinitatnova2025\/wp-json\/wp\/v2\/posts\/449\/revisions\/466"}],"wp:attachment":[{"href":"\/trinitatnova2025\/wp-json\/wp\/v2\/media?parent=449"}],"wp:term":[{"taxonomy":"category","embeddable":true,"href":"\/trinitatnova2025\/wp-json\/wp\/v2\/categories?post=449"},{"taxonomy":"post_tag","embeddable":true,"href":"\/trinitatnova2025\/wp-json\/wp\/v2\/tags?post=449"}],"curies":[{"name":"wp","href":"https:\/\/api.w.org\/{rel}","templated":true}]}}