{"id":468,"date":"2025-04-11T20:03:13","date_gmt":"2025-04-11T18:03:13","guid":{"rendered":"\/trinitatnova2025\/?p=468"},"modified":"2025-04-11T20:03:13","modified_gmt":"2025-04-11T18:03:13","slug":"connectar-dos-punts","status":"publish","type":"post","link":"\/trinitatnova2025\/connectar-dos-punts\/","title":{"rendered":"Connectar dos punts!"},"content":{"rendered":"\n<figure class=\"wp-block-image size-large\"><img loading=\"lazy\" decoding=\"async\" width=\"1024\" height=\"683\" src=\"\/trinitatnova2025\/wp-content\/uploads\/2025\/04\/250328_pont_mirador_056-1024x683.jpg\" alt=\"\" class=\"wp-image-475\" srcset=\"\/trinitatnova2025\/wp-content\/uploads\/2025\/04\/250328_pont_mirador_056-1024x683.jpg 1024w, \/trinitatnova2025\/wp-content\/uploads\/2025\/04\/250328_pont_mirador_056-300x200.jpg 300w, \/trinitatnova2025\/wp-content\/uploads\/2025\/04\/250328_pont_mirador_056-768x512.jpg 768w, \/trinitatnova2025\/wp-content\/uploads\/2025\/04\/250328_pont_mirador_056-1536x1024.jpg 1536w\" sizes=\"auto, (max-width: 767px) 89vw, (max-width: 1000px) 54vw, (max-width: 1071px) 543px, 580px\" \/><\/figure>\n\n\n\n<p class=\"wp-block-paragraph\">Des del mirador localitzem el pont de Sarajevo, el busc\u00e0vem molt lluny i est\u00e0 molt aprop. Tamb\u00e9 busquem les cases de totes, algunes estan darrere la muntanya o darrere d&#8217;edificis.<\/p>\n\n\n\n<p class=\"wp-block-paragraph\">A partir de la proposta de pensar maneres de connectar el Pont de Sarajevo i el mirador, fem ronda de primeres idees:<\/p>\n\n\n\n<p class=\"wp-block-paragraph\">Samu, amb el vent i un estel.<br>Jessica, amb binocles.<br>Luisa, m&#8217;agradaria tenir wakietalkies per tenir una persona a cada lloc i fer-nos senyals. Seria molt divertit. Gritar. Fer senyals movent els bra\u00e7os. Telescopi.<br>Steysi, M&#8217;agradaria parlar amb una corda i iogurts.<br>Camilo, per connectar el pont amb el mirador posaria una tirolina, per baixar.<br>Per pujar, unes cadires com un telef\u00e8ric.<br>Tamb\u00e9 un tobogan per baixar i per tornar, escales mec\u00e0niques.<br>Un planeador, ala delta, i un carro per pujar.<br>Soraya, amb un m\u00f2bil. Amb un mirall i rebotant la llum, fent &#8216;codigo morse&#8217; amb llums.<br>Victor, fer codi morse amb un xiulet i l&#8217;altre seria amb un tub enorme per parlar.<br>Maryuri ,fer un nou cami.<\/p>\n\n\n\n<p class=\"wp-block-paragraph\">Elena, amb el mirall. Telescopi.<\/p>\n\n\n\n<p class=\"wp-block-paragraph\">El Pep havia pensat fer-ho amb un cable llargu\u00edssim de fibra \u00f2ptica.<\/p>\n\n\n\n\n\n<p class=\"wp-block-paragraph\">Tamb\u00e9 aprofitem per visualitzar la idea del Camilo.<br>&#8216;Donde se parte el cielo&#8217;<br>Una ratlla recta, fer un tall, com el meridi\u00e0 de Greenwich, que passa pel pont de Sarajevo i el mirador i a l&#8217;horitz\u00f3 tamb\u00e9 es veuen dos edificis que tenen un espai entre ells com si hi pass\u00e9s una linia divis\u00f2ria&#8230;<\/p>\n\n\n\n<figure class=\"wp-block-image size-large\"><img loading=\"lazy\" decoding=\"async\" width=\"1024\" height=\"622\" src=\"\/trinitatnova2025\/wp-content\/uploads\/2025\/04\/90469BA0-56D1-46B3-BCE0-BC4973412A6B-1024x622.jpeg\" alt=\"\" class=\"wp-image-479\" srcset=\"\/trinitatnova2025\/wp-content\/uploads\/2025\/04\/90469BA0-56D1-46B3-BCE0-BC4973412A6B-1024x622.jpeg 1024w, \/trinitatnova2025\/wp-content\/uploads\/2025\/04\/90469BA0-56D1-46B3-BCE0-BC4973412A6B-300x182.jpeg 300w, \/trinitatnova2025\/wp-content\/uploads\/2025\/04\/90469BA0-56D1-46B3-BCE0-BC4973412A6B-768x466.jpeg 768w, \/trinitatnova2025\/wp-content\/uploads\/2025\/04\/90469BA0-56D1-46B3-BCE0-BC4973412A6B-1536x933.jpeg 1536w, \/trinitatnova2025\/wp-content\/uploads\/2025\/04\/90469BA0-56D1-46B3-BCE0-BC4973412A6B-2048x1244.jpeg 2048w\" sizes=\"auto, (max-width: 767px) 89vw, (max-width: 1000px) 54vw, (max-width: 1071px) 543px, 580px\" \/><\/figure>\n","protected":false},"excerpt":{"rendered":"<p>Des del mirador localitzem el pont de Sarajevo, el busc\u00e0vem molt lluny i est\u00e0 molt aprop. Tamb\u00e9 busquem les cases de totes, algunes estan darrere la muntanya o darrere d&#8217;edificis. A partir de la proposta de pensar maneres de connectar el Pont de Sarajevo i el mirador, fem ronda de primeres idees: Samu, amb el &hellip; <\/p>\n<p class=\"link-more\"><a href=\"\/trinitatnova2025\/connectar-dos-punts\/\" class=\"more-link\">Continua llegint <span class=\"screen-reader-text\">\u00abConnectar dos punts!\u00bb<\/span><\/a><\/p>\n","protected":false},"author":13,"featured_media":0,"comment_status":"open","ping_status":"open","sticky":false,"template":"","format":"standard","meta":{"footnotes":""},"categories":[1],"tags":[],"class_list":["post-468","post","type-post","status-publish","format-standard","hentry","category-general"],"_links":{"self":[{"href":"\/trinitatnova2025\/wp-json\/wp\/v2\/posts\/468","targetHints":{"allow":["GET"]}}],"collection":[{"href":"\/trinitatnova2025\/wp-json\/wp\/v2\/posts"}],"about":[{"href":"\/trinitatnova2025\/wp-json\/wp\/v2\/types\/post"}],"author":[{"embeddable":true,"href":"\/trinitatnova2025\/wp-json\/wp\/v2\/users\/13"}],"replies":[{"embeddable":true,"href":"\/trinitatnova2025\/wp-json\/wp\/v2\/comments?post=468"}],"version-history":[{"count":4,"href":"\/trinitatnova2025\/wp-json\/wp\/v2\/posts\/468\/revisions"}],"predecessor-version":[{"id":480,"href":"\/trinitatnova2025\/wp-json\/wp\/v2\/posts\/468\/revisions\/480"}],"wp:attachment":[{"href":"\/trinitatnova2025\/wp-json\/wp\/v2\/media?parent=468"}],"wp:term":[{"taxonomy":"category","embeddable":true,"href":"\/trinitatnova2025\/wp-json\/wp\/v2\/categories?post=468"},{"taxonomy":"post_tag","embeddable":true,"href":"\/trinitatnova2025\/wp-json\/wp\/v2\/tags?post=468"}],"curies":[{"name":"wp","href":"https:\/\/api.w.org\/{rel}","templated":true}]}}