{"id":471,"date":"2025-04-10T21:18:50","date_gmt":"2025-04-10T19:18:50","guid":{"rendered":"\/trinitatnova2025\/?p=471"},"modified":"2025-05-26T17:28:05","modified_gmt":"2025-05-26T15:28:05","slug":"les-nostres-cases-les-daqui-i-les-dalla","status":"publish","type":"post","link":"\/trinitatnova2025\/les-nostres-cases-les-daqui-i-les-dalla\/","title":{"rendered":"Les nostres cases, les d&#8217;aqu\u00ed i les d&#8217;all\u00e0"},"content":{"rendered":"\n<p class=\"wp-block-paragraph\"><\/p>\n\n\n\n<p class=\"wp-block-paragraph\">En Samuel comparteix imatges de la seva casa familiar a Bogot\u00e0, Col\u00f2mbia. Tamb\u00e9 hem pogut veure la pista de futbol on es passava jugant totes les tardes. Ha calculat que la dist\u00e0ncia entre la casa d&#8217;aqu\u00ed i la d&#8217;all\u00e0 \u00e9s de 8.529 Km.<\/p>\n\n\n\n<p class=\"wp-block-paragraph\">L&#8217;Isaac V\u00edctor ens parla de Cochabamba, la ciutat on hi ha la seva casa familiar, a Bol\u00edvia. Est\u00e0 a 9.582 Km en l\u00ednia recta!<\/p>\n\n\n\n<p class=\"wp-block-paragraph\">L&#8217;Amina ens mostra el carrer d&#8217;Alger (Alg\u00e8ria), Djasr Kasentina, on hi ha la seva casa. All\u00e0 hi t\u00e9 fam\u00edlia i moltes amistats. Hi ha anat moltes vegades. Davant de casa seva hi ha una mesquita, igual que davant de la seva casa d&#8217;aqu\u00ed, a pocs minuts de l&#8217;Institut. 563 Km d&#8217;aqu\u00ed a all\u00e0, d&#8217;all\u00e0 a aqu\u00ed.<\/p>\n\n\n\n<p class=\"wp-block-paragraph\">La Jeshika comparteix fotografies del seu poble, del poble dels seus avis i del lloc on els seus tiets tenen un restaurant. Est\u00e0 enmig de la natura i prop d&#8217;unes muntanyes molt altes. El poble \u00e9s Baglung, al Nepal. Un poble que est\u00e0 a m\u00e9s de 7000 metres d&#8217;altitud! I per anar-hi en l\u00ednia recta des de Barcelona s\u00f3n 7.316 Km.<\/p>\n\n\n\n<p class=\"wp-block-paragraph\">L&#8217;Atika ens parla de Paquistan i del seu poble Khuar, que est\u00e0 enmig de la natura. Veiem un pati molt gran que envolta la casa.<\/p>\n\n\n\n<p class=\"wp-block-paragraph\">La Soraya ens parla de la Venta del Sur, Opimuca, a Honduras. Pel Maps ha trobat una imatge de la casa envoltada de verd.<\/p>\n\n\n\n<p class=\"wp-block-paragraph\">En Camilo ens mostra el carrer on hi ha la casa on vivia fa dos anys, a Castilla La Nueva, a Colombia. Ens explica que darrera la casa tot \u00e9s verd, que hi ha bosc. Ara viu a Santa Coloma i tamb\u00e9 ens ensenya el lloc on viu. Vam veure casa seva des del mirador!<\/p>\n\n\n\n<p class=\"wp-block-paragraph\">La Steysi ens mostra Bajamar, a Honduras. Es un poble entre el mar i la muntanya. No recorda ben b\u00e9 on es troba la casa, per\u00f2 s\u00ed que recorda que \u00e9s al barri de Miramar. Est\u00e0 a 8.862 Km de la seva casa actual.<\/p>\n\n\n\n<p class=\"wp-block-paragraph\">La Luisanny comparteix una imatge de Las Callenas, a Santo Domingo, Rep\u00fablica Dominicana. Vivia en uns blocs de 3 o 4 pisos, a sobre de la seva \u00e0via. Baixava una escala i ja estaven juntes!<\/p>\n\n\n\n<p class=\"wp-block-paragraph\">Elena ens parla que el seu avi era hondureny i ens mostra imatges de El Escanito, a Honduras, on va poder anar de visita el passat desembre. No hi havia llum ni aigua corrent, i tothom anava al pou a buscar l&#8217;aigua.<\/p>\n\n\n\n<p class=\"wp-block-paragraph\">La Maryuri ens mostra Juticalpa a Honduras, tamb\u00e9 a una dist\u00e0ncia de 8.814 Km.<\/p>\n\n\n\n<p class=\"wp-block-paragraph\">Hem escrit al Johan, que ha tornat a Honduras. Ens agradaria incloure&#8217;l en el projecte, saber el poble on viu. Recordem molt el dia que aqu\u00ed ens va mostrar on vivia, la seva casa, molt prop del metro de Trinitat. Tot va comen\u00e7ar aqu\u00ed.<\/p>\n\n\n\n<p class=\"wp-block-paragraph\">En Pep comenta que seria bonic enviar uns raigs de sol cap a tots aquests llocs, per connectar-nos-hi d&#8217;una manera po\u00e8tica. Per\u00f2 \u00e9s possible, pregunta la Steysi? Com ho podem fer?\u00a0<\/p>\n\n\n\n<p class=\"wp-block-paragraph\">Parlem de les ant\u00edpodes i de com un t\u00fanel imaginari podria connectar els dos espais atravessant la terra. Ens ho imaginem amb un globus terraqui a les mans.<\/p>\n\n\n\n<p class=\"wp-block-paragraph\">Tamb\u00e9 parlem de comunicar-nos amb llum, des del Mirador al Pont de Sarajevo. Podem fer servir miralls i aprendre el codi Morse. L&#8217;Isaac V\u00edctor ens en parla i en volem aprendre. \u00c9s el llenguatge dels fars. El proper dia ho volem provar.<\/p>\n","protected":false},"excerpt":{"rendered":"<p>En Samuel comparteix imatges de la seva casa familiar a Bogot\u00e0, Col\u00f2mbia. Tamb\u00e9 hem pogut veure la pista de futbol on es passava jugant totes les tardes. Ha calculat que la dist\u00e0ncia entre la casa d&#8217;aqu\u00ed i la d&#8217;all\u00e0 \u00e9s de 8.529 Km. L&#8217;Isaac V\u00edctor ens parla de Cochabamba, la ciutat on hi ha la &hellip; <\/p>\n<p class=\"link-more\"><a href=\"\/trinitatnova2025\/les-nostres-cases-les-daqui-i-les-dalla\/\" class=\"more-link\">Continua llegint <span class=\"screen-reader-text\">\u00abLes nostres cases, les d&#8217;aqu\u00ed i les d&#8217;all\u00e0\u00bb<\/span><\/a><\/p>\n","protected":false},"author":13,"featured_media":0,"comment_status":"open","ping_status":"open","sticky":false,"template":"","format":"standard","meta":{"footnotes":""},"categories":[1],"tags":[],"class_list":["post-471","post","type-post","status-publish","format-standard","hentry","category-general"],"_links":{"self":[{"href":"\/trinitatnova2025\/wp-json\/wp\/v2\/posts\/471","targetHints":{"allow":["GET"]}}],"collection":[{"href":"\/trinitatnova2025\/wp-json\/wp\/v2\/posts"}],"about":[{"href":"\/trinitatnova2025\/wp-json\/wp\/v2\/types\/post"}],"author":[{"embeddable":true,"href":"\/trinitatnova2025\/wp-json\/wp\/v2\/users\/13"}],"replies":[{"embeddable":true,"href":"\/trinitatnova2025\/wp-json\/wp\/v2\/comments?post=471"}],"version-history":[{"count":4,"href":"\/trinitatnova2025\/wp-json\/wp\/v2\/posts\/471\/revisions"}],"predecessor-version":[{"id":492,"href":"\/trinitatnova2025\/wp-json\/wp\/v2\/posts\/471\/revisions\/492"}],"wp:attachment":[{"href":"\/trinitatnova2025\/wp-json\/wp\/v2\/media?parent=471"}],"wp:term":[{"taxonomy":"category","embeddable":true,"href":"\/trinitatnova2025\/wp-json\/wp\/v2\/categories?post=471"},{"taxonomy":"post_tag","embeddable":true,"href":"\/trinitatnova2025\/wp-json\/wp\/v2\/tags?post=471"}],"curies":[{"name":"wp","href":"https:\/\/api.w.org\/{rel}","templated":true}]}}