{"id":524,"date":"2025-06-19T11:59:26","date_gmt":"2025-06-19T09:59:26","guid":{"rendered":"\/trinitatnova2025\/?p=524"},"modified":"2025-06-19T12:04:35","modified_gmt":"2025-06-19T10:04:35","slug":"una-filmacio-que-recull-les-nostres-veus","status":"publish","type":"post","link":"\/trinitatnova2025\/una-filmacio-que-recull-les-nostres-veus\/","title":{"rendered":"Una filmaci\u00f3 que recull les nostres veus"},"content":{"rendered":"\n<p class=\"wp-block-paragraph\">La presentaci\u00f3 va incloure la projecci\u00f3 d&#8217;una pe\u00e7a audiovisual. Posem veu a les dist\u00e0ncies, els recorreguts, les maneres de comunicar-nos, els trajectes que fem di\u00e0riament i a les nostres visdes&#8230; <\/p>\n\n\n\n<p class=\"wp-block-paragraph\">Pensem en les nostres cases d&#8217;all\u00e0 i tamb\u00e9 en les d&#8217;aqu\u00ed. Les connectem tamb\u00e9 amb aquesta pe\u00e7a que volem compartir tamb\u00e9 en aquest bloc!<\/p>\n\n\n\n<figure class=\"wp-block-embed is-type-video is-provider-vimeo wp-block-embed-vimeo\"><div class=\"wp-block-embed__wrapper\">\n<iframe loading=\"lazy\" title=\"All\u00ed donde el cielo se parte en dos. Pep Vidal EN RESiD\u00c8NCiA a l&#039;Institut Escola Trinitat Nova\" src=\"https:\/\/player.vimeo.com\/video\/1094675498?dnt=1&amp;app_id=122963\" width=\"525\" height=\"295\" frameborder=\"0\" allow=\"autoplay; fullscreen; picture-in-picture; clipboard-write; encrypted-media; web-share\"><\/iframe>\n<\/div><\/figure>\n","protected":false},"excerpt":{"rendered":"<p>La presentaci\u00f3 va incloure la projecci\u00f3 d&#8217;una pe\u00e7a audiovisual. Posem veu a les dist\u00e0ncies, els recorreguts, les maneres de comunicar-nos, els trajectes que fem di\u00e0riament i a les nostres visdes&#8230; Pensem en les nostres cases d&#8217;all\u00e0 i tamb\u00e9 en les d&#8217;aqu\u00ed. Les connectem tamb\u00e9 amb aquesta pe\u00e7a que volem compartir tamb\u00e9 en aquest bloc!<\/p>\n","protected":false},"author":13,"featured_media":0,"comment_status":"open","ping_status":"open","sticky":false,"template":"","format":"standard","meta":{"footnotes":""},"categories":[1],"tags":[],"class_list":["post-524","post","type-post","status-publish","format-standard","hentry","category-general"],"_links":{"self":[{"href":"\/trinitatnova2025\/wp-json\/wp\/v2\/posts\/524","targetHints":{"allow":["GET"]}}],"collection":[{"href":"\/trinitatnova2025\/wp-json\/wp\/v2\/posts"}],"about":[{"href":"\/trinitatnova2025\/wp-json\/wp\/v2\/types\/post"}],"author":[{"embeddable":true,"href":"\/trinitatnova2025\/wp-json\/wp\/v2\/users\/13"}],"replies":[{"embeddable":true,"href":"\/trinitatnova2025\/wp-json\/wp\/v2\/comments?post=524"}],"version-history":[{"count":3,"href":"\/trinitatnova2025\/wp-json\/wp\/v2\/posts\/524\/revisions"}],"predecessor-version":[{"id":528,"href":"\/trinitatnova2025\/wp-json\/wp\/v2\/posts\/524\/revisions\/528"}],"wp:attachment":[{"href":"\/trinitatnova2025\/wp-json\/wp\/v2\/media?parent=524"}],"wp:term":[{"taxonomy":"category","embeddable":true,"href":"\/trinitatnova2025\/wp-json\/wp\/v2\/categories?post=524"},{"taxonomy":"post_tag","embeddable":true,"href":"\/trinitatnova2025\/wp-json\/wp\/v2\/tags?post=524"}],"curies":[{"name":"wp","href":"https:\/\/api.w.org\/{rel}","templated":true}]}}