{"id":54,"date":"2025-11-01T12:55:52","date_gmt":"2025-11-01T10:55:52","guid":{"rendered":"\/trinitatnova2026\/?p=54"},"modified":"2025-11-01T12:55:52","modified_gmt":"2025-11-01T10:55:52","slug":"en-residencia-a-lietn","status":"publish","type":"post","link":"\/trinitatnova2026\/en-residencia-a-lietn\/","title":{"rendered":"En Resid\u00e8ncia a l&#8217;ieTN"},"content":{"rendered":"\n<h2 class=\"wp-block-heading\" style=\"font-style:normal;font-weight:300\"><strong>Presentaci\u00f3 del projecte i del grup:<\/strong><\/h2>\n\n\n\n<p class=\"has-medium-font-size wp-block-paragraph\" style=\"font-style:normal;font-weight:300\">Som l&#8217;alumnat de 3r ESO, de l\u2019optativa en Resid\u00e8ncia de l&#8217;Institut Escola Trinitat Nova. Ens agrada fer noves coses i hem descobert que tenim molt en com\u00fa. La majoria de nosaltres hem nascut en pa\u00efsos diferents, igual que l&#8217;artista que ens acompanya, en Marco Noris, i en les primeres sessions ho hem pogut compartir.&nbsp;&nbsp;Ens agrada veure noves coses i ens interessa el m\u00f3n art\u00edstic. Tenim molta curiositat per esbrinar quina ser\u00e0 la proposta que ens far\u00e0 en Marco.<\/p>\n\n\n\n<h1 class=\"wp-block-heading has-medium-font-size\" style=\"font-style:normal;font-weight:300\"><strong>Presentaci\u00f3 de l\u2019artista:<\/strong><\/h1>\n\n\n\n<h1 class=\"wp-block-heading has-medium-font-size\" style=\"font-style:normal;font-weight:300\">Si busquem informaci\u00f3 sobre Marco trobem aquesta definici\u00f3:<\/h1>\n\n\n\n<h1 class=\"wp-block-heading has-medium-font-size\" style=\"font-style:normal;font-weight:300\"><em>Marco Noris ha explorat els \u00e0mbits del videoart, internet art i la fotografia, per\u00f2 ha estat la pintura l&#8217;escollida per focalitzar la seva pr\u00e0ctica art\u00edstica. El seu estil es caracteritza per una for\u00e7a i una intensitat dram\u00e0tica que impregna cadascuna de les seves obres. Noris aborda temes profunds i complexos com la mem\u00f2ria hist\u00f2rica, la ru\u00efna i la constant recerca de claus en el passat que ens permetin comprendre el present i albirar el futur. La seva obra convida a una reflexi\u00f3 sobre el temps i la petjada que aquest deixa al paisatge a la mem\u00f2ria col\u00b7lectiva.<\/em><\/h1>\n\n\n\n<p class=\"wp-block-paragraph\" style=\"font-style:normal;font-weight:300\"><a href=\"https:\/\/www.piramidon.com\/es\/artistas\/residentes\/608-marconoris-residente\"><em>https:\/\/www.piramidon.com\/es\/artistas\/residentes\/608-marconoris-residente<\/em><\/a><\/p>\n\n\n\n<h1 class=\"wp-block-heading has-medium-font-size\">Per nosaltres el Marco \u00e9s una persona amb moltes coses per dir, t\u00e9 moltes hist\u00f2ries, i ens agrada escoltar les coses que ens ha explicat.<br><\/h1>\n\n\n\n<p class=\"has-medium-font-size wp-block-paragraph\" style=\"font-style:normal;font-weight:300\">Podeu saber m\u00e9s d\u2019en Marco entrant en aquest enlla\u00e7.<\/p>\n\n\n\n<p class=\"has-medium-font-size wp-block-paragraph\" style=\"font-style:normal;font-weight:300\"><a href=\"https:\/\/www.enresidencia.org\/ca\/residencia\/marco-noris-en-residencia-linstitut-escola-trinitat-nova\/autor-institut\">https:\/\/www.enresidencia.org\/ca\/residencia\/marco-noris-en-residencia-linstitut-escola-trinitat-nova\/autor-institut<\/a><\/p>\n\n\n\n<p class=\"wp-block-paragraph\"><\/p>\n","protected":false},"excerpt":{"rendered":"<p>Presentaci\u00f3 del projecte i del grup: Som l&#8217;alumnat de 3r ESO, de l\u2019optativa en Resid\u00e8ncia de l&#8217;Institut Escola Trinitat Nova. Ens agrada fer noves coses i hem descobert que tenim molt en com\u00fa. La majoria de nosaltres hem nascut en pa\u00efsos diferents, igual que l&#8217;artista que ens acompanya, en Marco Noris, i en les primeres &hellip; <\/p>\n<p class=\"link-more\"><a href=\"\/trinitatnova2026\/en-residencia-a-lietn\/\" class=\"more-link\">Continua llegint <span class=\"screen-reader-text\">\u00abEn Resid\u00e8ncia a l&#8217;ieTN\u00bb<\/span><\/a><\/p>\n","protected":false},"author":5,"featured_media":0,"comment_status":"closed","ping_status":"","sticky":false,"template":"","format":"standard","meta":{"footnotes":""},"categories":[1],"tags":[],"class_list":["post-54","post","type-post","status-publish","format-standard","hentry","category-general"],"_links":{"self":[{"href":"\/trinitatnova2026\/wp-json\/wp\/v2\/posts\/54","targetHints":{"allow":["GET"]}}],"collection":[{"href":"\/trinitatnova2026\/wp-json\/wp\/v2\/posts"}],"about":[{"href":"\/trinitatnova2026\/wp-json\/wp\/v2\/types\/post"}],"author":[{"embeddable":true,"href":"\/trinitatnova2026\/wp-json\/wp\/v2\/users\/5"}],"replies":[{"embeddable":true,"href":"\/trinitatnova2026\/wp-json\/wp\/v2\/comments?post=54"}],"version-history":[{"count":8,"href":"\/trinitatnova2026\/wp-json\/wp\/v2\/posts\/54\/revisions"}],"predecessor-version":[{"id":63,"href":"\/trinitatnova2026\/wp-json\/wp\/v2\/posts\/54\/revisions\/63"}],"wp:attachment":[{"href":"\/trinitatnova2026\/wp-json\/wp\/v2\/media?parent=54"}],"wp:term":[{"taxonomy":"category","embeddable":true,"href":"\/trinitatnova2026\/wp-json\/wp\/v2\/categories?post=54"},{"taxonomy":"post_tag","embeddable":true,"href":"\/trinitatnova2026\/wp-json\/wp\/v2\/tags?post=54"}],"curies":[{"name":"wp","href":"https:\/\/api.w.org\/{rel}","templated":true}]}}