{"id":65,"date":"2025-12-27T19:09:37","date_gmt":"2025-12-27T17:09:37","guid":{"rendered":"\/trinitatnova2026\/?p=65"},"modified":"2025-12-27T19:09:37","modified_gmt":"2025-12-27T17:09:37","slug":"els-rius-de-la-nostra-vida","status":"publish","type":"post","link":"\/trinitatnova2026\/els-rius-de-la-nostra-vida\/","title":{"rendered":"Els rius de la nostra vida"},"content":{"rendered":"\n<p class=\"wp-block-paragraph\">En Marco sent una connexi\u00f3 especial amb els rius i els camins que generen en el terreny. Ens demana que busquem a la nostra mem\u00f2ria; ha de ser un lloc significatiu per nosaltres i per on passi un riu. Amb aquest pretext viatgem als nostres pa\u00efsos d\u2019origen, a llocs on hem compartit amb fam\u00edlia i amics.<br><\/p>\n\n\n\n<figure class=\"wp-block-image size-large\"><img loading=\"lazy\" decoding=\"async\" width=\"1024\" height=\"387\" src=\"\/trinitatnova2026\/wp-content\/uploads\/2025\/12\/entradafotoblog_2-1024x387.jpg\" alt=\"\" class=\"wp-image-67\" srcset=\"\/trinitatnova2026\/wp-content\/uploads\/2025\/12\/entradafotoblog_2-1024x387.jpg 1024w, \/trinitatnova2026\/wp-content\/uploads\/2025\/12\/entradafotoblog_2-300x113.jpg 300w, \/trinitatnova2026\/wp-content\/uploads\/2025\/12\/entradafotoblog_2-768x290.jpg 768w, \/trinitatnova2026\/wp-content\/uploads\/2025\/12\/entradafotoblog_2-1536x580.jpg 1536w, \/trinitatnova2026\/wp-content\/uploads\/2025\/12\/entradafotoblog_2-2048x774.jpg 2048w\" sizes=\"auto, (max-width: 767px) 89vw, (max-width: 1000px) 54vw, (max-width: 1071px) 543px, 580px\" \/><\/figure>\n\n\n\n<p class=\"wp-block-paragraph\">A trav\u00e9s de Google Earth passem per It\u00e0lia, Hondures, Brasil, Col\u00f2mbia, Ucra\u00efna, Vene\u00e7uela, Pakistan, Catalunya&#8230; Llocs plens d\u2019aigua, vida i molts records.<br><\/p>\n\n\n\n<figure class=\"wp-block-image size-large\"><img loading=\"lazy\" decoding=\"async\" width=\"1024\" height=\"461\" src=\"\/trinitatnova2026\/wp-content\/uploads\/2025\/12\/IMG20251016122435-1024x461.jpg\" alt=\"\" class=\"wp-image-68\" srcset=\"\/trinitatnova2026\/wp-content\/uploads\/2025\/12\/IMG20251016122435-1024x461.jpg 1024w, \/trinitatnova2026\/wp-content\/uploads\/2025\/12\/IMG20251016122435-300x135.jpg 300w, \/trinitatnova2026\/wp-content\/uploads\/2025\/12\/IMG20251016122435-768x345.jpg 768w, \/trinitatnova2026\/wp-content\/uploads\/2025\/12\/IMG20251016122435-1536x691.jpg 1536w, \/trinitatnova2026\/wp-content\/uploads\/2025\/12\/IMG20251016122435-2048x921.jpg 2048w\" sizes=\"auto, (max-width: 767px) 89vw, (max-width: 1000px) 54vw, (max-width: 1071px) 543px, 580px\" \/><figcaption class=\"wp-element-caption\">Marco Noris en Resid\u00e8ncia<\/figcaption><\/figure>\n\n\n\n<p class=\"wp-block-paragraph\">Ens coneixem una mica m\u00e9s i comencem a imaginar per quins camins ens portar\u00e0 el Marco.<\/p>\n\n\n\n<figure class=\"wp-block-image size-large\"><img loading=\"lazy\" decoding=\"async\" width=\"1024\" height=\"454\" src=\"\/trinitatnova2026\/wp-content\/uploads\/2025\/12\/entradablog_2-1-1024x454.jpg\" alt=\"\" class=\"wp-image-69\" srcset=\"\/trinitatnova2026\/wp-content\/uploads\/2025\/12\/entradablog_2-1-1024x454.jpg 1024w, \/trinitatnova2026\/wp-content\/uploads\/2025\/12\/entradablog_2-1-300x133.jpg 300w, \/trinitatnova2026\/wp-content\/uploads\/2025\/12\/entradablog_2-1-768x340.jpg 768w, \/trinitatnova2026\/wp-content\/uploads\/2025\/12\/entradablog_2-1-1536x681.jpg 1536w, \/trinitatnova2026\/wp-content\/uploads\/2025\/12\/entradablog_2-1-2048x907.jpg 2048w\" sizes=\"auto, (max-width: 767px) 89vw, (max-width: 1000px) 54vw, (max-width: 1071px) 543px, 580px\" \/><\/figure>\n","protected":false},"excerpt":{"rendered":"<p>En Marco sent una connexi\u00f3 especial amb els rius i els camins que generen en el terreny. Ens demana que busquem a la nostra mem\u00f2ria; ha de ser un lloc significatiu per nosaltres i per on passi un riu. Amb aquest pretext viatgem als nostres pa\u00efsos d\u2019origen, a llocs on hem compartit amb fam\u00edlia i &hellip; <\/p>\n<p class=\"link-more\"><a href=\"\/trinitatnova2026\/els-rius-de-la-nostra-vida\/\" class=\"more-link\">Continua llegint <span class=\"screen-reader-text\">\u00abEls rius de la nostra vida\u00bb<\/span><\/a><\/p>\n","protected":false},"author":5,"featured_media":0,"comment_status":"closed","ping_status":"","sticky":false,"template":"","format":"standard","meta":{"footnotes":""},"categories":[1],"tags":[7,6,5,4],"class_list":["post-65","post","type-post","status-publish","format-standard","hentry","category-general","tag-a-bao-a-qu","tag-en-residencia","tag-institut-escola-trinitat-nova","tag-marco-noris"],"_links":{"self":[{"href":"\/trinitatnova2026\/wp-json\/wp\/v2\/posts\/65","targetHints":{"allow":["GET"]}}],"collection":[{"href":"\/trinitatnova2026\/wp-json\/wp\/v2\/posts"}],"about":[{"href":"\/trinitatnova2026\/wp-json\/wp\/v2\/types\/post"}],"author":[{"embeddable":true,"href":"\/trinitatnova2026\/wp-json\/wp\/v2\/users\/5"}],"replies":[{"embeddable":true,"href":"\/trinitatnova2026\/wp-json\/wp\/v2\/comments?post=65"}],"version-history":[{"count":1,"href":"\/trinitatnova2026\/wp-json\/wp\/v2\/posts\/65\/revisions"}],"predecessor-version":[{"id":70,"href":"\/trinitatnova2026\/wp-json\/wp\/v2\/posts\/65\/revisions\/70"}],"wp:attachment":[{"href":"\/trinitatnova2026\/wp-json\/wp\/v2\/media?parent=65"}],"wp:term":[{"taxonomy":"category","embeddable":true,"href":"\/trinitatnova2026\/wp-json\/wp\/v2\/categories?post=65"},{"taxonomy":"post_tag","embeddable":true,"href":"\/trinitatnova2026\/wp-json\/wp\/v2\/tags?post=65"}],"curies":[{"name":"wp","href":"https:\/\/api.w.org\/{rel}","templated":true}]}}