{"id":72,"date":"2026-01-24T10:24:13","date_gmt":"2026-01-24T08:24:13","guid":{"rendered":"\/trinitatnova2026\/?p=72"},"modified":"2026-01-24T10:24:13","modified_gmt":"2026-01-24T08:24:13","slug":"itineraris-i","status":"publish","type":"post","link":"\/trinitatnova2026\/itineraris-i\/","title":{"rendered":"Itineraris I"},"content":{"rendered":"\n<p class=\"wp-block-paragraph\">En Marco ens fa una nova proposta que marcar\u00e0 el ritme de les pr\u00f2ximes sessions. La seva proposta art\u00edstica el porta a explorar diferents camins per on transita, reflexiona i registra tot all\u00f2 que veu.<\/p>\n\n\n\n<p class=\"wp-block-paragraph\">Ens proposa fer el mateix, marcar diferents itineraris per on passejar, compartir i observar.<\/p>\n\n\n\n<figure class=\"wp-block-gallery has-nested-images columns-default is-cropped wp-block-gallery-1 is-layout-flex wp-block-gallery-is-layout-flex\">\n<figure class=\"wp-block-image size-large\"><img loading=\"lazy\" decoding=\"async\" width=\"1024\" height=\"768\" data-id=\"76\" src=\"\/trinitatnova2026\/wp-content\/uploads\/2026\/01\/Itineraris-1-2-1024x768.jpeg\" alt=\"\" class=\"wp-image-76\" srcset=\"\/trinitatnova2026\/wp-content\/uploads\/2026\/01\/Itineraris-1-2-1024x768.jpeg 1024w, \/trinitatnova2026\/wp-content\/uploads\/2026\/01\/Itineraris-1-2-300x225.jpeg 300w, \/trinitatnova2026\/wp-content\/uploads\/2026\/01\/Itineraris-1-2-768x576.jpeg 768w, \/trinitatnova2026\/wp-content\/uploads\/2026\/01\/Itineraris-1-2-1536x1152.jpeg 1536w\" sizes=\"auto, (max-width: 767px) 89vw, (max-width: 1000px) 54vw, (max-width: 1071px) 543px, 580px\" \/><\/figure>\n\n\n\n<figure class=\"wp-block-image size-large\"><img loading=\"lazy\" decoding=\"async\" width=\"1024\" height=\"603\" data-id=\"75\" src=\"\/trinitatnova2026\/wp-content\/uploads\/2026\/01\/itineraris-2-1024x603.jpeg\" alt=\"\" class=\"wp-image-75\" srcset=\"\/trinitatnova2026\/wp-content\/uploads\/2026\/01\/itineraris-2-1024x603.jpeg 1024w, \/trinitatnova2026\/wp-content\/uploads\/2026\/01\/itineraris-2-300x177.jpeg 300w, \/trinitatnova2026\/wp-content\/uploads\/2026\/01\/itineraris-2-768x452.jpeg 768w, \/trinitatnova2026\/wp-content\/uploads\/2026\/01\/itineraris-2-1536x905.jpeg 1536w, \/trinitatnova2026\/wp-content\/uploads\/2026\/01\/itineraris-2-2048x1206.jpeg 2048w\" sizes=\"auto, (max-width: 767px) 89vw, (max-width: 1000px) 54vw, (max-width: 1071px) 543px, 580px\" \/><\/figure>\n<\/figure>\n\n\n\n<figure class=\"wp-block-image size-large\"><img loading=\"lazy\" decoding=\"async\" width=\"1024\" height=\"685\" src=\"\/trinitatnova2026\/wp-content\/uploads\/2026\/01\/Itineraris5-1024x685.jpg\" alt=\"\" class=\"wp-image-78\" srcset=\"\/trinitatnova2026\/wp-content\/uploads\/2026\/01\/Itineraris5-1024x685.jpg 1024w, \/trinitatnova2026\/wp-content\/uploads\/2026\/01\/Itineraris5-300x201.jpg 300w, \/trinitatnova2026\/wp-content\/uploads\/2026\/01\/Itineraris5-768x514.jpg 768w, \/trinitatnova2026\/wp-content\/uploads\/2026\/01\/Itineraris5-1536x1028.jpg 1536w, \/trinitatnova2026\/wp-content\/uploads\/2026\/01\/Itineraris5-2048x1371.jpg 2048w\" sizes=\"auto, (max-width: 767px) 89vw, (max-width: 1000px) 54vw, (max-width: 1071px) 543px, 580px\" \/><\/figure>\n\n\n\n<p class=\"wp-block-paragraph\">Ens porta a l\u2019aula fragments de les seves obres i ens explica que, per poder treballar, crea registres de tot all\u00f2 que veu i sent.<\/p>\n\n\n\n<p class=\"wp-block-paragraph\">Veure\u2019ls \u00e9s espectacular i ens genera curiositat i moltes ganes de comen\u00e7ar.<\/p>\n\n\n\n<figure class=\"wp-block-gallery has-nested-images columns-default is-cropped wp-block-gallery-2 is-layout-flex wp-block-gallery-is-layout-flex\">\n<figure class=\"wp-block-image size-large\"><img loading=\"lazy\" decoding=\"async\" width=\"1024\" height=\"685\" data-id=\"79\" src=\"\/trinitatnova2026\/wp-content\/uploads\/2026\/01\/registre-marco1-1024x685.jpg\" alt=\"\" class=\"wp-image-79\" srcset=\"\/trinitatnova2026\/wp-content\/uploads\/2026\/01\/registre-marco1-1024x685.jpg 1024w, \/trinitatnova2026\/wp-content\/uploads\/2026\/01\/registre-marco1-300x201.jpg 300w, \/trinitatnova2026\/wp-content\/uploads\/2026\/01\/registre-marco1-768x514.jpg 768w, \/trinitatnova2026\/wp-content\/uploads\/2026\/01\/registre-marco1-1536x1028.jpg 1536w, \/trinitatnova2026\/wp-content\/uploads\/2026\/01\/registre-marco1-2048x1371.jpg 2048w\" sizes=\"auto, (max-width: 767px) 89vw, (max-width: 1000px) 54vw, (max-width: 1071px) 543px, 580px\" \/><\/figure>\n\n\n\n<figure class=\"wp-block-image size-large\"><img loading=\"lazy\" decoding=\"async\" width=\"1024\" height=\"685\" data-id=\"80\" src=\"\/trinitatnova2026\/wp-content\/uploads\/2026\/01\/registre-marco-2-1024x685.jpg\" alt=\"\" class=\"wp-image-80\" srcset=\"\/trinitatnova2026\/wp-content\/uploads\/2026\/01\/registre-marco-2-1024x685.jpg 1024w, \/trinitatnova2026\/wp-content\/uploads\/2026\/01\/registre-marco-2-300x201.jpg 300w, \/trinitatnova2026\/wp-content\/uploads\/2026\/01\/registre-marco-2-768x514.jpg 768w, \/trinitatnova2026\/wp-content\/uploads\/2026\/01\/registre-marco-2-1536x1028.jpg 1536w, \/trinitatnova2026\/wp-content\/uploads\/2026\/01\/registre-marco-2-2048x1371.jpg 2048w\" sizes=\"auto, (max-width: 767px) 89vw, (max-width: 1000px) 54vw, (max-width: 1071px) 543px, 580px\" \/><\/figure>\n\n\n\n<figure class=\"wp-block-image size-large\"><img loading=\"lazy\" decoding=\"async\" width=\"1024\" height=\"685\" data-id=\"81\" src=\"\/trinitatnova2026\/wp-content\/uploads\/2026\/01\/REgistre-marco-3-1024x685.jpg\" alt=\"\" class=\"wp-image-81\" srcset=\"\/trinitatnova2026\/wp-content\/uploads\/2026\/01\/REgistre-marco-3-1024x685.jpg 1024w, \/trinitatnova2026\/wp-content\/uploads\/2026\/01\/REgistre-marco-3-300x201.jpg 300w, \/trinitatnova2026\/wp-content\/uploads\/2026\/01\/REgistre-marco-3-768x514.jpg 768w, \/trinitatnova2026\/wp-content\/uploads\/2026\/01\/REgistre-marco-3-1536x1028.jpg 1536w, \/trinitatnova2026\/wp-content\/uploads\/2026\/01\/REgistre-marco-3-2048x1371.jpg 2048w\" sizes=\"auto, (max-width: 767px) 89vw, (max-width: 1000px) 54vw, (max-width: 1071px) 543px, 580px\" \/><\/figure>\n\n\n\n<figure class=\"wp-block-image size-large\"><img loading=\"lazy\" decoding=\"async\" width=\"1024\" height=\"685\" data-id=\"82\" src=\"\/trinitatnova2026\/wp-content\/uploads\/2026\/01\/regsitre-marco-4-1024x685.jpg\" alt=\"\" class=\"wp-image-82\" srcset=\"\/trinitatnova2026\/wp-content\/uploads\/2026\/01\/regsitre-marco-4-1024x685.jpg 1024w, \/trinitatnova2026\/wp-content\/uploads\/2026\/01\/regsitre-marco-4-300x201.jpg 300w, \/trinitatnova2026\/wp-content\/uploads\/2026\/01\/regsitre-marco-4-768x514.jpg 768w, \/trinitatnova2026\/wp-content\/uploads\/2026\/01\/regsitre-marco-4-1536x1028.jpg 1536w, \/trinitatnova2026\/wp-content\/uploads\/2026\/01\/regsitre-marco-4-2048x1371.jpg 2048w\" sizes=\"auto, (max-width: 767px) 89vw, (max-width: 1000px) 54vw, (max-width: 1071px) 543px, 580px\" \/><\/figure>\n\n\n\n<figure class=\"wp-block-image size-large\"><img loading=\"lazy\" decoding=\"async\" width=\"1024\" height=\"685\" data-id=\"83\" src=\"\/trinitatnova2026\/wp-content\/uploads\/2026\/01\/registre-marco-5-1024x685.jpg\" alt=\"\" class=\"wp-image-83\" srcset=\"\/trinitatnova2026\/wp-content\/uploads\/2026\/01\/registre-marco-5-1024x685.jpg 1024w, \/trinitatnova2026\/wp-content\/uploads\/2026\/01\/registre-marco-5-300x201.jpg 300w, \/trinitatnova2026\/wp-content\/uploads\/2026\/01\/registre-marco-5-768x514.jpg 768w, \/trinitatnova2026\/wp-content\/uploads\/2026\/01\/registre-marco-5-1536x1028.jpg 1536w, \/trinitatnova2026\/wp-content\/uploads\/2026\/01\/registre-marco-5-2048x1371.jpg 2048w\" sizes=\"auto, (max-width: 767px) 89vw, (max-width: 1000px) 54vw, (max-width: 1071px) 543px, 580px\" \/><\/figure>\n<\/figure>\n\n\n\n<p class=\"wp-block-paragraph\">A partir d\u2019aqu\u00ed, parlem de quin itinerari ens agradaria fer, i comencem decidint una ruta conjunta a partir de punts de l\u2019entorn que s\u00f3n importants per nosaltres: la Casa de l\u2019Aigua, el mirador de Torre Bar\u00f3, l\u2019Ateneu popular de Nou Barris, les vies dels trens\u2026<\/p>\n\n\n\n<p class=\"wp-block-paragraph\">No \u00e9s f\u00e0cil decidir per on comen\u00e7ar, per\u00f2 amb la seva ajuda tracem 2 recorreguts diferents on anirem al llarg de les seg\u00fcents sessions.<\/p>\n\n\n\n<figure class=\"wp-block-gallery has-nested-images columns-default is-cropped wp-block-gallery-3 is-layout-flex wp-block-gallery-is-layout-flex\">\n<figure class=\"wp-block-image size-large\"><img loading=\"lazy\" decoding=\"async\" width=\"768\" height=\"1024\" data-id=\"85\" src=\"\/trinitatnova2026\/wp-content\/uploads\/2026\/01\/ruta2-768x1024.jpeg\" alt=\"\" class=\"wp-image-85\" srcset=\"\/trinitatnova2026\/wp-content\/uploads\/2026\/01\/ruta2-768x1024.jpeg 768w, \/trinitatnova2026\/wp-content\/uploads\/2026\/01\/ruta2-225x300.jpeg 225w\" sizes=\"auto, (max-width: 767px) 89vw, (max-width: 1000px) 54vw, (max-width: 1071px) 543px, 580px\" \/><\/figure>\n\n\n\n<figure class=\"wp-block-image size-large\"><img loading=\"lazy\" decoding=\"async\" width=\"768\" height=\"1024\" data-id=\"86\" src=\"\/trinitatnova2026\/wp-content\/uploads\/2026\/01\/ruta1-768x1024.jpeg\" alt=\"\" class=\"wp-image-86\" srcset=\"\/trinitatnova2026\/wp-content\/uploads\/2026\/01\/ruta1-768x1024.jpeg 768w, \/trinitatnova2026\/wp-content\/uploads\/2026\/01\/ruta1-225x300.jpeg 225w\" sizes=\"auto, (max-width: 767px) 89vw, (max-width: 1000px) 54vw, (max-width: 1071px) 543px, 580px\" \/><\/figure>\n<\/figure>\n\n\n\n<p class=\"wp-block-paragraph\"><\/p>\n","protected":false},"excerpt":{"rendered":"<p>En Marco ens fa una nova proposta que marcar\u00e0 el ritme de les pr\u00f2ximes sessions. La seva proposta art\u00edstica el porta a explorar diferents camins per on transita, reflexiona i registra tot all\u00f2 que veu. Ens proposa fer el mateix, marcar diferents itineraris per on passejar, compartir i observar. Ens porta a l\u2019aula fragments de &hellip; <\/p>\n<p class=\"link-more\"><a href=\"\/trinitatnova2026\/itineraris-i\/\" class=\"more-link\">Continua llegint <span class=\"screen-reader-text\">\u00abItineraris I\u00bb<\/span><\/a><\/p>\n","protected":false},"author":5,"featured_media":0,"comment_status":"closed","ping_status":"","sticky":false,"template":"","format":"standard","meta":{"footnotes":""},"categories":[1],"tags":[7,6,5,4],"class_list":["post-72","post","type-post","status-publish","format-standard","hentry","category-general","tag-a-bao-a-qu","tag-en-residencia","tag-institut-escola-trinitat-nova","tag-marco-noris"],"_links":{"self":[{"href":"\/trinitatnova2026\/wp-json\/wp\/v2\/posts\/72","targetHints":{"allow":["GET"]}}],"collection":[{"href":"\/trinitatnova2026\/wp-json\/wp\/v2\/posts"}],"about":[{"href":"\/trinitatnova2026\/wp-json\/wp\/v2\/types\/post"}],"author":[{"embeddable":true,"href":"\/trinitatnova2026\/wp-json\/wp\/v2\/users\/5"}],"replies":[{"embeddable":true,"href":"\/trinitatnova2026\/wp-json\/wp\/v2\/comments?post=72"}],"version-history":[{"count":2,"href":"\/trinitatnova2026\/wp-json\/wp\/v2\/posts\/72\/revisions"}],"predecessor-version":[{"id":87,"href":"\/trinitatnova2026\/wp-json\/wp\/v2\/posts\/72\/revisions\/87"}],"wp:attachment":[{"href":"\/trinitatnova2026\/wp-json\/wp\/v2\/media?parent=72"}],"wp:term":[{"taxonomy":"category","embeddable":true,"href":"\/trinitatnova2026\/wp-json\/wp\/v2\/categories?post=72"},{"taxonomy":"post_tag","embeddable":true,"href":"\/trinitatnova2026\/wp-json\/wp\/v2\/tags?post=72"}],"curies":[{"name":"wp","href":"https:\/\/api.w.org\/{rel}","templated":true}]}}