{"id":378,"date":"2024-11-14T18:57:21","date_gmt":"2024-11-14T16:57:21","guid":{"rendered":"\/turocaritg2025\/?p=378"},"modified":"2024-11-14T18:57:21","modified_gmt":"2024-11-14T16:57:21","slug":"hem-estat-al-taller-de-la-sara-de-ubieta","status":"publish","type":"post","link":"\/turocaritg2025\/hem-estat-al-taller-de-la-sara-de-ubieta\/","title":{"rendered":"Hem estat al taller de la SARA de UBIETA"},"content":{"rendered":"\n<p class=\"wp-block-paragraph\">PRIMERA VISITA 11 D&#8217;OCTUBRE\u00a0!<\/p>\n\n\n\n<p class=\"wp-block-paragraph\">Quina experi\u00e8ncia tan interessant!!!<\/p>\n\n\n\n<p class=\"wp-block-paragraph\">La visita al taller de Sara de Ubieta dins del projecte En Resid\u00e8ncia va ser realment fascinant. Durant el trajecte en bus, vam compartir inquietuds sobre el seu treball: com seria un taller nom\u00e9s per a ella? A qu\u00e8 es dedica exactament? I quins estudis ha fet? perqu\u00e8 el nostre institut? Farem un representaci\u00f3 com els alumnes del curs passat?\u00a0<\/p>\n\n\n\n<p class=\"wp-block-paragraph\">Un cop all\u00e0, la sorpresa va ser maj\u00fascula!!!<\/p>\n\n\n\n<p class=\"wp-block-paragraph\">La Sara ens va explicar la seva vida professional amb gran passi\u00f3, i vam tenir l&#8217;oportunitat de veure i tocar les seves creacions. Ens va sorprendre descobrir que fins i tot podem crear objectes \u00fatils a partir de la closca d&#8217;ou!\u00a0<\/p>\n\n\n\n<p class=\"wp-block-paragraph\">Sens dubte, una visita que ens ha obert els ulls sobre la seva creativitat, el reciclatge\u00a0 i la innovaci\u00f3. <\/p>\n\n\n\n<figure class=\"wp-block-image\"><img decoding=\"async\" src=\"https:\/\/lh7-rt.googleusercontent.com\/docsz\/AD_4nXcYWd1iHnrVHByRy56GsLX60EBGKB_LjyEn4iIQyUrmR5YaHXKnq7fpnbapOMGuOPZLN2ij0WrZHTVcF2dx4-ZFUiVMcvTosYIn_pDaeD1zC77-KJgNZFHy0Q7IBWbSrX5wjsOWnDR-vzcnKFTD_MzGLFY?key=oM6-fJ1sSOUI_CE_j8yuxg\" alt=\"\"\/><\/figure>\n\n\n\n<figure class=\"wp-block-image\"><img decoding=\"async\" src=\"https:\/\/lh7-rt.googleusercontent.com\/docsz\/AD_4nXcxSvd901cfZQK7wIsGEhlsZCtzN-nN8LfrNPgUqtF9HKHUL-vvYbaQM0dr-MAWKGXBlTctNmT8P2fxZKz3C9qYBXDG56RkfBo0RDNcD5D70n2oRI9FzMWVjFdLo_T4GeUI4Km7Hg8ScKZG4Bmq7bLZ4AKK?key=oM6-fJ1sSOUI_CE_j8yuxg\" alt=\"\"\/><\/figure>\n","protected":false},"excerpt":{"rendered":"<p>PRIMERA VISITA 11 D&#8217;OCTUBRE\u00a0! Quina experi\u00e8ncia tan interessant!!! La visita al taller de Sara de Ubieta dins del projecte En Resid\u00e8ncia va ser realment fascinant. Durant el trajecte en bus, vam compartir inquietuds sobre el seu treball: com seria un taller nom\u00e9s per a ella? A qu\u00e8 es dedica exactament? I quins estudis ha fet? &hellip; <\/p>\n<p class=\"link-more\"><a href=\"\/turocaritg2025\/hem-estat-al-taller-de-la-sara-de-ubieta\/\" class=\"more-link\">Continua llegint <span class=\"screen-reader-text\">\u00abHem estat al taller de la SARA de UBIETA\u00bb<\/span><\/a><\/p>\n","protected":false},"author":13,"featured_media":0,"comment_status":"open","ping_status":"open","sticky":false,"template":"","format":"standard","meta":{"footnotes":""},"categories":[1],"tags":[],"class_list":["post-378","post","type-post","status-publish","format-standard","hentry","category-general"],"_links":{"self":[{"href":"\/turocaritg2025\/wp-json\/wp\/v2\/posts\/378","targetHints":{"allow":["GET"]}}],"collection":[{"href":"\/turocaritg2025\/wp-json\/wp\/v2\/posts"}],"about":[{"href":"\/turocaritg2025\/wp-json\/wp\/v2\/types\/post"}],"author":[{"embeddable":true,"href":"\/turocaritg2025\/wp-json\/wp\/v2\/users\/13"}],"replies":[{"embeddable":true,"href":"\/turocaritg2025\/wp-json\/wp\/v2\/comments?post=378"}],"version-history":[{"count":1,"href":"\/turocaritg2025\/wp-json\/wp\/v2\/posts\/378\/revisions"}],"predecessor-version":[{"id":379,"href":"\/turocaritg2025\/wp-json\/wp\/v2\/posts\/378\/revisions\/379"}],"wp:attachment":[{"href":"\/turocaritg2025\/wp-json\/wp\/v2\/media?parent=378"}],"wp:term":[{"taxonomy":"category","embeddable":true,"href":"\/turocaritg2025\/wp-json\/wp\/v2\/categories?post=378"},{"taxonomy":"post_tag","embeddable":true,"href":"\/turocaritg2025\/wp-json\/wp\/v2\/tags?post=378"}],"curies":[{"name":"wp","href":"https:\/\/api.w.org\/{rel}","templated":true}]}}