{"id":385,"date":"2025-01-08T21:04:10","date_gmt":"2025-01-08T19:04:10","guid":{"rendered":"\/turocaritg2025\/?p=385"},"modified":"2025-01-08T21:04:10","modified_gmt":"2025-01-08T19:04:10","slug":"estrategia-3a-hora-diari-daula","status":"publish","type":"post","link":"\/turocaritg2025\/estrategia-3a-hora-diari-daula\/","title":{"rendered":"Estrat\u00e8gia 3\u00aa hora: DIARI D&#8217;AULA"},"content":{"rendered":"\n<p class=\"wp-block-paragraph\"><\/p>\n\n\n\n<p class=\"has-text-align-left wp-block-paragraph\">Durant la sessi\u00f3 de formaci\u00f3 del 20 de novembre, vam presentar la nostra proposta estrat\u00e8gica per a la tercera hora del projecte. L&#8217;objectiu principal d&#8217;aquesta proposta \u00e9s fomentar la reflexi\u00f3 i l&#8217;autoavaluaci\u00f3 mitjan\u00e7ant un <strong>diari d&#8217;aula digital<\/strong>. Aquest diari ajudar\u00e0 l&#8217;alumnat a connectar les seves emocions i experi\u00e8ncies amb els aprenentatges viscuts a l&#8217;aula, permetent-los comprendre millor el seu proc\u00e9s d&#8217;aprenentatge.<\/p>\n\n\n\n<p class=\"has-text-align-left wp-block-paragraph\">Despr\u00e9s de cada sessi\u00f3 amb Sara de Ubieta, els alumnes <strong>comencen a reflexionar en veu alta<\/strong> sobre el que han fet, com s\u2019han sentit emocionalment, qu\u00e8 creuen que han apr\u00e8s i qu\u00e8 consideren que encara no entenen del tot. A continuaci\u00f3, es fa una valoraci\u00f3 en grup per decidir quin text volem escriure conjuntament i quina foto per representar el tema del text. <\/p>\n\n\n\n<p class=\"has-text-align-left wp-block-paragraph\">Amb el temps, el diari cobra m\u00e9s vida i es va omplint de nous aprenentatges.<\/p>\n\n\n\n<p class=\"has-text-align-left wp-block-paragraph\">Adjuntem un text i fotos, com a exemple:<\/p>\n\n\n\n<p class=\"has-text-align-left wp-block-paragraph\"><strong>DIARI D\u2019AULA 15 D\u2019OCTUBRE<\/strong><\/p>\n\n\n\n<p class=\"wp-block-paragraph\">Avui a la classe de 4t de l&#8217;ESO amb la Sara de Ubieta hem conegut un nou amic: es diu SCOBY i \u00e9s una bacteria. Hem comen\u00e7at a treballar amb ell i el nostre primer objectiu \u00e9s, en unes setmanes, aconseguir que segueixi viu. Estem molt il\u00b7lusionats amb aquest projecte de fermentaci\u00f3 i us anirem informant de com evoluciona SCOBY. Esperem que tot surti b\u00e9!<\/p>\n\n\n\n<p class=\"has-text-align-left wp-block-paragraph\">A m\u00e9s, de la nostra bacteria mare hem aconseguit crear 5 SCOBYs m\u00e9s, i els hem posat noms molt divertits i originals. Tenim a <strong>SCOBY Doo<\/strong>, <strong>SCOBY Wan Kenobi<\/strong>, <strong>SCOBY McFly<\/strong>, <strong>SCOBYlicious<\/strong> i <strong>SCOBY the Great<\/strong>. Estem emocionats de veure com creixen i evolucionen! Ja us mantindrem al corrent de tot el proc\u00e9s.<\/p>\n\n\n\n<figure class=\"wp-block-image\"><img decoding=\"async\" src=\"https:\/\/lh7-rt.googleusercontent.com\/docsz\/AD_4nXeBymsX8ERcc3OyCfafyAk4tdEnyWt02KuEt2aiMKOmN9Tn7oCXSYPtBiBIZvoAPCRStlZgiT_hRL9XdLvgt4FpejSH_A9X5P654nMgEd66xltecM4mZJZEcKhkeOJP-kZntJpUUg?key=oM6-fJ1sSOUI_CE_j8yuxg\" alt=\"\"\/><\/figure>\n\n\n\n<figure class=\"wp-block-image\"><img decoding=\"async\" src=\"https:\/\/lh7-rt.googleusercontent.com\/docsz\/AD_4nXcU6T7tdkt0zn_MjO-XDlrEz923P62a9Lj5EVqkoUZif1Kexj0TFI-Ys7SoL9oLwTwbyfZFXqlJGN6f0WI-n7bBIEFpDwS_5NUCtof1qEYZS40bF1X17az6OMIks6cqhcru9DuJPg?key=oM6-fJ1sSOUI_CE_j8yuxg\" alt=\"\"\/><\/figure>\n","protected":false},"excerpt":{"rendered":"<p>Durant la sessi\u00f3 de formaci\u00f3 del 20 de novembre, vam presentar la nostra proposta estrat\u00e8gica per a la tercera hora del projecte. L&#8217;objectiu principal d&#8217;aquesta proposta \u00e9s fomentar la reflexi\u00f3 i l&#8217;autoavaluaci\u00f3 mitjan\u00e7ant un diari d&#8217;aula digital. Aquest diari ajudar\u00e0 l&#8217;alumnat a connectar les seves emocions i experi\u00e8ncies amb els aprenentatges viscuts a l&#8217;aula, permetent-los &hellip; <\/p>\n<p class=\"link-more\"><a href=\"\/turocaritg2025\/estrategia-3a-hora-diari-daula\/\" class=\"more-link\">Continua llegint <span class=\"screen-reader-text\">\u00abEstrat\u00e8gia 3\u00aa hora: DIARI D&#8217;AULA\u00bb<\/span><\/a><\/p>\n","protected":false},"author":15,"featured_media":0,"comment_status":"open","ping_status":"open","sticky":false,"template":"","format":"standard","meta":{"footnotes":""},"categories":[1],"tags":[],"class_list":["post-385","post","type-post","status-publish","format-standard","hentry","category-general"],"_links":{"self":[{"href":"\/turocaritg2025\/wp-json\/wp\/v2\/posts\/385","targetHints":{"allow":["GET"]}}],"collection":[{"href":"\/turocaritg2025\/wp-json\/wp\/v2\/posts"}],"about":[{"href":"\/turocaritg2025\/wp-json\/wp\/v2\/types\/post"}],"author":[{"embeddable":true,"href":"\/turocaritg2025\/wp-json\/wp\/v2\/users\/15"}],"replies":[{"embeddable":true,"href":"\/turocaritg2025\/wp-json\/wp\/v2\/comments?post=385"}],"version-history":[{"count":3,"href":"\/turocaritg2025\/wp-json\/wp\/v2\/posts\/385\/revisions"}],"predecessor-version":[{"id":388,"href":"\/turocaritg2025\/wp-json\/wp\/v2\/posts\/385\/revisions\/388"}],"wp:attachment":[{"href":"\/turocaritg2025\/wp-json\/wp\/v2\/media?parent=385"}],"wp:term":[{"taxonomy":"category","embeddable":true,"href":"\/turocaritg2025\/wp-json\/wp\/v2\/categories?post=385"},{"taxonomy":"post_tag","embeddable":true,"href":"\/turocaritg2025\/wp-json\/wp\/v2\/tags?post=385"}],"curies":[{"name":"wp","href":"https:\/\/api.w.org\/{rel}","templated":true}]}}