{"id":413,"date":"2025-02-19T13:52:37","date_gmt":"2025-02-19T11:52:37","guid":{"rendered":"\/turocaritg2025\/?p=413"},"modified":"2025-02-19T13:52:37","modified_gmt":"2025-02-19T11:52:37","slug":"per-mantenir-lequilibri-has-de-seguir-endavant","status":"publish","type":"post","link":"\/turocaritg2025\/per-mantenir-lequilibri-has-de-seguir-endavant\/","title":{"rendered":"Per mantenir l&#8217;equilibri, has de seguir endavant"},"content":{"rendered":"\n<p class=\"wp-block-paragraph\">Ens vam reunir tots junts per parlar de la import\u00e0ncia del nostre projecte i de donar-li la visibilitat que realment es mereix. La veritat, despr\u00e9s de la conversa, vam adonar-nos que estem treballant en alguna cosa molt gran. De vegades, ens preguntem si estem a l&#8217;altura del que suposa aquest projecte, per\u00f2 tot i aix\u00ed, tenim clar que posarem tot el que tenim per fer-ho possible.<\/p>\n\n\n\n<p class=\"wp-block-paragraph\">Prepararem la sessi\u00f3 oberta a tope, amb tot el que puguem aportar, perqu\u00e8 volem que sigui un moment inoblidable i que es vegi el nostre esfor\u00e7. Estem a punt de acabar el curs, i volem fer-ho amb for\u00e7a, amb la gran final amb Sara, Emma i Merc\u00e8, perqu\u00e8 el que hem creat ho volem tancar d&#8217;una manera espectacular.<\/p>\n\n\n\n<p class=\"wp-block-paragraph\">\u00c9s un projecte gran, s\u00ed, per\u00f2 tamb\u00e9 \u00e9s una oportunitat incre\u00efble i estem conven\u00e7uts que, tot i els nervis, podrem demostrar tot el que sabem i el que som capa\u00e7os de fer. Aix\u00ed que, a per totes! No ens deixarem res per fer.<\/p>\n\n\n\n<p class=\"wp-block-paragraph\">Com deia Albert Einstein: <em>\u00abLa vida \u00e9s com muntar en bicicleta. Per mantenir l&#8217;equilibri, has de seguir endavant.\u00bb&nbsp;<\/em><\/p>\n\n\n\n<figure class=\"wp-block-image\"><img decoding=\"async\" src=\"https:\/\/lh7-rt.googleusercontent.com\/docsz\/AD_4nXfEAxS_1QUfZAk6LFsBWfOk3SlkA5eH1XRvnhXKlGIdNPLT21FD3AW0Mjn2678HlYwPYBMX5PNv0H9Au3sVXvtx2_QawwUXneyMk7YbybeXCWR_KsKv47n_aCtfoSGLaVsd4ATiWg?key=oM6-fJ1sSOUI_CE_j8yuxg\" alt=\"\"\/><\/figure>\n","protected":false},"excerpt":{"rendered":"<p>Ens vam reunir tots junts per parlar de la import\u00e0ncia del nostre projecte i de donar-li la visibilitat que realment es mereix. La veritat, despr\u00e9s de la conversa, vam adonar-nos que estem treballant en alguna cosa molt gran. De vegades, ens preguntem si estem a l&#8217;altura del que suposa aquest projecte, per\u00f2 tot i aix\u00ed, &hellip; <\/p>\n<p class=\"link-more\"><a href=\"\/turocaritg2025\/per-mantenir-lequilibri-has-de-seguir-endavant\/\" class=\"more-link\">Continua llegint <span class=\"screen-reader-text\">\u00abPer mantenir l&#8217;equilibri, has de seguir endavant\u00bb<\/span><\/a><\/p>\n","protected":false},"author":13,"featured_media":0,"comment_status":"open","ping_status":"open","sticky":false,"template":"","format":"standard","meta":{"footnotes":""},"categories":[1],"tags":[],"class_list":["post-413","post","type-post","status-publish","format-standard","hentry","category-general"],"_links":{"self":[{"href":"\/turocaritg2025\/wp-json\/wp\/v2\/posts\/413","targetHints":{"allow":["GET"]}}],"collection":[{"href":"\/turocaritg2025\/wp-json\/wp\/v2\/posts"}],"about":[{"href":"\/turocaritg2025\/wp-json\/wp\/v2\/types\/post"}],"author":[{"embeddable":true,"href":"\/turocaritg2025\/wp-json\/wp\/v2\/users\/13"}],"replies":[{"embeddable":true,"href":"\/turocaritg2025\/wp-json\/wp\/v2\/comments?post=413"}],"version-history":[{"count":1,"href":"\/turocaritg2025\/wp-json\/wp\/v2\/posts\/413\/revisions"}],"predecessor-version":[{"id":414,"href":"\/turocaritg2025\/wp-json\/wp\/v2\/posts\/413\/revisions\/414"}],"wp:attachment":[{"href":"\/turocaritg2025\/wp-json\/wp\/v2\/media?parent=413"}],"wp:term":[{"taxonomy":"category","embeddable":true,"href":"\/turocaritg2025\/wp-json\/wp\/v2\/categories?post=413"},{"taxonomy":"post_tag","embeddable":true,"href":"\/turocaritg2025\/wp-json\/wp\/v2\/tags?post=413"}],"curies":[{"name":"wp","href":"https:\/\/api.w.org\/{rel}","templated":true}]}}